{"id":70602,"date":"2020-08-20T11:25:45","date_gmt":"2020-08-20T09:25:45","guid":{"rendered":"https:\/\/www.fisifvg.org\/?p=70602"},"modified":"2020-08-20T11:25:45","modified_gmt":"2020-08-20T09:25:45","slug":"sport-salute-e-alimentazione-con-le-attivita-promosse-da-slow-food","status":"publish","type":"post","link":"https:\/\/comitati.fisi.org\/friuli-venezia-giulia\/blog\/2020\/08\/20\/sport-salute-e-alimentazione-con-le-attivita-promosse-da-slow-food\/","title":{"rendered":"Sport, salute e alimentazione con le attivit\u00e0 promosse da Slow Food"},"content":{"rendered":"<p>La condotta Slow Food &#8220;Gianni Cosetti &#8211; Carnia e Tarvisiano&#8221; propone la presentazione del progetto \u201cIn Campo Assieme\u201d, orientato alla promozione, nel rispetto delle pari opportunit\u00e0, di interventi diretti a diffondere l&#8217;attivit\u00e0 motoria ed educazione alimentare come mezzo efficace di prevenzione, mantenimento e recupero della<br \/>\nsalute fisica e psichica, nonch\u00e8 quale opportunit\u00e0 educativa per i minori (nati fra il 2005 e il 2014) a rischio di obesit\u00e0 e devianza.<\/p>\n<p>L&#8217;appuntamento \u00e8 per<strong> luned\u00ec 24 agosto<\/strong> alle ore 18.30 presso la sala conferenze dell&#8217;UTI della Carnia in via Carnia Libera 1944 n.29 a <strong>Tolmezzo.<\/strong><\/p>\n<p><strong>Le attivit\u00e0 ludico-motorie e di educazione alimentare si svolgeranno dal 31 agosto all&#8217;11 settembre a Tolmezzo, Ovaro, Sutrio, Ampezzo, Gemona e Tarvisio.<br \/>\n<\/strong><br \/>\nIl progetto sperimentale indica Il tipo di attivit\u00e0 sportive proposte; educazione alimentare; le misure organizzative, igienico-sanitarie e ai comportamenti individuali volti al contenimento della diffusione del contagio da Covid-19; le finalit\u00e0 del tipo di attivit\u00e0 sull&#8217;utenza stabilita; le fasi, i tempi del percorso di lavoro; il contesto, i luoghi in cui si svolgeranno le attivit\u00e0, con indicazione degli impianti sportivi disponibili per lo svolgimento delle stesse; gli operatori qualificati per lo svolgimento delle attivit\u00e0 motorie; i risultati attesi; le verifiche del progetto; l&#8217;eventuale consolidamento del progetto nel periodo invernale.<\/p>\n<p><strong>Iscrizioni aperte fino a venerd\u00ec 21 agosto<\/strong>. Per info contattare il 328\/2155654 oppure inviare una mail a<br \/>\n<a href=\"mailto:slowfoodcarniatarvisiano@gmail.com\">slowfoodcarniatarvisiano@gmail.com<\/a>.<\/p>\n<p><a href=\"http:\/\/comitati.fisi.org\/friuli-venezia-giulia\/wp-content\/uploads\/sites\/34\/2020\/08\/LOCANDINA.pdf\">-LOCANDINA<\/a><br \/>\n<a href=\"https:\/\/www.fisifvg.org\/wp-content\/uploads\/2020\/08\/IN_CAMPO_ASSIEME_presentazione.pdf\">-PRESENTAZIONE &#8220;IN CAMPO ASSIEME&#8221;<\/a><br \/>\n<a href=\"http:\/\/comitati.fisi.org\/friuli-venezia-giulia\/wp-content\/uploads\/sites\/34\/2020\/08\/Invito-presentazione-del-progetto.pdf\">-INVITO PRESENTAZIONE PROGETTO<\/a><\/p>\n","protected":false},"excerpt":{"rendered":"<p>La condotta &#8220;Gianni Cosetti &#8211; Carnia e Tarvisiano&#8221; propone luned\u00ec 24 a Tolmezzo la presentazione del progetto \u201cIn Campo Assieme\u201d<\/p>\n","protected":false},"author":4,"featured_media":70603,"comment_status":"closed","ping_status":"closed","sticky":false,"template":"","format":"standard","meta":{"_acf_changed":false,"footnotes":""},"categories":[17],"tags":[],"acf":[],"_links":{"self":[{"href":"https:\/\/comitati.fisi.org\/friuli-venezia-giulia\/wp-json\/wp\/v2\/posts\/70602"}],"collection":[{"href":"https:\/\/comitati.fisi.org\/friuli-venezia-giulia\/wp-json\/wp\/v2\/posts"}],"about":[{"href":"https:\/\/comitati.fisi.org\/friuli-venezia-giulia\/wp-json\/wp\/v2\/types\/post"}],"author":[{"embeddable":true,"href":"https:\/\/comitati.fisi.org\/friuli-venezia-giulia\/wp-json\/wp\/v2\/users\/4"}],"replies":[{"embeddable":true,"href":"https:\/\/comitati.fisi.org\/friuli-venezia-giulia\/wp-json\/wp\/v2\/comments?post=70602"}],"version-history":[{"count":0,"href":"https:\/\/comitati.fisi.org\/friuli-venezia-giulia\/wp-json\/wp\/v2\/posts\/70602\/revisions"}],"wp:featuredmedia":[{"embeddable":true,"href":"https:\/\/comitati.fisi.org\/friuli-venezia-giulia\/wp-json\/wp\/v2\/media\/70603"}],"wp:attachment":[{"href":"https:\/\/comitati.fisi.org\/friuli-venezia-giulia\/wp-json\/wp\/v2\/media?parent=70602"}],"wp:term":[{"taxonomy":"category","embeddable":true,"href":"https:\/\/comitati.fisi.org\/friuli-venezia-giulia\/wp-json\/wp\/v2\/categories?post=70602"},{"taxonomy":"post_tag","embeddable":true,"href":"https:\/\/comitati.fisi.org\/friuli-venezia-giulia\/wp-json\/wp\/v2\/tags?post=70602"}],"curies":[{"name":"wp","href":"https:\/\/api.w.org\/{rel}","templated":true}]}}