{"id":70589,"date":"2020-08-19T10:51:30","date_gmt":"2020-08-19T08:51:30","guid":{"rendered":"https:\/\/www.fisifvg.org\/?p=70589"},"modified":"2020-08-19T10:51:30","modified_gmt":"2020-08-19T08:51:30","slug":"serie-di-test-a-schia-per-anziutti-e-gli-altri-azzurri-dello-sci-derba","status":"publish","type":"post","link":"https:\/\/comitati.fisi.org\/friuli-venezia-giulia\/blog\/2020\/08\/19\/serie-di-test-a-schia-per-anziutti-e-gli-altri-azzurri-dello-sci-derba\/","title":{"rendered":"Serie di test a Schia per Anziutti e gli altri azzurri dello sci d&#8217;erba"},"content":{"rendered":"<p>Si divide in due gruppi il <strong>team azzurro dello sci d&#8217;erba,<\/strong> costretto forzatamente a svolgere solamente allenamenti per l&#8217;impossibilit\u00e0 causa Covid-19 a prendere parte alle gare stagionali che erano inizialmente programmate e che sono state cancellate dalla Fis. Il direttore tecnico Fausto Cerentin ha convocato a Tambre (Bl) da gioved\u00ec 20 a domenica 23 agosto i seguenti atleti: Nicol\u00f2 Schiavetti, Edoardo Frau, Davide Saviane, Nicol\u00f2 Libardoni, Alessandro Martinelli, Ambra Gasperi e Margherita Mazzoncini, accompagnati dal tecnico Roberto Parisi.<\/p>\n<p>Un&#8217;altra parte si diriger\u00e0 invece verso Schia (Pr) per una serie di test da venerd\u00ec 21 a domenica 23 agosto con <strong>Nicholas Anziutti (nella foto),<\/strong> Daniele Buio, Roberto Cerentin, Alex Galler, Otto Pasini e Giorgia Rosita Grassi, seguiti dall&#8217;allenatore Gualtiero Guenza.<\/p>\n","protected":false},"excerpt":{"rendered":"<p>In questa stagione ci sono solo allenamenti per l&#8217;impossibilit\u00e0 causa Covid-19 a prendere parte alle gare inizialmente programmate<\/p>\n","protected":false},"author":4,"featured_media":60278,"comment_status":"closed","ping_status":"closed","sticky":false,"template":"","format":"standard","meta":{"_acf_changed":false,"footnotes":""},"categories":[35,17],"tags":[],"acf":[],"_links":{"self":[{"href":"https:\/\/comitati.fisi.org\/friuli-venezia-giulia\/wp-json\/wp\/v2\/posts\/70589"}],"collection":[{"href":"https:\/\/comitati.fisi.org\/friuli-venezia-giulia\/wp-json\/wp\/v2\/posts"}],"about":[{"href":"https:\/\/comitati.fisi.org\/friuli-venezia-giulia\/wp-json\/wp\/v2\/types\/post"}],"author":[{"embeddable":true,"href":"https:\/\/comitati.fisi.org\/friuli-venezia-giulia\/wp-json\/wp\/v2\/users\/4"}],"replies":[{"embeddable":true,"href":"https:\/\/comitati.fisi.org\/friuli-venezia-giulia\/wp-json\/wp\/v2\/comments?post=70589"}],"version-history":[{"count":0,"href":"https:\/\/comitati.fisi.org\/friuli-venezia-giulia\/wp-json\/wp\/v2\/posts\/70589\/revisions"}],"wp:featuredmedia":[{"embeddable":true,"href":"https:\/\/comitati.fisi.org\/friuli-venezia-giulia\/wp-json\/wp\/v2\/media\/60278"}],"wp:attachment":[{"href":"https:\/\/comitati.fisi.org\/friuli-venezia-giulia\/wp-json\/wp\/v2\/media?parent=70589"}],"wp:term":[{"taxonomy":"category","embeddable":true,"href":"https:\/\/comitati.fisi.org\/friuli-venezia-giulia\/wp-json\/wp\/v2\/categories?post=70589"},{"taxonomy":"post_tag","embeddable":true,"href":"https:\/\/comitati.fisi.org\/friuli-venezia-giulia\/wp-json\/wp\/v2\/tags?post=70589"}],"curies":[{"name":"wp","href":"https:\/\/api.w.org\/{rel}","templated":true}]}}