{"id":70579,"date":"2020-08-20T11:18:00","date_gmt":"2020-08-20T09:18:00","guid":{"rendered":"https:\/\/www.fisifvg.org\/?p=70579"},"modified":"2020-08-20T11:18:00","modified_gmt":"2020-08-20T09:18:00","slug":"i-4-saltatori-combinatisti-azzurri-fvg-si-spostano-in-germania","status":"publish","type":"post","link":"https:\/\/comitati.fisi.org\/friuli-venezia-giulia\/blog\/2020\/08\/20\/i-4-saltatori-combinatisti-azzurri-fvg-si-spostano-in-germania\/","title":{"rendered":"I 4 saltatori\/combinatisti azzurri FVG si spostano in Germania"},"content":{"rendered":"<p>Le<strong> squadre C e interesse nazionale di salto e combinata nordica <\/strong>sono chiamate per il raduno da venerd\u00ec 21 a marted\u00ec 25 agosto nella localit\u00e0 tedesca di Berchtesgaden, con<strong> Greta Pinzani <em>(quinta da sinistra accosciata nella foto)<\/em><em>,<\/em> Martina Zanitzer (<em>quarta da sinistra accosciata nella foto)<\/em><em>, <\/em><\/strong>Camilla Comazzi, Asia Marcato, <strong>Noelia Vuerich <em>(terza da sinistra accosciata nella foto)<\/em><\/strong><em>,<\/em> Manuel Senoner, Bryan Venturini, Luca Libener, Davide Moraschini e <strong>Martino Zambenedetti <em>(secondo da destra in piedi\u00a0nella foto)<\/em><em>, <\/em><\/strong>agli ordini degli allenatori Stefano Comazzi, <strong>Roberto Cecon (<em>secondo da destra accosciato nella foto)<\/em><em>, <\/em><\/strong> ed Enrico Nizzi.<\/p>\n","protected":false},"excerpt":{"rendered":"<p>Pinzani, Zanitzer, Vuerich e Zambenedetti si alleneranno da venerd\u00ec 21 a Berchtesgaden<\/p>\n","protected":false},"author":4,"featured_media":70580,"comment_status":"closed","ping_status":"closed","sticky":false,"template":"","format":"standard","meta":{"_acf_changed":false,"footnotes":""},"categories":[14,10,12],"tags":[],"acf":[],"_links":{"self":[{"href":"https:\/\/comitati.fisi.org\/friuli-venezia-giulia\/wp-json\/wp\/v2\/posts\/70579"}],"collection":[{"href":"https:\/\/comitati.fisi.org\/friuli-venezia-giulia\/wp-json\/wp\/v2\/posts"}],"about":[{"href":"https:\/\/comitati.fisi.org\/friuli-venezia-giulia\/wp-json\/wp\/v2\/types\/post"}],"author":[{"embeddable":true,"href":"https:\/\/comitati.fisi.org\/friuli-venezia-giulia\/wp-json\/wp\/v2\/users\/4"}],"replies":[{"embeddable":true,"href":"https:\/\/comitati.fisi.org\/friuli-venezia-giulia\/wp-json\/wp\/v2\/comments?post=70579"}],"version-history":[{"count":0,"href":"https:\/\/comitati.fisi.org\/friuli-venezia-giulia\/wp-json\/wp\/v2\/posts\/70579\/revisions"}],"wp:featuredmedia":[{"embeddable":true,"href":"https:\/\/comitati.fisi.org\/friuli-venezia-giulia\/wp-json\/wp\/v2\/media\/70580"}],"wp:attachment":[{"href":"https:\/\/comitati.fisi.org\/friuli-venezia-giulia\/wp-json\/wp\/v2\/media?parent=70579"}],"wp:term":[{"taxonomy":"category","embeddable":true,"href":"https:\/\/comitati.fisi.org\/friuli-venezia-giulia\/wp-json\/wp\/v2\/categories?post=70579"},{"taxonomy":"post_tag","embeddable":true,"href":"https:\/\/comitati.fisi.org\/friuli-venezia-giulia\/wp-json\/wp\/v2\/tags?post=70579"}],"curies":[{"name":"wp","href":"https:\/\/api.w.org\/{rel}","templated":true}]}}