{"id":70573,"date":"2020-08-17T10:03:51","date_gmt":"2020-08-17T08:03:51","guid":{"rendered":"https:\/\/www.fisifvg.org\/?p=70573"},"modified":"2020-08-17T10:03:51","modified_gmt":"2020-08-17T08:03:51","slug":"settimana-di-sciate-sullo-stelvio-per-lara-della-mea","status":"publish","type":"post","link":"https:\/\/comitati.fisi.org\/friuli-venezia-giulia\/blog\/2020\/08\/17\/settimana-di-sciate-sullo-stelvio-per-lara-della-mea\/","title":{"rendered":"Settimana di sciate sullo Stelvio per Lara Della Mea"},"content":{"rendered":"<p>Settimana di allenamento sulla neve per tutte le squadre femminili di Coppa del mondo di sci alpino. Il gruppo Elite composto da Marta Bassino, Federica Brignone e Sofia Goggia si cimenter\u00e0 da mercoled\u00ec 19 a mercoled\u00ec 26 agosto sul ghiacciaio di Breuil Cervinia (Ao) con il direttore tecnico Gianluca Rulfi e i tecnici Marcello Tavola e Daniele Simoncelli. Insieme a loro ci saranno anche le componenti del gruppo polivalenti e parliamo di Elena Curtoni, Nadia Delago, Nicol Delago, Verena Gasslitter, Francesca Marsaglia, Roberta Melesi e Laura Pirovano con l&#8217;allenatore responsabile Giovanni Feltrin e i tecnici Paolo Deflorian, Paolo Stefanini e Luca Scarian.<\/p>\n<p>Le <strong>slalomiste<\/strong> continueranno invece a sciare sul ghiacciaio del Passo dello Stelvio da marted\u00ec 18 a sabato 22 agosto con Irene Curtoni, <strong>Lara Della Mea<em> (nella foto),<\/em><\/strong> Marta Rossetti e Martina Peterlini, seguite dall&#8217;allenatore responsabile Matteo Guadagnini e dal tecnico Davide Marchetti.<\/p>\n","protected":false},"excerpt":{"rendered":"<p>Le squadre azzurre di sci alpino si allenano sul ghiacciaio<\/p>\n","protected":false},"author":4,"featured_media":64204,"comment_status":"closed","ping_status":"closed","sticky":false,"template":"","format":"standard","meta":{"_acf_changed":false,"footnotes":""},"categories":[10,15],"tags":[],"acf":[],"_links":{"self":[{"href":"https:\/\/comitati.fisi.org\/friuli-venezia-giulia\/wp-json\/wp\/v2\/posts\/70573"}],"collection":[{"href":"https:\/\/comitati.fisi.org\/friuli-venezia-giulia\/wp-json\/wp\/v2\/posts"}],"about":[{"href":"https:\/\/comitati.fisi.org\/friuli-venezia-giulia\/wp-json\/wp\/v2\/types\/post"}],"author":[{"embeddable":true,"href":"https:\/\/comitati.fisi.org\/friuli-venezia-giulia\/wp-json\/wp\/v2\/users\/4"}],"replies":[{"embeddable":true,"href":"https:\/\/comitati.fisi.org\/friuli-venezia-giulia\/wp-json\/wp\/v2\/comments?post=70573"}],"version-history":[{"count":0,"href":"https:\/\/comitati.fisi.org\/friuli-venezia-giulia\/wp-json\/wp\/v2\/posts\/70573\/revisions"}],"wp:featuredmedia":[{"embeddable":true,"href":"https:\/\/comitati.fisi.org\/friuli-venezia-giulia\/wp-json\/wp\/v2\/media\/64204"}],"wp:attachment":[{"href":"https:\/\/comitati.fisi.org\/friuli-venezia-giulia\/wp-json\/wp\/v2\/media?parent=70573"}],"wp:term":[{"taxonomy":"category","embeddable":true,"href":"https:\/\/comitati.fisi.org\/friuli-venezia-giulia\/wp-json\/wp\/v2\/categories?post=70573"},{"taxonomy":"post_tag","embeddable":true,"href":"https:\/\/comitati.fisi.org\/friuli-venezia-giulia\/wp-json\/wp\/v2\/tags?post=70573"}],"curies":[{"name":"wp","href":"https:\/\/api.w.org\/{rel}","templated":true}]}}