{"id":70543,"date":"2020-08-10T13:16:13","date_gmt":"2020-08-10T11:16:13","guid":{"rendered":"https:\/\/www.fisifvg.org\/?p=70543"},"modified":"2020-08-10T13:16:13","modified_gmt":"2020-08-10T11:16:13","slug":"lele-buzzi-lavoro-proficuo-nella-struttura-coperta-di-landgraaf","status":"publish","type":"post","link":"https:\/\/comitati.fisi.org\/friuli-venezia-giulia\/blog\/2020\/08\/10\/lele-buzzi-lavoro-proficuo-nella-struttura-coperta-di-landgraaf\/","title":{"rendered":"Lele Buzzi: \u00abLavoro proficuo nella struttura coperta di Landgraaf\u00bb"},"content":{"rendered":"<p><em>&#8220;Sciare al coperto, in pieno agosto, non \u00e8 proprio la stessa cosa che sciare in ghiacciaio. Ma questi tre giorni di lavoro nella struttura \u201cSnowWorld\u201d\u00a0 di Landgraaf, pur inusuali per me, sono stati proficui&#8221;.<\/em><br \/>\nCos\u00ec scrive <strong>Emanuele Buzzi<\/strong> sul suo sito.<\/p>\n<p><em>&#8220;Con gli altri azzurri della velocit\u00e0 abbiamo fatto un lavoro diverso dal solito, un lavoro specifico di base, ad alta intensit\u00e0 anche se a bassa velocit\u00e0, che serve come richiamo dei fondamentali e che serve per continuare a migliorare in quelle che sono le mie discipline&#8221;,<\/em> conclude il sappadino.<\/p>\n<p><em><strong>(nella foto Buzzi all&#8217;interno della struttura coperta olandese)<\/strong><\/em><\/p>\n","protected":false},"excerpt":{"rendered":"<p>&#8220;Con gli altri azzurri della velocit\u00e0 abbiamo fatto un lavoro diverso dal solito&#8221;, aggiunge il sappadino<\/p>\n","protected":false},"author":4,"featured_media":70547,"comment_status":"closed","ping_status":"closed","sticky":false,"template":"","format":"standard","meta":{"_acf_changed":false,"footnotes":""},"categories":[10,15],"tags":[],"acf":[],"_links":{"self":[{"href":"https:\/\/comitati.fisi.org\/friuli-venezia-giulia\/wp-json\/wp\/v2\/posts\/70543"}],"collection":[{"href":"https:\/\/comitati.fisi.org\/friuli-venezia-giulia\/wp-json\/wp\/v2\/posts"}],"about":[{"href":"https:\/\/comitati.fisi.org\/friuli-venezia-giulia\/wp-json\/wp\/v2\/types\/post"}],"author":[{"embeddable":true,"href":"https:\/\/comitati.fisi.org\/friuli-venezia-giulia\/wp-json\/wp\/v2\/users\/4"}],"replies":[{"embeddable":true,"href":"https:\/\/comitati.fisi.org\/friuli-venezia-giulia\/wp-json\/wp\/v2\/comments?post=70543"}],"version-history":[{"count":0,"href":"https:\/\/comitati.fisi.org\/friuli-venezia-giulia\/wp-json\/wp\/v2\/posts\/70543\/revisions"}],"wp:featuredmedia":[{"embeddable":true,"href":"https:\/\/comitati.fisi.org\/friuli-venezia-giulia\/wp-json\/wp\/v2\/media\/70547"}],"wp:attachment":[{"href":"https:\/\/comitati.fisi.org\/friuli-venezia-giulia\/wp-json\/wp\/v2\/media?parent=70543"}],"wp:term":[{"taxonomy":"category","embeddable":true,"href":"https:\/\/comitati.fisi.org\/friuli-venezia-giulia\/wp-json\/wp\/v2\/categories?post=70543"},{"taxonomy":"post_tag","embeddable":true,"href":"https:\/\/comitati.fisi.org\/friuli-venezia-giulia\/wp-json\/wp\/v2\/tags?post=70543"}],"curies":[{"name":"wp","href":"https:\/\/api.w.org\/{rel}","templated":true}]}}