{"id":70510,"date":"2020-08-04T10:49:40","date_gmt":"2020-08-04T08:49:40","guid":{"rendered":"https:\/\/www.fisifvg.org\/?p=70510"},"modified":"2020-08-04T10:49:40","modified_gmt":"2020-08-04T08:49:40","slug":"cattive-notizie-per-anziutti-cancellata-la-coppa-del-mondo-di-sci-derba-2020","status":"publish","type":"post","link":"https:\/\/comitati.fisi.org\/friuli-venezia-giulia\/blog\/2020\/08\/04\/cattive-notizie-per-anziutti-cancellata-la-coppa-del-mondo-di-sci-derba-2020\/","title":{"rendered":"Cattive notizie per Anziutti, cancellata la Coppa del Mondo di sci d&#8217;erba 2020"},"content":{"rendered":"<p>La riunione della commissione Fis dello sci d&#8217;erba tenutasi in videoconferenza ha deciso definitivamente di non effettuare per questa stagione alcuna gara di Coppa del Mondo (erano sei le tappe fissate per un totale di quattordici competizioni) e nemmeno i Campionati Mondiali juniores, che avrebbero dovuto disputarsi inizialmente a Madarao, in Giappone.<\/p>\n<p>Resta la possibilit\u00e0 di effettuare gare FIS nel mese di settembre ed ottobre (attualmente in calendario ci sono due eventi in Repubblica Ceca), tuttavia la decisione definitiva verr\u00e0 presa nel corso della prossima riunione della Commissione che si terr\u00e0 gioved\u00ec 20 agosto.<\/p>\n<p>Ricordiamo che alle garedi Coppa del Mondo avrebbe dovuto partecipare, come accade ormai da molti anni, <strong>Nicholas Anziutti della Fornese<em> (nella foto).<\/em><\/strong><\/p>\n","protected":false},"excerpt":{"rendered":"<p>Resta la possibilit\u00e0 di effettuare gare FIS nel mese di settembre ed ottobre<\/p>\n","protected":false},"author":4,"featured_media":60374,"comment_status":"closed","ping_status":"closed","sticky":false,"template":"","format":"standard","meta":{"_acf_changed":false,"footnotes":""},"categories":[10,35,17],"tags":[],"acf":[],"_links":{"self":[{"href":"https:\/\/comitati.fisi.org\/friuli-venezia-giulia\/wp-json\/wp\/v2\/posts\/70510"}],"collection":[{"href":"https:\/\/comitati.fisi.org\/friuli-venezia-giulia\/wp-json\/wp\/v2\/posts"}],"about":[{"href":"https:\/\/comitati.fisi.org\/friuli-venezia-giulia\/wp-json\/wp\/v2\/types\/post"}],"author":[{"embeddable":true,"href":"https:\/\/comitati.fisi.org\/friuli-venezia-giulia\/wp-json\/wp\/v2\/users\/4"}],"replies":[{"embeddable":true,"href":"https:\/\/comitati.fisi.org\/friuli-venezia-giulia\/wp-json\/wp\/v2\/comments?post=70510"}],"version-history":[{"count":0,"href":"https:\/\/comitati.fisi.org\/friuli-venezia-giulia\/wp-json\/wp\/v2\/posts\/70510\/revisions"}],"wp:featuredmedia":[{"embeddable":true,"href":"https:\/\/comitati.fisi.org\/friuli-venezia-giulia\/wp-json\/wp\/v2\/media\/60374"}],"wp:attachment":[{"href":"https:\/\/comitati.fisi.org\/friuli-venezia-giulia\/wp-json\/wp\/v2\/media?parent=70510"}],"wp:term":[{"taxonomy":"category","embeddable":true,"href":"https:\/\/comitati.fisi.org\/friuli-venezia-giulia\/wp-json\/wp\/v2\/categories?post=70510"},{"taxonomy":"post_tag","embeddable":true,"href":"https:\/\/comitati.fisi.org\/friuli-venezia-giulia\/wp-json\/wp\/v2\/tags?post=70510"}],"curies":[{"name":"wp","href":"https:\/\/api.w.org\/{rel}","templated":true}]}}