{"id":70481,"date":"2020-09-16T11:15:33","date_gmt":"2020-09-16T09:15:33","guid":{"rendered":"https:\/\/www.fisifvg.org\/?p=70481"},"modified":"2020-09-16T11:15:33","modified_gmt":"2020-09-16T09:15:33","slug":"iosonofisifvg-maria-gismondi","status":"publish","type":"post","link":"https:\/\/comitati.fisi.org\/friuli-venezia-giulia\/blog\/2020\/09\/16\/iosonofisifvg-maria-gismondi\/","title":{"rendered":"#IoSonoFisiFvg \u2013 MARIA GISMONDI"},"content":{"rendered":"<p>Tra marzo e maggio abbiamo proposto una rubrica,\u00a0<strong>#IoSonoFisiFvg,<\/strong>\u00a0che ha consentito di conoscere meglio gli atleti delle squadre di Comitato FISI FVG 2019-2020.<strong><br \/>\n<\/strong>Ora \u00e8 tempo anche di saperne di pi\u00f9 sui\u00a0<strong>volti nuovi inseriti in squadra nella stagione 2020-2021.<\/strong><br \/>\nOggi spazio alla fondista <strong>Maria Gismondi<\/strong>.<\/p>\n<p><span style=\"color: #ffffff\">.<\/span><br \/>\n<strong>Sci Club:<\/strong> Bachmann Sport College<br \/>\n<strong>Dove vivi?<\/strong>\u00a0Subiaco, un paese in provincia di Roma<br \/>\n<strong>A che et\u00e0 hai messo per la prima volta gli sci ai piedi?<\/strong> A 6 anni<br \/>\n<strong>Ti \u00e8 piaciuto subito?<\/strong>\u00a0\u00c8 stato amore a prima vista<br \/>\n<strong>Hai praticato altre discipline invernali?<\/strong> No<\/p>\n<div id=\"attachment_70506\" style=\"width: 410px\" class=\"wp-caption alignleft\"><a href=\"http:\/\/comitati.fisi.org\/friuli-venezia-giulia\/wp-content\/uploads\/sites\/34\/2020\/07\/Therese-Johaug.jpg\"><img loading=\"lazy\" decoding=\"async\" aria-describedby=\"caption-attachment-70506\" class=\"wp-image-70506\" src=\"http:\/\/comitati.fisi.org\/friuli-venezia-giulia\/wp-content\/uploads\/sites\/34\/2020\/07\/Therese-Johaug-400x400.jpg\" alt=\"\" width=\"400\" height=\"364\" \/><\/a><p id=\"caption-attachment-70506\" class=\"wp-caption-text\">Therese Johaug<\/p><\/div>\n<p><strong>Ti ricordi la prima gara?<\/strong> No, ma sicuramente ero super eccitata<br \/>\n<strong>Chi \u00e8 il tuo allenatore?<\/strong> Mariano Malfitana e Francesco Silverio: sono entrambi molto bravi e ci fanno lavorare bene, seguendoci ogni giorno con impegno e passione.<br \/>\n<strong>Dove credi di dover migliorare?<\/strong> Devo crescere molto nella tecnica e nell\u2019approccio psicologico alla gara<br \/>\n<strong>Qual \u00e8 la pista pi\u00f9 bella nella quale hai gareggiato?<\/strong> Riale, in Val Formazza<br \/>\n<strong>E quello nel quale un giorno vorresti correre?<\/strong> Sul tracciato della 30 km di Oslo-Holmenkollen, in Norvegia<br \/>\n<strong>La miglior gara della tua vita quando e dove \u00e8 stata?<\/strong> Non ho una vera miglior gara, ma una che mi \u00e9 rimasta nel cuore \u00e8 stata quella di Riale nel 2019, quando ho fatto il mio primo podio in Coppa Italia<br \/>\n<strong>Chi \u00e8 l\u2019amico del cuore?<\/strong> Beatrice Ferrari, la mia compagna di stanza e di allenamenti<br \/>\n<strong>Qual \u00e8 il tuo idolo, d\u2019infanzia e\/o attuale?<\/strong> Ne ho due in particolare: Marit Bjorgen e Therese Johaug<br \/>\n<strong>\u00c8 possibile collimare scuola e sport?<\/strong> Si, con un po\u2019 d\u2019impegno tutto \u00e8 possibile<br \/>\n<strong>Cos\u2019\u00e8 per te lo sci?<\/strong>\u00a0\u00c8 la mia vita, la mia passione pi\u00f9 grande, \u00e8 qualcosa di inspiegabile<br \/>\n<strong>Nel futuro ti vedi atleta, allenatrice o semplice appassionata?<\/strong> Atleta<\/p>\n<div id=\"attachment_70507\" style=\"width: 244px\" class=\"wp-caption alignright\"><a href=\"http:\/\/comitati.fisi.org\/friuli-venezia-giulia\/wp-content\/uploads\/sites\/34\/2020\/07\/Dylan-OBrien.jpg\"><img loading=\"lazy\" decoding=\"async\" aria-describedby=\"caption-attachment-70507\" class=\"wp-image-70507\" src=\"http:\/\/comitati.fisi.org\/friuli-venezia-giulia\/wp-content\/uploads\/sites\/34\/2020\/07\/Dylan-OBrien-400x400.jpg\" alt=\"\" width=\"234\" height=\"300\" \/><\/a><p id=\"caption-attachment-70507\" class=\"wp-caption-text\">Dylan O&#8217;Brien<\/p><\/div>\n<p><strong>Il classico sogno nel cassetto?<\/strong> Sicuramente entrare in un gruppo sportivo e partecipare alle Olimpiadi e ai Mondiali<br \/>\n<strong>Musica preferita?<\/strong> Ascolto un po\u2019 di tutto e non ho un genere preferito<br \/>\n<strong>Serie tv preferita?<\/strong> &#8220;Teen Wolf&#8221;<br \/>\n<strong>Film preferito?<\/strong> La saga di &#8220;Harry Potter&#8221;<br \/>\n<strong>Attore preferito?<\/strong> Dylan O&#8217;Brien, l&#8217;interprete di Stiles Stilinski in &#8220;Teen Wolf&#8221;<br \/>\n<strong>Sport extrasci preferito?<\/strong> Senza dubbio la corsa in montagna<br \/>\n<strong>Hai qualche hobby<\/strong>? Curare il terreno di casa<br \/>\n<strong>Social preferito<\/strong>?\u00a0Instagram<br \/>\n<strong>Il luogo pi\u00f9 bello che hai visitato?<\/strong> Capri<br \/>\n<strong>Vorresti fare una vacanza a<\/strong>: Trondheim, in Norvegia<\/p>\n<p><strong>\u00a0<\/strong><\/p>\n<p><strong>LEGGI LE ALTRE SCHEDE<\/strong><\/p>\n<p><a href=\"https:\/\/www.fisifvg.org\/2020\/08\/22\/iosonofisifvg-luca-quinz\/\">LUCA QUINZ<\/a><br \/>\n<a href=\"https:\/\/www.fisifvg.org\/2020\/09\/05\/iosonofisifvg-giada-monegato\/\">GIADA MONEGATO<\/a><br \/>\n<a href=\"https:\/\/www.fisifvg.org\/2020\/09\/02\/iosonofisifvg-mattia-del-torre\/\">MATTIA DEL TORRE<\/a><br \/>\n<a href=\"https:\/\/www.fisifvg.org\/2020\/08\/24\/iosonofisifvg-alessandro-bellemo\/\">ALESSANDRO BELLEMO<\/a><br \/>\n<a href=\"https:\/\/www.fisifvg.org\/2020\/08\/21\/iosonofisifvg-francesco-la-grassa\/\">FRANCESCO LA GRASSA<\/a><br \/>\n<a href=\"https:\/\/www.fisifvg.org\/2020\/08\/18\/iosonofisifvg-nicolas-ribbi\/\">NICOLAS RIBBI<\/a><br \/>\n<a href=\"https:\/\/www.fisifvg.org\/2020\/08\/14\/iosonofisifvg-giulia-federicis\/\">GIULIA FEDERICIS<\/a><br \/>\n<a href=\"https:\/\/www.fisifvg.org\/2020\/08\/12\/iosonofisifvg-marco-gaudenzio\/\">MARCO GAUDENZIO<\/a><br \/>\n<a href=\"https:\/\/www.fisifvg.org\/2020\/08\/09\/iosonofisifvg-giacomo-tarussio\/\">GIACOMO TARUSSIO<\/a><br \/>\n<a href=\"https:\/\/www.fisifvg.org\/2020\/08\/06\/iosonofisifvg-sofia-colombo\/\">SOFIA COLOMBO<\/a><br \/>\n<a href=\"https:\/\/www.fisifvg.org\/2020\/07\/31\/iosonofisifvg-daniele-cochetti\/\">DANIELE COCHETTI<\/a><br \/>\n<a href=\"https:\/\/www.fisifvg.org\/2020\/07\/29\/iosonofisifvg-francesca-tessarolo\/\">FRANCESCA TESSAROLO<\/a><br \/>\n<a href=\"https:\/\/www.fisifvg.org\/2020\/07\/24\/iosonofisifvg-beatrice-costato\/\">BEATRICE COSTATO<\/a><\/p>\n<p><a href=\"https:\/\/www.fisifvg.org\/2020\/05\/17\/iosonofisifvg-luca-kerer\/\">LUCA KERER<\/a><br \/>\n<a href=\"https:\/\/www.fisifvg.org\/2020\/05\/14\/iosonofisifvg-alex-ostolidi\/\">ALEX OSTOLIDI<\/a><br \/>\n<a href=\"https:\/\/www.fisifvg.org\/2020\/05\/12\/iosonofisifvg-serena-del-fabbro\/\">SERENA DEL FABBRO<\/a><br \/>\n<a href=\"https:\/\/www.fisifvg.org\/2020\/05\/11\/iosonofisifvg-anna-dosso\/\">ANNA DOSSO<\/a><br \/>\n<a href=\"https:\/\/www.fisifvg.org\/2020\/05\/10\/iosonofisifvg-alberto-benedetti\/\">ALBERTO BENEDETTI<\/a><br \/>\n<a href=\"https:\/\/www.fisifvg.org\/2020\/05\/08\/iosonofisifvg-ludovica-del-bianco\/\">LUDOVICA DEL BIANCO<\/a><br \/>\n<a href=\"https:\/\/www.fisifvg.org\/2020\/05\/06\/iosonofisifvg-ilaria-scattolo\/\">ILARIA SCATTOLO<\/a><br \/>\n<a href=\"https:\/\/www.fisifvg.org\/2020\/05\/05\/iosonofisifvg-davide-graz\/\">DAVIDE GRAZ<\/a><br \/>\n<a href=\"https:\/\/www.fisifvg.org\/2020\/05\/03\/iosonofisifvg-andrea-gartner\/\">ANDREA GARTNER<\/a><br \/>\n<a href=\"https:\/\/www.fisifvg.org\/2020\/05\/02\/iosonofisifvg-giacomo-vidoni\/\">GIACOMO VIDONI<\/a><br \/>\n<a href=\"https:\/\/www.fisifvg.org\/2020\/04\/30\/iosonofisifvg-pietro-pallober\/\">PIETRO PALLOBER<\/a><br \/>\n<a href=\"https:\/\/www.fisifvg.org\/2020\/04\/28\/iosonofisifvg-francesco-cecon\/\">FRANCESCO CECON<\/a><br \/>\n<a href=\"https:\/\/www.fisifvg.org\/2020\/04\/27\/iosonofisifvg-alex-perissutti\/\">ALEX PERISSUTTI<\/a><br \/>\n<a href=\"https:\/\/www.fisifvg.org\/2020\/04\/25\/iosonofisifvg-anna-berra\/\">ANNA BERRA<\/a><br \/>\n<a href=\"https:\/\/www.fisifvg.org\/2020\/04\/24\/iosonofisifvg-martina-di-centa\/\">MARTINA DI CENTA<\/a><br \/>\n<a href=\"https:\/\/www.fisifvg.org\/2020\/04\/23\/iosonofisifvg-giovanni-vanino\/\">GIOVANNI VANINO<\/a><br \/>\n<a href=\"https:\/\/www.fisifvg.org\/2020\/04\/22\/iosonofisifvg-astrid-plosch\/\">ASTRID PL\u00d6SCH<\/a><br \/>\n<a href=\"https:\/\/www.fisifvg.org\/2020\/04\/21\/iosonofisifvg-martino-zambenedetti\/\">MARTINO ZAMBENEDETTI<\/a><br \/>\n<a href=\"https:\/\/www.fisifvg.org\/2020\/04\/20\/iosonofisifvg-renato-moretti\/\">RENATO MORETTI<\/a><br \/>\n<a href=\"https:\/\/www.fisifvg.org\/2020\/04\/19\/iosonofisifvg-gabriele-monteleone\/\">GABRIELE MONTELEONE<\/a><br \/>\n<a href=\"https:\/\/www.fisifvg.org\/2020\/04\/18\/iosonofisifvg-andrea-craievich\/\">ANDREA CRAIEVICH<\/a><br \/>\n<a href=\"https:\/\/www.fisifvg.org\/2020\/04\/17\/iosonofisifvg-fabio-cappellari\/\">FABIO CAPPELLARI<\/a><br \/>\n<a href=\"https:\/\/www.fisifvg.org\/2020\/04\/16\/iosonofisifvg-arturo-severi\/\">ARTURO SEVERI<\/a><br \/>\n<a href=\"https:\/\/www.fisifvg.org\/2020\/04\/15\/iosonofisifvg-caterina-molinari\/\">CATERINA MOLINARI<\/a><br \/>\n<a href=\"https:\/\/www.fisifvg.org\/2020\/04\/14\/iosonofisifvg-greta-pinzani\/\">GRETA PINZANI<\/a><br \/>\n<a href=\"https:\/\/www.fisifvg.org\/2020\/04\/11\/iosonofisifvg-alessandro-tosoni\/\">ALESSANDRO TOSONI<\/a><br \/>\n<a href=\"https:\/\/www.fisifvg.org\/2020\/04\/10\/iosonofisifvg-edoardo-buzzi\/\">EDOARDO BUZZI<\/a><br \/>\n<a href=\"https:\/\/www.fisifvg.org\/2020\/04\/09\/iosonofisifvg-sara-scattolo\/\">SARA SCATTOLO<\/a><br \/>\n<a href=\"https:\/\/www.fisifvg.org\/2020\/04\/07\/iosonofisifvg-martina-zanitzer\/\">MARTINA ZANITZER<\/a><br \/>\n<a href=\"https:\/\/www.fisifvg.org\/2020\/04\/06\/iosonofisifvg-samuele-cusin\/\">SAMUELE CUSIN<\/a><br \/>\n<a href=\"https:\/\/www.fisifvg.org\/2020\/04\/05\/iosonofisifvg-fabio-piller-cottrer\/\">FABIO PILLER COTTRER<\/a><br \/>\n<a href=\"https:\/\/www.fisifvg.org\/2020\/04\/04\/iosonofisifvg-karin-puntel\/\">KARIN PUNTEL<\/a><br \/>\n<a href=\"https:\/\/www.fisifvg.org\/2020\/04\/03\/iosonofisifvg-andrea-campregher\/\">ANDREA CAMPREGHER<\/a><br \/>\n<a href=\"https:\/\/www.fisifvg.org\/2020\/04\/01\/iosonofisifvg-paolo-ramicone\/\">PAOLO RAMICONE<\/a><br \/>\n<a href=\"https:\/\/www.fisifvg.org\/2020\/03\/31\/iosonofisifvg-mattia-piller-hoffer\/\">MATTIA PILLER HOFFER<\/a><br \/>\n<a href=\"https:\/\/www.fisifvg.org\/2020\/03\/30\/iosonofisifvg-aurora-morassi\/\">AURORA MORASSI<\/a><br \/>\n<a href=\"https:\/\/www.fisifvg.org\/2020\/03\/29\/iosonofisifvg-noelia-vuerich\/\">NOELIA VUERICH<\/a><br \/>\n<a href=\"https:\/\/www.fisifvg.org\/2020\/03\/28\/iosonofisifvg-cristiano-agostinis\/\">CRISTIANO AGOSTINIS<\/a><br \/>\n<a href=\"https:\/\/www.fisifvg.org\/2020\/03\/27\/iosonofisifvg-lorenzo-solero\/\">LORENZO SOLERO<\/a><br \/>\n<a href=\"https:\/\/www.fisifvg.org\/2020\/03\/26\/iosonofisifvg-luca-sclisizzo\/\">LUCA SCLISIZZO<\/a><br \/>\n<a href=\"https:\/\/www.fisifvg.org\/2020\/03\/25\/iosonofisifvg-erika-pinzani\/\">ERIKA PINZANI<\/a><br \/>\n<a href=\"https:\/\/www.fisifvg.org\/2020\/03\/23\/iosonofisifvg-caterina-sinigoi\/\">CATERINA SINIGOI<\/a><\/p>\n<p>&nbsp;<\/p>\n","protected":false},"excerpt":{"rendered":"<p>Oggi spazio alla bachmaniana della squadra regionale di sci di fondo<\/p>\n","protected":false},"author":4,"featured_media":70484,"comment_status":"closed","ping_status":"closed","sticky":false,"template":"","format":"standard","meta":{"_acf_changed":false,"footnotes":""},"categories":[10,11],"tags":[],"acf":[],"_links":{"self":[{"href":"https:\/\/comitati.fisi.org\/friuli-venezia-giulia\/wp-json\/wp\/v2\/posts\/70481"}],"collection":[{"href":"https:\/\/comitati.fisi.org\/friuli-venezia-giulia\/wp-json\/wp\/v2\/posts"}],"about":[{"href":"https:\/\/comitati.fisi.org\/friuli-venezia-giulia\/wp-json\/wp\/v2\/types\/post"}],"author":[{"embeddable":true,"href":"https:\/\/comitati.fisi.org\/friuli-venezia-giulia\/wp-json\/wp\/v2\/users\/4"}],"replies":[{"embeddable":true,"href":"https:\/\/comitati.fisi.org\/friuli-venezia-giulia\/wp-json\/wp\/v2\/comments?post=70481"}],"version-history":[{"count":0,"href":"https:\/\/comitati.fisi.org\/friuli-venezia-giulia\/wp-json\/wp\/v2\/posts\/70481\/revisions"}],"wp:featuredmedia":[{"embeddable":true,"href":"https:\/\/comitati.fisi.org\/friuli-venezia-giulia\/wp-json\/wp\/v2\/media\/70484"}],"wp:attachment":[{"href":"https:\/\/comitati.fisi.org\/friuli-venezia-giulia\/wp-json\/wp\/v2\/media?parent=70481"}],"wp:term":[{"taxonomy":"category","embeddable":true,"href":"https:\/\/comitati.fisi.org\/friuli-venezia-giulia\/wp-json\/wp\/v2\/categories?post=70481"},{"taxonomy":"post_tag","embeddable":true,"href":"https:\/\/comitati.fisi.org\/friuli-venezia-giulia\/wp-json\/wp\/v2\/tags?post=70481"}],"curies":[{"name":"wp","href":"https:\/\/api.w.org\/{rel}","templated":true}]}}