{"id":70440,"date":"2020-07-30T11:30:05","date_gmt":"2020-07-30T09:30:05","guid":{"rendered":"https:\/\/www.fisifvg.org\/?p=70440"},"modified":"2020-07-30T11:30:05","modified_gmt":"2020-07-30T09:30:05","slug":"i-biathleti-azzurri-daniele-fauner-e-sara-scattolo-al-lavoro-a-bionaz","status":"publish","type":"post","link":"https:\/\/comitati.fisi.org\/friuli-venezia-giulia\/blog\/2020\/07\/30\/i-biathleti-azzurri-daniele-fauner-e-sara-scattolo-al-lavoro-a-bionaz\/","title":{"rendered":"I giovani azzurri Daniele Fauner e Sara Scattolo al lavoro a Bionaz"},"content":{"rendered":"<p>Prosegue a Bionaz il raduno della <strong>squadra nazionale juniores\/giovani di biathlon<\/strong>, seguita dai tecnici <strong>Mirco Romanin,<\/strong> Fabio Cianciana, Edoardo Mezzaro,<strong> Daniele Piller Roner,<\/strong> Samantha Plafoni, Aline Noro e Pietro Dutto.<\/p>\n<p>Nella localit\u00e0 valdostana sono presenti fino venerd\u00ec 31 Michele Molinari, David Zingerle, Iacopo Leonesio, Stefano Canavese, Elia Zeni, Marco Barale, Nicol\u00f2 Betemps, <strong>Daniele Fauner,<\/strong> Beatrice Trabucchi, Gaia Brunetto, <strong>Sara Scattolo,<\/strong> Hannah Auchentaller, Linda Zingerle, Martina Trabucchi e Rebecca Passler (assente per infortunio <strong>Ilaria Scattolo<\/strong>).<\/p>\n<p><em>&#8220;Stiamo lavorando tanto sia sulla quantit\u00e0 che sulla qualit\u00e0 con un lavoro particolarmente specifico che ci torner\u00e0 utile in inverno<\/em> &#8211; racconta Romanin -. <em>I ragazzi seguono il programma e rispondono agli stimoli di noi tecnici, stiamo proseguendo con i test atletici che hanno dato risultati migliori rispetto a un mese fa. Ora effettueremo delle prove su mini masse&#8221;.<\/em><\/p>\n","protected":false},"excerpt":{"rendered":"<p>Prosegue in Val d&#8217;Aosta il raduno della squadra nazionale juniores\/giovani, il cui allenatore responsabile \u00e8 Mirco Romanin<\/p>\n","protected":false},"author":4,"featured_media":70449,"comment_status":"closed","ping_status":"closed","sticky":false,"template":"","format":"standard","meta":{"_acf_changed":false,"footnotes":""},"categories":[13,10],"tags":[],"acf":[],"_links":{"self":[{"href":"https:\/\/comitati.fisi.org\/friuli-venezia-giulia\/wp-json\/wp\/v2\/posts\/70440"}],"collection":[{"href":"https:\/\/comitati.fisi.org\/friuli-venezia-giulia\/wp-json\/wp\/v2\/posts"}],"about":[{"href":"https:\/\/comitati.fisi.org\/friuli-venezia-giulia\/wp-json\/wp\/v2\/types\/post"}],"author":[{"embeddable":true,"href":"https:\/\/comitati.fisi.org\/friuli-venezia-giulia\/wp-json\/wp\/v2\/users\/4"}],"replies":[{"embeddable":true,"href":"https:\/\/comitati.fisi.org\/friuli-venezia-giulia\/wp-json\/wp\/v2\/comments?post=70440"}],"version-history":[{"count":0,"href":"https:\/\/comitati.fisi.org\/friuli-venezia-giulia\/wp-json\/wp\/v2\/posts\/70440\/revisions"}],"wp:featuredmedia":[{"embeddable":true,"href":"https:\/\/comitati.fisi.org\/friuli-venezia-giulia\/wp-json\/wp\/v2\/media\/70449"}],"wp:attachment":[{"href":"https:\/\/comitati.fisi.org\/friuli-venezia-giulia\/wp-json\/wp\/v2\/media?parent=70440"}],"wp:term":[{"taxonomy":"category","embeddable":true,"href":"https:\/\/comitati.fisi.org\/friuli-venezia-giulia\/wp-json\/wp\/v2\/categories?post=70440"},{"taxonomy":"post_tag","embeddable":true,"href":"https:\/\/comitati.fisi.org\/friuli-venezia-giulia\/wp-json\/wp\/v2\/tags?post=70440"}],"curies":[{"name":"wp","href":"https:\/\/api.w.org\/{rel}","templated":true}]}}