{"id":70420,"date":"2020-09-02T12:30:40","date_gmt":"2020-09-02T10:30:40","guid":{"rendered":"https:\/\/www.fisifvg.org\/?p=70420"},"modified":"2020-09-02T12:30:40","modified_gmt":"2020-09-02T10:30:40","slug":"iosonofisifvg-mattia-del-torre","status":"publish","type":"post","link":"https:\/\/comitati.fisi.org\/friuli-venezia-giulia\/blog\/2020\/09\/02\/iosonofisifvg-mattia-del-torre\/","title":{"rendered":"#IoSonoFisiFvg \u2013 MATTIA DEL TORRE"},"content":{"rendered":"<p>Tra marzo e maggio abbiamo proposto una rubrica,\u00a0<strong>#IoSonoFisiFvg,<\/strong>\u00a0che ha consentito di conoscere meglio gli atleti delle squadre del Comitato FISI FVG 2019-2020.<br \/>\nOra \u00e8 tempo anche di conoscere i\u00a0<strong>volti nuovi inseriti in squadra nella stagione 2020-2021.<\/strong><br \/>\nOggi spazio allo specialista dello sci alpino <strong>Mattia Del Torre.<\/strong><\/p>\n<p><strong><br \/>\n<\/strong><b>Sci Club:<\/b><span style=\"font-weight: 400\"> Sci CAI Monte Lussari<br \/>\n<\/span><b>Dove vivi?<\/b><span style=\"font-weight: 400\"> Povoletto<\/span><span style=\"font-weight: 400\"><br \/>\n<\/span><b>A che et\u00e0 hai messo per la prima volta gli sci ai piedi? <\/b><span style=\"font-weight: 400\">A quattro anni e mezzo, se non ricordo male<\/span><span style=\"font-weight: 400\"><br \/>\n<\/span><b>Ti \u00e8 piaciuto subito?<\/b><span style=\"font-weight: 400\"> No, perch\u00e9 i primi giorni che l\u2019ho praticato le condizioni meteo lasciavano parecchio a desiderare. Per\u00f2 col tempo mi \u00e8 piaciuto sempre di pi\u00f9 e la mia voglia di sciare \u00e8 sempre in crescita<\/span><span style=\"font-weight: 400\"><br \/>\n<\/span><b>Hai praticato altre discipline invernali?<\/b><span style=\"font-weight: 400\"> No<br \/>\n<\/span><b><\/b><\/p>\n<div id=\"attachment_69081\" style=\"width: 310px\" class=\"wp-caption alignleft\"><a href=\"http:\/\/comitati.fisi.org\/friuli-venezia-giulia\/wp-content\/uploads\/sites\/34\/2020\/05\/ALPINO-2021-Mattia-Del-Torre1.jpeg\"><img loading=\"lazy\" decoding=\"async\" aria-describedby=\"caption-attachment-69081\" class=\"wp-image-69081\" src=\"http:\/\/comitati.fisi.org\/friuli-venezia-giulia\/wp-content\/uploads\/sites\/34\/2020\/05\/ALPINO-2021-Mattia-Del-Torre1-400x400.jpeg\" alt=\"\" width=\"300\" height=\"400\" \/><\/a><p id=\"caption-attachment-69081\" class=\"wp-caption-text\">Mattia Del Torre<\/p><\/div>\n<p><b>Chi \u00e8 il tuo allenatore?<\/b><span style=\"font-weight: 400\"> Gianluca Zanitzer, Francesco Princi e Ciro Di Piazza; li ritengo molto bravi, precisi, puntigliosi e pretendono che gli atleti in pista e ad atletica lavorino facendo emergere la loro parte migliore. Allo stesso tempo sono estroversi e di compagnia<\/span><span style=\"font-weight: 400\"><br \/>\n<\/span><b>Dove credi di dover migliorare?<\/b><span style=\"font-weight: 400\"> Ho tanto da imparare e migliorare in vari aspetti. I<\/span><span style=\"font-weight: 400\">l pi\u00f9 importante \u00e8 sicuramente quello tecnico. Sono convinto che la volont\u00e0 e la determinazione, unite ad una sana perseveranza, siano fondamentali in un percorso agonistico<\/span><span style=\"font-weight: 400\"><br \/>\n<\/span><b>Qual \u00e8 la pista pi\u00f9 bella nella quale hai gareggiato?<\/b><span style=\"font-weight: 400\"> La pista di Coppa del Mondo di Zagabria<\/span><span style=\"font-weight: 400\"><br \/>\n<\/span><b>E quella dove un giorno vorresti correre<\/b><span style=\"font-weight: 400\">? La Ganslern di Kitzbuehel<\/span><span style=\"font-weight: 400\"><br \/>\n<\/span><b>La miglior gara della tua vita quando e dove \u00e8 stata?<\/b><span style=\"font-weight: 400\"> Per me non c\u2019\u00e8 una gara migliore, quelle che mi hanno gratificato di pi\u00f9 sono il Memorial Fosson, Zagabeia quest\u2019anno e Pokal Loka del 2018<\/span><span style=\"font-weight: 400\"><br \/>\n<\/span><b>Chi \u00e8 l\u2019amico del cuore? <\/b><span style=\"font-weight: 400\">Non ne ho uno in particolare<\/span><span style=\"font-weight: 400\"><br \/>\n<\/span><b>Qual \u00e8 il tuo idolo, d\u2019infanzia e\/o attuale? <\/b><span style=\"font-weight: 400\">Alberto Tomba e Marcel Hirscher<\/span><span style=\"font-weight: 400\"><br \/>\n<\/span><b>\u00c8 possibile collimare scuola e sport?<\/b><span style=\"font-weight: 400\"> S\u00ec, non \u00e8 facile, ma ci si pu\u00f2 riuscire con tanto sacrificio<br \/>\n<\/span><b>Cos\u2019\u00e8 per te lo sci?\u00a0<\/b><span style=\"font-weight: 400\">\u00c8 una grande passione, uno sport meraviglioso perch\u00e9 per migliorare impone di uscire dalla zona di confort e cercare il proprio limite. La continua variabilit\u00e0 delle condizioni che si affrontano non lo rende uno sport monotono, ma al contrario, stimolante e soddisfacente<br \/>\n<\/span><b>Nel futuro ti vedi atleta, allenatore o semplicemente appassionato? <\/b><span style=\"font-weight: 400\">Io cerco di vivere il presente ma sarei felice di indossare le vesti di atleta<br \/>\n<\/span><b><\/b><\/p>\n<div id=\"attachment_70422\" style=\"width: 410px\" class=\"wp-caption alignright\"><a href=\"http:\/\/comitati.fisi.org\/friuli-venezia-giulia\/wp-content\/uploads\/sites\/34\/2020\/07\/Eminem.jpg\"><img loading=\"lazy\" decoding=\"async\" aria-describedby=\"caption-attachment-70422\" class=\"wp-image-70422\" src=\"http:\/\/comitati.fisi.org\/friuli-venezia-giulia\/wp-content\/uploads\/sites\/34\/2020\/07\/Eminem-400x400.jpg\" alt=\"\" width=\"400\" height=\"368\" \/><\/a><p id=\"caption-attachment-70422\" class=\"wp-caption-text\">Eminem<\/p><\/div>\n<p><b>Il classico sogno nel cassetto? <\/b>\u00c8<span style=\"font-weight: 400\">\u00a0importante per me, non voglio ancora rivelarlo<\/span><span style=\"font-weight: 400\"><br \/>\n<\/span><b>Musica preferita?<\/b><span style=\"font-weight: 400\"> Mi piace un po\u2019 di tutto<br \/>\n<\/span><b>Cantante preferito?<\/b><span style=\"font-weight: 400\"> Eminem<br \/>\n<\/span><b>Gruppo preferito?<\/b><span style=\"font-weight: 400\"> AC\/DC<\/span><span style=\"font-weight: 400\"><br \/>\n<\/span><b>Serie tv preferita: &#8220;<\/b><span style=\"font-weight: 400\">Into The Night&#8221;<br \/>\n<\/span><b>Film preferito?<\/b><span style=\"font-weight: 400\"> &#8220;13 Hours&#8221;<br \/>\n<\/span><b>Attore preferito?<\/b><span style=\"font-weight: 400\"> Robin Williams<\/span><span style=\"font-weight: 400\"><br \/>\n<\/span><b>Sport extrasci preferito?<\/b><span style=\"font-weight: 400\"> Era la canoa polo, ma ho dovuto abbandonarla perch\u00e9 non potevo pi\u00f9 conciliarla con lo sci<\/span><span style=\"font-weight: 400\"><br \/>\n<\/span><b>Sportivo extrasci preferito?<\/b><span style=\"font-weight: 400\"> Josh Bridges<br \/>\n<\/span><b>Hai qualche hobby?<\/b><span style=\"font-weight: 400\"> Mi piace moltissimo viaggiare<\/span><span style=\"font-weight: 400\"><br \/>\n<\/span><b>Social preferito?<\/b><span style=\"font-weight: 400\">\u00a0Instagram<\/span><span style=\"font-weight: 400\"><br \/>\n<\/span><b>Il luogo pi\u00f9 bello che hai visitato?<\/b><span style=\"font-weight: 400\"> Normandia, Mont Saint-Michel e Formentera<\/span><span style=\"font-weight: 400\"><br \/>\n<\/span><b>Vorresti fare una vacanza a: <\/b><span style=\"font-weight: 400\">New York.<\/span><\/p>\n<p><strong><br \/>\nLEGGI LE ALTRE SCHEDE<\/strong><\/p>\n<p><a href=\"https:\/\/www.fisifvg.org\/2020\/08\/24\/iosonofisifvg-alessandro-bellemo\/\">ALESSANDRO BELLEMO<\/a><br \/>\n<a href=\"https:\/\/www.fisifvg.org\/2020\/08\/21\/iosonofisifvg-francesco-la-grassa\/\">FRANCESCO LA GRASSA<\/a><br \/>\n<a href=\"https:\/\/www.fisifvg.org\/2020\/08\/18\/iosonofisifvg-nicolas-ribbi\/\">NICOLAS RIBBI<\/a><br \/>\n<a href=\"https:\/\/www.fisifvg.org\/2020\/08\/14\/iosonofisifvg-giulia-federicis\/\">GIULIA FEDERICIS<\/a><br \/>\n<a href=\"https:\/\/www.fisifvg.org\/2020\/08\/12\/iosonofisifvg-marco-gaudenzio\/\">MARCO GAUDENZIO<\/a><br \/>\n<a href=\"https:\/\/www.fisifvg.org\/2020\/08\/09\/iosonofisifvg-giacomo-tarussio\/\">GIACOMO TARUSSIO<\/a><br \/>\n<a href=\"https:\/\/www.fisifvg.org\/2020\/08\/06\/iosonofisifvg-sofia-colombo\/\">SOFIA COLOMBO<\/a><br \/>\n<a href=\"https:\/\/www.fisifvg.org\/2020\/07\/31\/iosonofisifvg-daniele-cochetti\/\">DANIELE COCHETTI<\/a><br \/>\n<a href=\"https:\/\/www.fisifvg.org\/2020\/07\/29\/iosonofisifvg-francesca-tessarolo\/\">FRANCESCA TESSAROLO<\/a><br \/>\n<a href=\"https:\/\/www.fisifvg.org\/2020\/07\/24\/iosonofisifvg-beatrice-costato\/\">BEATRICE COSTATO<\/a><\/p>\n<p><a href=\"https:\/\/www.fisifvg.org\/2020\/05\/17\/iosonofisifvg-luca-kerer\/\">LUCA KERER<\/a><br \/>\n<a href=\"https:\/\/www.fisifvg.org\/2020\/05\/14\/iosonofisifvg-alex-ostolidi\/\">ALEX OSTOLIDI<\/a><br \/>\n<a href=\"https:\/\/www.fisifvg.org\/2020\/05\/12\/iosonofisifvg-serena-del-fabbro\/\">SERENA DEL FABBRO<\/a><br \/>\n<a href=\"https:\/\/www.fisifvg.org\/2020\/05\/11\/iosonofisifvg-anna-dosso\/\">ANNA DOSSO<\/a><br \/>\n<a href=\"https:\/\/www.fisifvg.org\/2020\/05\/10\/iosonofisifvg-alberto-benedetti\/\">ALBERTO BENEDETTI<\/a><br \/>\n<a href=\"https:\/\/www.fisifvg.org\/2020\/05\/08\/iosonofisifvg-ludovica-del-bianco\/\">LUDOVICA DEL BIANCO<\/a><br \/>\n<a href=\"https:\/\/www.fisifvg.org\/2020\/05\/06\/iosonofisifvg-ilaria-scattolo\/\">ILARIA SCATTOLO<\/a><br \/>\n<a href=\"https:\/\/www.fisifvg.org\/2020\/05\/05\/iosonofisifvg-davide-graz\/\">DAVIDE GRAZ<\/a><br \/>\n<a href=\"https:\/\/www.fisifvg.org\/2020\/05\/03\/iosonofisifvg-andrea-gartner\/\">ANDREA GARTNER<\/a><br \/>\n<a href=\"https:\/\/www.fisifvg.org\/2020\/05\/02\/iosonofisifvg-giacomo-vidoni\/\">GIACOMO VIDONI<\/a><br \/>\n<a href=\"https:\/\/www.fisifvg.org\/2020\/04\/30\/iosonofisifvg-pietro-pallober\/\">PIETRO PALLOBER<\/a><br \/>\n<a href=\"https:\/\/www.fisifvg.org\/2020\/04\/28\/iosonofisifvg-francesco-cecon\/\">FRANCESCO CECON<\/a><br \/>\n<a href=\"https:\/\/www.fisifvg.org\/2020\/04\/27\/iosonofisifvg-alex-perissutti\/\">ALEX PERISSUTTI<\/a><br \/>\n<a href=\"https:\/\/www.fisifvg.org\/2020\/04\/25\/iosonofisifvg-anna-berra\/\">ANNA BERRA<\/a><br \/>\n<a href=\"https:\/\/www.fisifvg.org\/2020\/04\/24\/iosonofisifvg-martina-di-centa\/\">MARTINA DI CENTA<\/a><br \/>\n<a href=\"https:\/\/www.fisifvg.org\/2020\/04\/23\/iosonofisifvg-giovanni-vanino\/\">GIOVANNI VANINO<\/a><br \/>\n<a href=\"https:\/\/www.fisifvg.org\/2020\/04\/22\/iosonofisifvg-astrid-plosch\/\">ASTRID PL\u00d6SCH<\/a><br \/>\n<a href=\"https:\/\/www.fisifvg.org\/2020\/04\/21\/iosonofisifvg-martino-zambenedetti\/\">MARTINO ZAMBENEDETTI<\/a><br \/>\n<a href=\"https:\/\/www.fisifvg.org\/2020\/04\/20\/iosonofisifvg-renato-moretti\/\">RENATO MORETTI<\/a><br \/>\n<a href=\"https:\/\/www.fisifvg.org\/2020\/04\/19\/iosonofisifvg-gabriele-monteleone\/\">GABRIELE MONTELEONE<\/a><br \/>\n<a href=\"https:\/\/www.fisifvg.org\/2020\/04\/18\/iosonofisifvg-andrea-craievich\/\">ANDREA CRAIEVICH<\/a><br \/>\n<a href=\"https:\/\/www.fisifvg.org\/2020\/04\/17\/iosonofisifvg-fabio-cappellari\/\">FABIO CAPPELLARI<\/a><br \/>\n<a href=\"https:\/\/www.fisifvg.org\/2020\/04\/16\/iosonofisifvg-arturo-severi\/\">ARTURO SEVERI<\/a><br \/>\n<a href=\"https:\/\/www.fisifvg.org\/2020\/04\/15\/iosonofisifvg-caterina-molinari\/\">CATERINA MOLINARI<\/a><br \/>\n<a href=\"https:\/\/www.fisifvg.org\/2020\/04\/14\/iosonofisifvg-greta-pinzani\/\">GRETA PINZANI<\/a><br \/>\n<a href=\"https:\/\/www.fisifvg.org\/2020\/04\/11\/iosonofisifvg-alessandro-tosoni\/\">ALESSANDRO TOSONI<\/a><br \/>\n<a href=\"https:\/\/www.fisifvg.org\/2020\/04\/10\/iosonofisifvg-edoardo-buzzi\/\">EDOARDO BUZZI<\/a><br \/>\n<a href=\"https:\/\/www.fisifvg.org\/2020\/04\/09\/iosonofisifvg-sara-scattolo\/\">SARA SCATTOLO<\/a><br \/>\n<a href=\"https:\/\/www.fisifvg.org\/2020\/04\/07\/iosonofisifvg-martina-zanitzer\/\">MARTINA ZANITZER<\/a><br \/>\n<a href=\"https:\/\/www.fisifvg.org\/2020\/04\/06\/iosonofisifvg-samuele-cusin\/\">SAMUELE CUSIN<\/a><br \/>\n<a href=\"https:\/\/www.fisifvg.org\/2020\/04\/05\/iosonofisifvg-fabio-piller-cottrer\/\">FABIO PILLER COTTRER<\/a><br \/>\n<a href=\"https:\/\/www.fisifvg.org\/2020\/04\/04\/iosonofisifvg-karin-puntel\/\">KARIN PUNTEL<\/a><br \/>\n<a href=\"https:\/\/www.fisifvg.org\/2020\/04\/03\/iosonofisifvg-andrea-campregher\/\">ANDREA CAMPREGHER<\/a><br \/>\n<a href=\"https:\/\/www.fisifvg.org\/2020\/04\/01\/iosonofisifvg-paolo-ramicone\/\">PAOLO RAMICONE<\/a><br \/>\n<a href=\"https:\/\/www.fisifvg.org\/2020\/03\/31\/iosonofisifvg-mattia-piller-hoffer\/\">MATTIA PILLER HOFFER<\/a><br \/>\n<a href=\"https:\/\/www.fisifvg.org\/2020\/03\/30\/iosonofisifvg-aurora-morassi\/\">AURORA MORASSI<\/a><br \/>\n<a href=\"https:\/\/www.fisifvg.org\/2020\/03\/29\/iosonofisifvg-noelia-vuerich\/\">NOELIA VUERICH<\/a><br \/>\n<a href=\"https:\/\/www.fisifvg.org\/2020\/03\/28\/iosonofisifvg-cristiano-agostinis\/\">CRISTIANO AGOSTINIS<\/a><br \/>\n<a href=\"https:\/\/www.fisifvg.org\/2020\/03\/27\/iosonofisifvg-lorenzo-solero\/\">LORENZO SOLERO<\/a><br \/>\n<a href=\"https:\/\/www.fisifvg.org\/2020\/03\/26\/iosonofisifvg-luca-sclisizzo\/\">LUCA SCLISIZZO<\/a><br \/>\n<a href=\"https:\/\/www.fisifvg.org\/2020\/03\/25\/iosonofisifvg-erika-pinzani\/\">ERIKA PINZANI<\/a><br \/>\n<a href=\"https:\/\/www.fisifvg.org\/2020\/03\/23\/iosonofisifvg-caterina-sinigoi\/\">CATERINA SINIGOI<\/a><\/p>\n<p>&nbsp;<\/p>\n<p>&nbsp;<\/p>\n","protected":false},"excerpt":{"rendered":"<p>Oggi spazio all&#8217;esponente della squadra di sci alpino, alla prima stagione nei Giovani<\/p>\n","protected":false},"author":4,"featured_media":63992,"comment_status":"closed","ping_status":"closed","sticky":false,"template":"","format":"standard","meta":{"_acf_changed":false,"footnotes":""},"categories":[10,15],"tags":[],"acf":[],"_links":{"self":[{"href":"https:\/\/comitati.fisi.org\/friuli-venezia-giulia\/wp-json\/wp\/v2\/posts\/70420"}],"collection":[{"href":"https:\/\/comitati.fisi.org\/friuli-venezia-giulia\/wp-json\/wp\/v2\/posts"}],"about":[{"href":"https:\/\/comitati.fisi.org\/friuli-venezia-giulia\/wp-json\/wp\/v2\/types\/post"}],"author":[{"embeddable":true,"href":"https:\/\/comitati.fisi.org\/friuli-venezia-giulia\/wp-json\/wp\/v2\/users\/4"}],"replies":[{"embeddable":true,"href":"https:\/\/comitati.fisi.org\/friuli-venezia-giulia\/wp-json\/wp\/v2\/comments?post=70420"}],"version-history":[{"count":0,"href":"https:\/\/comitati.fisi.org\/friuli-venezia-giulia\/wp-json\/wp\/v2\/posts\/70420\/revisions"}],"wp:featuredmedia":[{"embeddable":true,"href":"https:\/\/comitati.fisi.org\/friuli-venezia-giulia\/wp-json\/wp\/v2\/media\/63992"}],"wp:attachment":[{"href":"https:\/\/comitati.fisi.org\/friuli-venezia-giulia\/wp-json\/wp\/v2\/media?parent=70420"}],"wp:term":[{"taxonomy":"category","embeddable":true,"href":"https:\/\/comitati.fisi.org\/friuli-venezia-giulia\/wp-json\/wp\/v2\/categories?post=70420"},{"taxonomy":"post_tag","embeddable":true,"href":"https:\/\/comitati.fisi.org\/friuli-venezia-giulia\/wp-json\/wp\/v2\/tags?post=70420"}],"curies":[{"name":"wp","href":"https:\/\/api.w.org\/{rel}","templated":true}]}}