{"id":70300,"date":"2020-07-26T11:16:41","date_gmt":"2020-07-26T09:16:41","guid":{"rendered":"https:\/\/www.fisifvg.org\/?p=70300"},"modified":"2020-07-26T11:16:41","modified_gmt":"2020-07-26T09:16:41","slug":"dallaldo-moro-paluzza-un-corso-di-educazione-motoria-multilaterale","status":"publish","type":"post","link":"https:\/\/comitati.fisi.org\/friuli-venezia-giulia\/blog\/2020\/07\/26\/dallaldo-moro-paluzza-un-corso-di-educazione-motoria-multilaterale\/","title":{"rendered":"Dall&#8217;Aldo Moro Paluzza un Corso di educazione motoria multilaterale"},"content":{"rendered":"<p><em><strong>Riceviamo dall&#8217;US Aldo Moro Paluzza e volentieri pubblichiamo.<\/strong><\/em><\/p>\n<p style=\"font-weight: 400\">L\u2019Unione Sportiva Aldo Moro Paluzza organizza un Corso di Educazione Motoria Multilaterale finalizzato alla pratica dello SCI DI FONDO e\/o ATLETICA\u00a0nei mesi da fine Luglio a Dicembre 2020 a cui seguir\u00e0 Corso di Sci con inizio durante le vacanze di Natale e fino a tutto Febbraio 2021.<\/p>\n<p style=\"font-weight: 400\">Il corso \u00e8 rivolto agli alunni<strong> dalla\u00a01a alla 5a della scuola Primaria <\/strong>(NON gi\u00e0 iscritti all\u2019Aldo Moro). Durata della seduta un&#8217;ora e mezza per due volte alla settimana nei giorni di MARTEDI\u2019 e GIOVEDI\u2019 presso la Ex Caserma di Paluzza, in orario 18-19.30.<\/p>\n<p>Tutta l\u2019attivit\u00e0 sar\u00e0 basata sulla multilateralit\u00e0 e multidisciplinariet\u00e0, quindi indicata per tutti gli sport ed adatta alle et\u00e0 degli alunni coinvolti. Gli istruttori proposti sono adeguatamente formati per questa attivit\u00e0.<\/p>\n<p style=\"font-weight: 400\">Costo attivit\u00e0 motoria da fine luglio a dicembre: \u20ac 100,00.<\/p>\n<p style=\"font-weight: 400\">Attivit\u00e0 motoria come sopra + Corso di Sci Fondo fino a febbraio 2021: \u20ac 200,00 (prezzo promozionale per gli iscritti per la prima volta, a prescindere dall\u2019et\u00e0).<br \/>\nIl corso comprende: Maestro\/Istruttore, Tessera FISI (compresa assicurazione), sci, bastoncini, ski-pass entrata piste. Scarpe da acquistare in proprio (c&#8217;\u00e8 una convenzione con il negozio Tecnical Ski di Tolmezzo), prezzi intorno ai 50 \u20ac.<\/p>\n<p style=\"font-weight: 400\">La quota di iscrizione deve essere versata esclusivamente a mezzo bonifico bancario all\u2019inizio dell\u2019attivit\u00e0. La quota \u00e8 detraibile dalla Dichiarazione dei Redditi.<\/p>\n<p style=\"font-weight: 400\">Per formalizzare l\u2019iscrizione, consegnare all\u2019allenatore la scheda di iscrizione (<a href=\"http:\/\/comitati.fisi.org\/friuli-venezia-giulia\/wp-content\/uploads\/sites\/34\/2020\/07\/Scuola-Primaria-di-Paluzza-Progetto-attivita-motoria-2020-2021-Scheda-di-adesione.pdf\">CLICCARE QUI PER SCARICARLA<\/a>) alla prima presenza al corso.<\/p>\n<p style=\"font-weight: 400\">Inizio corso 23 luglio, fine corso 20 dicembre.<\/p>\n<p style=\"font-weight: 400\">Per chi aderir\u00e0 anche al corso di sci, si procede fino a fine febbraio 2021.<\/p>\n<p style=\"font-weight: 400\">Punto di ritrovo: ingresso ex Caserma di Paluzza, in Via Nazionale 1.<\/p>\n<p style=\"font-weight: 400\">Presentarsi in scarpe da ginnastic\u00a0 e completino sportivo corto.<\/p>\n<p style=\"font-weight: 400\">Per informazioni e chiarimenti contattare il Direttore Sportivo Alex Di Ronco (cellulare 345 6616443) oppure il Direttore Tecnico Gian Carlo Silverio (cellulare 328 2691833).<\/p>\n<p style=\"font-weight: 400\">E-Mail <a href=\"mailto:info@aldomoropaluzza.it\">info@aldomoropaluzza.it<\/a>; sito <a href=\"http:\/\/www.aldomoropaluzza.it\/\" data-saferedirecturl=\"https:\/\/www.google.com\/url?q=http:\/\/www.aldomoropaluzza.it&amp;source=gmail&amp;ust=1595839586199000&amp;usg=AFQjCNFP3C3Nl3lhC2KZVXNDDsMdcsydRw\">www.aldomoropaluzza.it<\/a>.<\/p>\n","protected":false},"excerpt":{"rendered":"<p>Fino a dicembre, \u00e8 finalizzato alla pratica dello sci di fondo e dell&#8217;atletica<\/p>\n","protected":false},"author":4,"featured_media":70304,"comment_status":"closed","ping_status":"closed","sticky":false,"template":"","format":"standard","meta":{"_acf_changed":false,"footnotes":""},"categories":[10,11],"tags":[],"acf":[],"_links":{"self":[{"href":"https:\/\/comitati.fisi.org\/friuli-venezia-giulia\/wp-json\/wp\/v2\/posts\/70300"}],"collection":[{"href":"https:\/\/comitati.fisi.org\/friuli-venezia-giulia\/wp-json\/wp\/v2\/posts"}],"about":[{"href":"https:\/\/comitati.fisi.org\/friuli-venezia-giulia\/wp-json\/wp\/v2\/types\/post"}],"author":[{"embeddable":true,"href":"https:\/\/comitati.fisi.org\/friuli-venezia-giulia\/wp-json\/wp\/v2\/users\/4"}],"replies":[{"embeddable":true,"href":"https:\/\/comitati.fisi.org\/friuli-venezia-giulia\/wp-json\/wp\/v2\/comments?post=70300"}],"version-history":[{"count":0,"href":"https:\/\/comitati.fisi.org\/friuli-venezia-giulia\/wp-json\/wp\/v2\/posts\/70300\/revisions"}],"wp:featuredmedia":[{"embeddable":true,"href":"https:\/\/comitati.fisi.org\/friuli-venezia-giulia\/wp-json\/wp\/v2\/media\/70304"}],"wp:attachment":[{"href":"https:\/\/comitati.fisi.org\/friuli-venezia-giulia\/wp-json\/wp\/v2\/media?parent=70300"}],"wp:term":[{"taxonomy":"category","embeddable":true,"href":"https:\/\/comitati.fisi.org\/friuli-venezia-giulia\/wp-json\/wp\/v2\/categories?post=70300"},{"taxonomy":"post_tag","embeddable":true,"href":"https:\/\/comitati.fisi.org\/friuli-venezia-giulia\/wp-json\/wp\/v2\/tags?post=70300"}],"curies":[{"name":"wp","href":"https:\/\/api.w.org\/{rel}","templated":true}]}}