{"id":70296,"date":"2020-07-25T12:24:01","date_gmt":"2020-07-25T10:24:01","guid":{"rendered":"https:\/\/www.fisifvg.org\/?p=70296"},"modified":"2020-07-25T12:24:01","modified_gmt":"2020-07-25T10:24:01","slug":"la-squadra-nazionale-giovani-di-skiroll-al-lavoro-a-forni-avoltri","status":"publish","type":"post","link":"https:\/\/comitati.fisi.org\/friuli-venezia-giulia\/blog\/2020\/07\/25\/la-squadra-nazionale-giovani-di-skiroll-al-lavoro-a-forni-avoltri\/","title":{"rendered":"La squadra nazionale Giovani di skiroll al lavoro a Forni Avoltri"},"content":{"rendered":"<p>Dopo il primo raduno che si \u00e8 svolto tra Anterselva e Dobbiaco all&#8217;inizio di luglio, la <strong>nazionale di skiroll si \u00e8 ritrovata a Forni Avoltri<\/strong> per il secondo appuntamento della stagione.<\/p>\n<p>Nei primi quattro giorni sono stati presenti gli atleti della squadra di Coppa del Mondo Senior ed Junior, mentre dal 22 luglio sono arrivati i componenti della squadra Giovani, che sotto la guida degli allenatori Emanuele Sbabo e Solange Chabloz, coadiuvati dal fisioterapista Antonio Giulio Ruggiero e dal direttore Tecnico Michel Rainer, hanno lavorato alla Carnia Arena, circuito che ha ospitato pi\u00f9 volte negli ultimi anni il Summer Cross Country.<\/p>\n<p>La <strong>squadra Giovani <\/strong>\u00e8 formata dai seguenti atleti:<\/p>\n<p><strong>Maria Gismondi (2004) (Squadra FISI FVG fondo\/Bachmann Sport College)<\/strong> di Subiaco atleta caparbia e grintosa che in pi\u00f9 occasioni ha dimostrato il suo valore sia nello skiroll che nello sci di fondo;<\/p>\n<p>Sabrina Borettaz (2003) (Amis de Verrayes) biatleta della squadra dell&#8217;Asiva. Nello skiroll si \u00e8 messa in mostra nelle prove sprint dove sembra poter ricevere il testimone da Alba Mortagna;<\/p>\n<p>Aksel Artusi (2004) (Sporti Livigno) \u00e8 inserito nella squadra del Comitato sci di fondo Alpi Centrali, nello skiroll ha dimostrato di essere competitivoin tutte le discipline;<\/p>\n<p>Giovanni Lorenzetti (2003) (U.S. Carisolo) nello skiroll ha fatto il suo esordio in Coppa del Mondo il 12 settembre 2019 con un buon ottavo posto nella categoria junior sulla salita in tecnica classica del Monte Bondone;<\/p>\n<p>Riccardo Munari (2003) (Sci Club Valdobbiadene), proviene da una famiglia di skirollisti, ha vinto nel 2019 la Coppa Italia Cascina Bianca nella categoria Under 16;<\/p>\n<p>Samuele Giraudo (2003) (Sci Club Valle Stura), si \u00e8 messo in mostra nel Summer Cross Country del 2019 con un ottimo quarto posto nella prova distance e un quinto posto nella sprint;<\/p>\n<p><strong>Marco Gaudenzio (2004) (Squadra FISI FVG fondo\/Bachmann Sport College) <\/strong>\u00e8 cresciuto tra le file dello sci club Orsago e si \u00e8 poi spostato a Tarvisio per coordinare al meglio lo studio con l&#8217;attivit\u00e0 agonistica presso il Liceo Sportivo Bachmann di Tarvisio.<\/p>\n","protected":false},"excerpt":{"rendered":"<p>Nel gruppo anche Maria Gismondi e Marco Gaudenzio del Bachmann Sport College<\/p>\n","protected":false},"author":4,"featured_media":70297,"comment_status":"closed","ping_status":"closed","sticky":false,"template":"","format":"standard","meta":{"_acf_changed":false,"footnotes":""},"categories":[10,11],"tags":[],"acf":[],"_links":{"self":[{"href":"https:\/\/comitati.fisi.org\/friuli-venezia-giulia\/wp-json\/wp\/v2\/posts\/70296"}],"collection":[{"href":"https:\/\/comitati.fisi.org\/friuli-venezia-giulia\/wp-json\/wp\/v2\/posts"}],"about":[{"href":"https:\/\/comitati.fisi.org\/friuli-venezia-giulia\/wp-json\/wp\/v2\/types\/post"}],"author":[{"embeddable":true,"href":"https:\/\/comitati.fisi.org\/friuli-venezia-giulia\/wp-json\/wp\/v2\/users\/4"}],"replies":[{"embeddable":true,"href":"https:\/\/comitati.fisi.org\/friuli-venezia-giulia\/wp-json\/wp\/v2\/comments?post=70296"}],"version-history":[{"count":0,"href":"https:\/\/comitati.fisi.org\/friuli-venezia-giulia\/wp-json\/wp\/v2\/posts\/70296\/revisions"}],"wp:featuredmedia":[{"embeddable":true,"href":"https:\/\/comitati.fisi.org\/friuli-venezia-giulia\/wp-json\/wp\/v2\/media\/70297"}],"wp:attachment":[{"href":"https:\/\/comitati.fisi.org\/friuli-venezia-giulia\/wp-json\/wp\/v2\/media?parent=70296"}],"wp:term":[{"taxonomy":"category","embeddable":true,"href":"https:\/\/comitati.fisi.org\/friuli-venezia-giulia\/wp-json\/wp\/v2\/categories?post=70296"},{"taxonomy":"post_tag","embeddable":true,"href":"https:\/\/comitati.fisi.org\/friuli-venezia-giulia\/wp-json\/wp\/v2\/tags?post=70296"}],"curies":[{"name":"wp","href":"https:\/\/api.w.org\/{rel}","templated":true}]}}