{"id":70292,"date":"2020-07-25T11:04:45","date_gmt":"2020-07-25T09:04:45","guid":{"rendered":"https:\/\/www.fisifvg.org\/?p=70292"},"modified":"2020-07-25T11:04:45","modified_gmt":"2020-07-25T09:04:45","slug":"ripresa-degli-allenamenti-per-la-polisportiva-timaucleulis","status":"publish","type":"post","link":"https:\/\/comitati.fisi.org\/friuli-venezia-giulia\/blog\/2020\/07\/25\/ripresa-degli-allenamenti-per-la-polisportiva-timaucleulis\/","title":{"rendered":"Ripresa degli allenamenti per la Polisportiva Timaucleulis"},"content":{"rendered":"<p><em><strong>Riceviamo dalla Polisportiva Timaucleulis e volentieri pubblichiamo.<\/strong><\/em><\/p>\n<p style=\"font-weight: 400\">Causa emergenza COVID-19, dai primi di marzo le attivit\u00e0, sia agonistiche che non, della Polisportiva Timaucleulis sono state sospese.<br \/>\nAppena le normative nazionali e regionali attualmente in vigore l&#8217;hanno permesso, sono ripresi gli allenamenti estivi, finalizzati alla preparazione dello sci di fondo. Gradualmente hanno iniziato prima i ragazzi delle superiori e poi quelli frequentanti le scuole medie, con due appuntamenti settimanali pomeridiani a Cleulis. Rimangono alcune limitazioni sul trasporto, sul numero di istruttori presenti e le distanze da rispettare sia in movimento che non, tutti fattori che comportano problemi organizzativi non da poco, per cui l\u2019attivit\u00e0 per i bambini delle scuole elementari inizier\u00e0 con il mese di settembre.<\/p>\n<p style=\"font-weight: 400\">L\u2019attivit\u00e0 di corsa \u00e8 ancora bloccata: sono state annullate le prove del circuito di Coppa Friuli e tutte le manifestazione della corsa in montagna fino al 31 luglio. Si resta in attesa di disposizioni per l\u2019autunno e per il campionato invernale di corsa campestre del Centro sportivo italiano 2020\/21. Gli atleti adulti stanno proseguendo i loro allenamenti individuali, partecipando alle \u201cgare virtuali\u201d organizzate da alcune societ\u00e0 locali.<\/p>\n<p style=\"font-weight: 400\">Il settore calcio \u00e8 stato il pi\u00f9 penalizzato, visto che il Campionato Carnico \u00e8 stato annullato, cos\u00ec come i tornei giovanili.<\/p>\n<p style=\"font-weight: 400\">La volont\u00e0 della societ\u00e0 \u00e8 di confermare alcuni degli eventi annuali anche per il 2021, come l\u2019organizzazione di una delle prove di sci di fondo del calendario regionale sulla pista di sci dei Laghetti di Timau e la prova del circuito del Trofeo Gortani a Cleulis.<\/p>\n<p><em><strong>(nella foto uno degli ultimi allenamenti stagionali prima dello stop causa emergenza coronavirus)<\/strong><\/em><\/p>\n","protected":false},"excerpt":{"rendered":"<p>Gradualmente hanno iniziato prima i ragazzi delle superiori e poi quelli frequentanti le scuole medie, con due appuntamenti settimanali a Cleulis<\/p>\n","protected":false},"author":4,"featured_media":70293,"comment_status":"closed","ping_status":"closed","sticky":false,"template":"","format":"standard","meta":{"_acf_changed":false,"footnotes":""},"categories":[10,11],"tags":[],"acf":[],"_links":{"self":[{"href":"https:\/\/comitati.fisi.org\/friuli-venezia-giulia\/wp-json\/wp\/v2\/posts\/70292"}],"collection":[{"href":"https:\/\/comitati.fisi.org\/friuli-venezia-giulia\/wp-json\/wp\/v2\/posts"}],"about":[{"href":"https:\/\/comitati.fisi.org\/friuli-venezia-giulia\/wp-json\/wp\/v2\/types\/post"}],"author":[{"embeddable":true,"href":"https:\/\/comitati.fisi.org\/friuli-venezia-giulia\/wp-json\/wp\/v2\/users\/4"}],"replies":[{"embeddable":true,"href":"https:\/\/comitati.fisi.org\/friuli-venezia-giulia\/wp-json\/wp\/v2\/comments?post=70292"}],"version-history":[{"count":0,"href":"https:\/\/comitati.fisi.org\/friuli-venezia-giulia\/wp-json\/wp\/v2\/posts\/70292\/revisions"}],"wp:featuredmedia":[{"embeddable":true,"href":"https:\/\/comitati.fisi.org\/friuli-venezia-giulia\/wp-json\/wp\/v2\/media\/70293"}],"wp:attachment":[{"href":"https:\/\/comitati.fisi.org\/friuli-venezia-giulia\/wp-json\/wp\/v2\/media?parent=70292"}],"wp:term":[{"taxonomy":"category","embeddable":true,"href":"https:\/\/comitati.fisi.org\/friuli-venezia-giulia\/wp-json\/wp\/v2\/categories?post=70292"},{"taxonomy":"post_tag","embeddable":true,"href":"https:\/\/comitati.fisi.org\/friuli-venezia-giulia\/wp-json\/wp\/v2\/tags?post=70292"}],"curies":[{"name":"wp","href":"https:\/\/api.w.org\/{rel}","templated":true}]}}