{"id":70260,"date":"2020-07-23T10:42:20","date_gmt":"2020-07-23T08:42:20","guid":{"rendered":"https:\/\/www.fisifvg.org\/?p=70260"},"modified":"2020-07-23T10:42:20","modified_gmt":"2020-07-23T08:42:20","slug":"dieci-giorni-di-lavoro-atletico-a-formia-per-losservata-azzurra-caterina-sinigoi","status":"publish","type":"post","link":"https:\/\/comitati.fisi.org\/friuli-venezia-giulia\/blog\/2020\/07\/23\/dieci-giorni-di-lavoro-atletico-a-formia-per-losservata-azzurra-caterina-sinigoi\/","title":{"rendered":"Dieci giorni di lavoro atletico a Formia per l&#8217;Osservata azzurra Caterina Sinigoi"},"content":{"rendered":"<p>I <strong>gruppi degli Osservati e delle Osservate di sci alpino<\/strong> stanno per partire per Formia per 10 giorni intensi di lavoro atletico. Dal 27 luglio al 4 agosto saranno infatti impegnate 15 atlete e 20 atleti. Le convocazioni sono state diramate dal dt del settore giovanile Max Carca, mentre molto nutrito sar\u00e0 lo staff tecnico che seguir\u00e0 i ragazzi al Centro di preparazione olimpica del Coni e sar\u00e0 guidato da Roberto Manzoni e Alex Prosch.<br \/>\nEcco i nomi dei convocati: Alice Pazzaglia, Beatrice Sola, Gaia Palamara, Martina Bianchi, Flavia Giordano, Lucia Pizzato, Emmi Frenademetz, <strong>Caterina Sinigoi (Squadra FISI FVG e tesserata con lo SK Devin<em>, <\/em>da oggi 17enne, <em>nella foto),<\/em><\/strong> Amelia Rigatti Di Grazia, Elisa Schranzhofer, Heloise Edifizi, Nadia Fenini, Elisa Negri, Nicole Nogler Kostner e Aurora Zavatarelli fra le donne; Lorenzo Bini, Marco Abbruzzese, Davide Seppi, Edoardo Saracco, Max Perathoner, Leonardo Rigamonti, Alberto Battisti, Jonas Bacher, Corrado Barbera, Gianlorenzo Di Paolo, Luca Isabella, Goffredo Mammarella, Giacomo Dalmasso, Benjamin Alliod, Federico Scussel, Maximilian Ranzi, Tommaso Zanella, Enrico Giacomelli, Gianmaria Illariuzzi ed Edoardo D&#8217;Amico fra gli uomini.<\/p>\n","protected":false},"excerpt":{"rendered":"<p>Dal 27 luglio al 4 agosto saranno impegnate 15 atlete e 20 atleti<\/p>\n","protected":false},"author":4,"featured_media":65443,"comment_status":"closed","ping_status":"closed","sticky":false,"template":"","format":"standard","meta":{"_acf_changed":false,"footnotes":""},"categories":[10,15],"tags":[],"acf":[],"_links":{"self":[{"href":"https:\/\/comitati.fisi.org\/friuli-venezia-giulia\/wp-json\/wp\/v2\/posts\/70260"}],"collection":[{"href":"https:\/\/comitati.fisi.org\/friuli-venezia-giulia\/wp-json\/wp\/v2\/posts"}],"about":[{"href":"https:\/\/comitati.fisi.org\/friuli-venezia-giulia\/wp-json\/wp\/v2\/types\/post"}],"author":[{"embeddable":true,"href":"https:\/\/comitati.fisi.org\/friuli-venezia-giulia\/wp-json\/wp\/v2\/users\/4"}],"replies":[{"embeddable":true,"href":"https:\/\/comitati.fisi.org\/friuli-venezia-giulia\/wp-json\/wp\/v2\/comments?post=70260"}],"version-history":[{"count":0,"href":"https:\/\/comitati.fisi.org\/friuli-venezia-giulia\/wp-json\/wp\/v2\/posts\/70260\/revisions"}],"wp:featuredmedia":[{"embeddable":true,"href":"https:\/\/comitati.fisi.org\/friuli-venezia-giulia\/wp-json\/wp\/v2\/media\/65443"}],"wp:attachment":[{"href":"https:\/\/comitati.fisi.org\/friuli-venezia-giulia\/wp-json\/wp\/v2\/media?parent=70260"}],"wp:term":[{"taxonomy":"category","embeddable":true,"href":"https:\/\/comitati.fisi.org\/friuli-venezia-giulia\/wp-json\/wp\/v2\/categories?post=70260"},{"taxonomy":"post_tag","embeddable":true,"href":"https:\/\/comitati.fisi.org\/friuli-venezia-giulia\/wp-json\/wp\/v2\/tags?post=70260"}],"curies":[{"name":"wp","href":"https:\/\/api.w.org\/{rel}","templated":true}]}}