{"id":70248,"date":"2020-07-22T10:42:55","date_gmt":"2020-07-22T08:42:55","guid":{"rendered":"https:\/\/www.fisifvg.org\/?p=70248"},"modified":"2020-07-22T10:42:55","modified_gmt":"2020-07-22T08:42:55","slug":"a-91-anni-se-ne-andato-giovanni-barbana-a-febbraio-lultima-gara","status":"publish","type":"post","link":"https:\/\/comitati.fisi.org\/friuli-venezia-giulia\/blog\/2020\/07\/22\/a-91-anni-se-ne-andato-giovanni-barbana-a-febbraio-lultima-gara\/","title":{"rendered":"A 91 anni se n&#8217;\u00e8 andato Giovanni Barbana, a febbraio l&#8217;ultima gara"},"content":{"rendered":"<p>Lo scorso febbraio era ancora l\u00ec, in pista a Forni di Sopra, con l&#8217;immancabile pettorale indossato per gareggiare nel circuito regionale Master.<\/p>\n<p>Perch\u00e8, a dispetto dell&#8217;et\u00e0 (classe 1929), Giovanni Barbana, tesserato con lo Sci Club Due, non ne voleva sapere di abbandonare quegli sci che tanto amava.<\/p>\n<p>Questa notte il decano degli agonisti, residente a Staranzano, se n&#8217;\u00e8 andato a 91 anni, compiuti lo scorso mese.<\/p>\n<p><em>&#8220;Una notizia che ti coglie come una freccia, che ti d\u00e0 un turbine di emozioni, ricordi, aneddoti, momenti di vita vissuta con tutti noi, anni e anni di gare, allenamenti, serate, premiazioni, una bandiera, &#8220;la&#8221; bandiera dello sci club, anzi, dello sci! &#8211; <\/em>si legge nel post pubblicato sui social dallo Sci Club Due<em> -. Ci sarebbe un libro da scrivere su Giovanni, ma non serve, chi lo conosce sa gi\u00e0 tutto di lui. La tristezza prende il sopravvento, i ricordi si sovrappongono. Quando nevicher\u00e0, la neve non sar\u00e0 la stessa, il cielo sar\u00e0 pi\u00f9 soffice. Tira bene le lamine Giovanni, sciolina giusta e via&#8230; Un abbraccio da tutti noi&#8221;.<\/em><\/p>\n<p>Alla famiglia Barbana e allo Sci Club Due vadano le condoglianze del presidente della FISI FVG Maurizio Dunnhofer, del consiglio direttivo e di tutto il mondo dello sci regionale.<\/p>\n","protected":false},"excerpt":{"rendered":"<p>Pochi mesi fa era ancora l\u00ec, in pista a Forni di Sopra, con l&#8217;immancabile pettorale indossato per gareggiare nel circuito regionale Master<\/p>\n","protected":false},"author":4,"featured_media":58190,"comment_status":"closed","ping_status":"closed","sticky":false,"template":"","format":"standard","meta":{"_acf_changed":false,"footnotes":""},"categories":[10,15],"tags":[],"acf":[],"_links":{"self":[{"href":"https:\/\/comitati.fisi.org\/friuli-venezia-giulia\/wp-json\/wp\/v2\/posts\/70248"}],"collection":[{"href":"https:\/\/comitati.fisi.org\/friuli-venezia-giulia\/wp-json\/wp\/v2\/posts"}],"about":[{"href":"https:\/\/comitati.fisi.org\/friuli-venezia-giulia\/wp-json\/wp\/v2\/types\/post"}],"author":[{"embeddable":true,"href":"https:\/\/comitati.fisi.org\/friuli-venezia-giulia\/wp-json\/wp\/v2\/users\/4"}],"replies":[{"embeddable":true,"href":"https:\/\/comitati.fisi.org\/friuli-venezia-giulia\/wp-json\/wp\/v2\/comments?post=70248"}],"version-history":[{"count":0,"href":"https:\/\/comitati.fisi.org\/friuli-venezia-giulia\/wp-json\/wp\/v2\/posts\/70248\/revisions"}],"wp:featuredmedia":[{"embeddable":true,"href":"https:\/\/comitati.fisi.org\/friuli-venezia-giulia\/wp-json\/wp\/v2\/media\/58190"}],"wp:attachment":[{"href":"https:\/\/comitati.fisi.org\/friuli-venezia-giulia\/wp-json\/wp\/v2\/media?parent=70248"}],"wp:term":[{"taxonomy":"category","embeddable":true,"href":"https:\/\/comitati.fisi.org\/friuli-venezia-giulia\/wp-json\/wp\/v2\/categories?post=70248"},{"taxonomy":"post_tag","embeddable":true,"href":"https:\/\/comitati.fisi.org\/friuli-venezia-giulia\/wp-json\/wp\/v2\/tags?post=70248"}],"curies":[{"name":"wp","href":"https:\/\/api.w.org\/{rel}","templated":true}]}}