{"id":70219,"date":"2020-07-18T11:15:16","date_gmt":"2020-07-18T09:15:16","guid":{"rendered":"https:\/\/www.fisifvg.org\/?p=70219"},"modified":"2020-07-18T11:15:16","modified_gmt":"2020-07-18T09:15:16","slug":"vittozzi-e-cappellari-al-quarto-raduno-stagionale-della-squadra-a-di-biathlon","status":"publish","type":"post","link":"https:\/\/comitati.fisi.org\/friuli-venezia-giulia\/blog\/2020\/07\/18\/vittozzi-e-cappellari-al-quarto-raduno-stagionale-della-squadra-a-di-biathlon\/","title":{"rendered":"Vittozzi e Cappellari al quarto raduno stagionale della squadra A di biathlon"},"content":{"rendered":"<p>Quarto raduno stagionale per la squadra nazionale &#8220;A&#8221; di biathlon che, dopo gli appuntamenti di Val Martello (due volte) e Anterselva, torna nuovamente nella locailit\u00e0 che ha ospitato nello scorso febbraio i Mondiali per allenarsi da luned\u00ec 20 a venerd\u00ec 31 luglio.<\/p>\n<p>Il direttore tecnico Fabrizio Curtaz ha convocato nove atleti: Dominik Windisch, Lukas Hofer, Patrick Braunhofer, <strong>Daniele Cappellari <em>(nella foto in versione ciclista)<\/em>,<\/strong> Didier Bionaz, Tommaso Giacomel,<strong> Lisa Vittozzi,<\/strong> Dorothea Wierer e Irene Lardschneider, alla presenza dei tecnici Andreas Zingerle, Klaus Hollrigl, Andrea Zattoni e Nicola Pozzi. Assente giustificata Michela Carrara.<\/p>\n<p>L&#8217;allenamento della prossima settimana \u00e8 il quarto dei sei programmati nel periodo estivo dallo staff, prima dell&#8217;inizio verso e proprio della stagione della neve previsto dalla fine di settembre.<\/p>\n","protected":false},"excerpt":{"rendered":"<p>Appuntamento a Anterselva dal 20 al 31 luglio per la sappadina, il fornese e gli altri azzurri<\/p>\n","protected":false},"author":4,"featured_media":69968,"comment_status":"closed","ping_status":"closed","sticky":false,"template":"","format":"standard","meta":{"_acf_changed":false,"footnotes":""},"categories":[13,10],"tags":[],"acf":[],"_links":{"self":[{"href":"https:\/\/comitati.fisi.org\/friuli-venezia-giulia\/wp-json\/wp\/v2\/posts\/70219"}],"collection":[{"href":"https:\/\/comitati.fisi.org\/friuli-venezia-giulia\/wp-json\/wp\/v2\/posts"}],"about":[{"href":"https:\/\/comitati.fisi.org\/friuli-venezia-giulia\/wp-json\/wp\/v2\/types\/post"}],"author":[{"embeddable":true,"href":"https:\/\/comitati.fisi.org\/friuli-venezia-giulia\/wp-json\/wp\/v2\/users\/4"}],"replies":[{"embeddable":true,"href":"https:\/\/comitati.fisi.org\/friuli-venezia-giulia\/wp-json\/wp\/v2\/comments?post=70219"}],"version-history":[{"count":0,"href":"https:\/\/comitati.fisi.org\/friuli-venezia-giulia\/wp-json\/wp\/v2\/posts\/70219\/revisions"}],"wp:featuredmedia":[{"embeddable":true,"href":"https:\/\/comitati.fisi.org\/friuli-venezia-giulia\/wp-json\/wp\/v2\/media\/69968"}],"wp:attachment":[{"href":"https:\/\/comitati.fisi.org\/friuli-venezia-giulia\/wp-json\/wp\/v2\/media?parent=70219"}],"wp:term":[{"taxonomy":"category","embeddable":true,"href":"https:\/\/comitati.fisi.org\/friuli-venezia-giulia\/wp-json\/wp\/v2\/categories?post=70219"},{"taxonomy":"post_tag","embeddable":true,"href":"https:\/\/comitati.fisi.org\/friuli-venezia-giulia\/wp-json\/wp\/v2\/tags?post=70219"}],"curies":[{"name":"wp","href":"https:\/\/api.w.org\/{rel}","templated":true}]}}