{"id":70139,"date":"2020-07-15T11:09:58","date_gmt":"2020-07-15T09:09:58","guid":{"rendered":"https:\/\/www.fisifvg.org\/?p=70139"},"modified":"2020-07-15T11:09:58","modified_gmt":"2020-07-15T09:09:58","slug":"anche-anziutti-al-nuovo-raduno-a-sauris-delle-squadre-nazionali-di-sci-derba","status":"publish","type":"post","link":"https:\/\/comitati.fisi.org\/friuli-venezia-giulia\/blog\/2020\/07\/15\/anche-anziutti-al-nuovo-raduno-a-sauris-delle-squadre-nazionali-di-sci-derba\/","title":{"rendered":"Anche Anziutti al nuovo raduno a Sauris delle squadre nazionali di sci d&#8217;erba"},"content":{"rendered":"<p>Si tiene ancora a <strong>Sauris il quinto raduno stagionale della squadra nazionale di sci d&#8217;erba.<\/strong><\/p>\n<p>La localit\u00e0 carnica, che la scorsa settimana aveva ospitato l&#8217;allenamento dei ragazzi di Fausto Cerentin dopo quelli di San Sicario, Lavarone e Tambre, sar\u00e0 ancora protagonista da gioved\u00ec 16 a domenica 19 luglio.<\/p>\n<p>Questa volta il team sar\u00e0 ancora pi\u00f9 numeroso e vedr\u00e0 impegnati Jacopo Facchin, Daniele Buio, Filippo Zamboni, Edardo Frau, Daniele Buio, Nicol\u00f2 Schiavetti, Marco Milesi, Alberto Bleynat, Marco Combi, <strong>Nicholas Anziutti (Fornese, <em>nella foto Combi),<\/em><\/strong> Gabriel Bonaldi, Davide Saviane, Federica Milesi, Margherita Mazzoncini, Ambra Gasperi, Antonella Manzoni e Monica Ferrighetto.<\/p>\n<p>Presente come sempre il tecnico Roberto Parisi.<\/p>\n","protected":false},"excerpt":{"rendered":"<p>Da gioved\u00ec 16 a domenica 19 si allener\u00e0 anche l&#8217;esponente della Fornese<\/p>\n","protected":false},"author":4,"featured_media":60278,"comment_status":"closed","ping_status":"closed","sticky":false,"template":"","format":"standard","meta":{"_acf_changed":false,"footnotes":""},"categories":[10,35,17],"tags":[],"acf":[],"_links":{"self":[{"href":"https:\/\/comitati.fisi.org\/friuli-venezia-giulia\/wp-json\/wp\/v2\/posts\/70139"}],"collection":[{"href":"https:\/\/comitati.fisi.org\/friuli-venezia-giulia\/wp-json\/wp\/v2\/posts"}],"about":[{"href":"https:\/\/comitati.fisi.org\/friuli-venezia-giulia\/wp-json\/wp\/v2\/types\/post"}],"author":[{"embeddable":true,"href":"https:\/\/comitati.fisi.org\/friuli-venezia-giulia\/wp-json\/wp\/v2\/users\/4"}],"replies":[{"embeddable":true,"href":"https:\/\/comitati.fisi.org\/friuli-venezia-giulia\/wp-json\/wp\/v2\/comments?post=70139"}],"version-history":[{"count":0,"href":"https:\/\/comitati.fisi.org\/friuli-venezia-giulia\/wp-json\/wp\/v2\/posts\/70139\/revisions"}],"wp:featuredmedia":[{"embeddable":true,"href":"https:\/\/comitati.fisi.org\/friuli-venezia-giulia\/wp-json\/wp\/v2\/media\/60278"}],"wp:attachment":[{"href":"https:\/\/comitati.fisi.org\/friuli-venezia-giulia\/wp-json\/wp\/v2\/media?parent=70139"}],"wp:term":[{"taxonomy":"category","embeddable":true,"href":"https:\/\/comitati.fisi.org\/friuli-venezia-giulia\/wp-json\/wp\/v2\/categories?post=70139"},{"taxonomy":"post_tag","embeddable":true,"href":"https:\/\/comitati.fisi.org\/friuli-venezia-giulia\/wp-json\/wp\/v2\/tags?post=70139"}],"curies":[{"name":"wp","href":"https:\/\/api.w.org\/{rel}","templated":true}]}}