{"id":69981,"date":"2020-07-11T11:24:30","date_gmt":"2020-07-11T09:24:30","guid":{"rendered":"https:\/\/www.fisifvg.org\/?p=69981"},"modified":"2020-07-11T11:24:30","modified_gmt":"2020-07-11T09:24:30","slug":"una-settimana-di-lavoro-a-tirrenia-per-lo-snowboarder-michele-godino","status":"publish","type":"post","link":"https:\/\/comitati.fisi.org\/friuli-venezia-giulia\/blog\/2020\/07\/11\/una-settimana-di-lavoro-a-tirrenia-per-lo-snowboarder-michele-godino\/","title":{"rendered":"Una settimana di lavoro a Tirrenia per lo snowboarder Michele Godino"},"content":{"rendered":"<p>Una settimana di lavoro all&#8217;interno della struttura del Centro di Preparazione Olimpica del CONI di Tirrenia, dove \u00e8 previsto da luned\u00ec 13 a luned\u00ec 20 luglio un nuovo allenamento atletico, per le<strong> squadre di snowboardcross di Coppa del mondo<\/strong> e giovani.<\/p>\n<p>Insieme a Michela Moioli saranno presenti Raffaella Brutto, Francesca Gallina, Sofia Belingheri, <strong>Michele Godino <em>(nella foto)<\/em>,<\/strong> Lorenzo Sommariva, Filippo Ferrari, Tommaso Leoni, Emanuel Perathoner e Omar Visintin, oltre al direttore sportivo Cesare Pisoni e al preparatore atletico Denis Bellotti.<\/p>\n","protected":false},"excerpt":{"rendered":"<p>Le squadre di snowboardcross di Coppa del mondo e giovani saranno impegnate da luned\u00ec 13<\/p>\n","protected":false},"author":4,"featured_media":55458,"comment_status":"closed","ping_status":"closed","sticky":false,"template":"","format":"standard","meta":{"_acf_changed":false,"footnotes":""},"categories":[10,18],"tags":[],"acf":[],"_links":{"self":[{"href":"https:\/\/comitati.fisi.org\/friuli-venezia-giulia\/wp-json\/wp\/v2\/posts\/69981"}],"collection":[{"href":"https:\/\/comitati.fisi.org\/friuli-venezia-giulia\/wp-json\/wp\/v2\/posts"}],"about":[{"href":"https:\/\/comitati.fisi.org\/friuli-venezia-giulia\/wp-json\/wp\/v2\/types\/post"}],"author":[{"embeddable":true,"href":"https:\/\/comitati.fisi.org\/friuli-venezia-giulia\/wp-json\/wp\/v2\/users\/4"}],"replies":[{"embeddable":true,"href":"https:\/\/comitati.fisi.org\/friuli-venezia-giulia\/wp-json\/wp\/v2\/comments?post=69981"}],"version-history":[{"count":0,"href":"https:\/\/comitati.fisi.org\/friuli-venezia-giulia\/wp-json\/wp\/v2\/posts\/69981\/revisions"}],"wp:featuredmedia":[{"embeddable":true,"href":"https:\/\/comitati.fisi.org\/friuli-venezia-giulia\/wp-json\/wp\/v2\/media\/55458"}],"wp:attachment":[{"href":"https:\/\/comitati.fisi.org\/friuli-venezia-giulia\/wp-json\/wp\/v2\/media?parent=69981"}],"wp:term":[{"taxonomy":"category","embeddable":true,"href":"https:\/\/comitati.fisi.org\/friuli-venezia-giulia\/wp-json\/wp\/v2\/categories?post=69981"},{"taxonomy":"post_tag","embeddable":true,"href":"https:\/\/comitati.fisi.org\/friuli-venezia-giulia\/wp-json\/wp\/v2\/tags?post=69981"}],"curies":[{"name":"wp","href":"https:\/\/api.w.org\/{rel}","templated":true}]}}