{"id":69977,"date":"2020-07-12T12:00:01","date_gmt":"2020-07-12T10:00:01","guid":{"rendered":"https:\/\/www.fisifvg.org\/?p=69977"},"modified":"2020-07-12T12:00:01","modified_gmt":"2020-07-12T10:00:01","slug":"salto-tarvisio-2","status":"publish","type":"post","link":"https:\/\/comitati.fisi.org\/friuli-venezia-giulia\/blog\/2020\/07\/12\/salto-tarvisio-2\/","title":{"rendered":"Cinque giorni di allenamenti a Tarvisio per le squadre nazionali di salto"},"content":{"rendered":"<p><strong>Tarvisio<\/strong> ospita il nuovo raduno della <strong>squadra nazionale di salto con gli sci<\/strong>, che si allener\u00e0 da luned\u00ec 13 a venerd\u00ec 17 luglio.<\/p>\n<p>Il direttore tecnico Federico Rigoni ha convocato Alex Insam,<strong> Francesco Cecon,<\/strong> Daniel Moroder, Mattia Galiani, <strong>Andrea Campregher<\/strong> e Giovanni Bresadola con gli allenatori <strong>Andrea Morassi <em>(nella foto)<\/em> e Zeno Di Lenardo<\/strong>.<\/p>\n<p>In loro compagnia ci saranno le ragazze della <strong>squadra femminile<\/strong> con Manuela Malsiner, Lara Malsiner, Jessica Malsiner e Martina Ambrosi, seguite da <strong>Sebastian Colloredo<\/strong> e Andreas Felder.<\/p>\n","protected":false},"excerpt":{"rendered":"<p>Nel gruppo anche Cecon e Campregher, oltre agli allenatori Morassi, Di Lenardo e Colloredo<\/p>\n","protected":false},"author":4,"featured_media":59261,"comment_status":"closed","ping_status":"closed","sticky":false,"template":"","format":"standard","meta":{"_acf_changed":false,"footnotes":""},"categories":[10,12],"tags":[],"acf":[],"_links":{"self":[{"href":"https:\/\/comitati.fisi.org\/friuli-venezia-giulia\/wp-json\/wp\/v2\/posts\/69977"}],"collection":[{"href":"https:\/\/comitati.fisi.org\/friuli-venezia-giulia\/wp-json\/wp\/v2\/posts"}],"about":[{"href":"https:\/\/comitati.fisi.org\/friuli-venezia-giulia\/wp-json\/wp\/v2\/types\/post"}],"author":[{"embeddable":true,"href":"https:\/\/comitati.fisi.org\/friuli-venezia-giulia\/wp-json\/wp\/v2\/users\/4"}],"replies":[{"embeddable":true,"href":"https:\/\/comitati.fisi.org\/friuli-venezia-giulia\/wp-json\/wp\/v2\/comments?post=69977"}],"version-history":[{"count":0,"href":"https:\/\/comitati.fisi.org\/friuli-venezia-giulia\/wp-json\/wp\/v2\/posts\/69977\/revisions"}],"wp:featuredmedia":[{"embeddable":true,"href":"https:\/\/comitati.fisi.org\/friuli-venezia-giulia\/wp-json\/wp\/v2\/media\/59261"}],"wp:attachment":[{"href":"https:\/\/comitati.fisi.org\/friuli-venezia-giulia\/wp-json\/wp\/v2\/media?parent=69977"}],"wp:term":[{"taxonomy":"category","embeddable":true,"href":"https:\/\/comitati.fisi.org\/friuli-venezia-giulia\/wp-json\/wp\/v2\/categories?post=69977"},{"taxonomy":"post_tag","embeddable":true,"href":"https:\/\/comitati.fisi.org\/friuli-venezia-giulia\/wp-json\/wp\/v2\/tags?post=69977"}],"curies":[{"name":"wp","href":"https:\/\/api.w.org\/{rel}","templated":true}]}}