{"id":69856,"date":"2020-07-01T09:49:02","date_gmt":"2020-07-01T07:49:02","guid":{"rendered":"https:\/\/www.fisifvg.org\/?p=69856"},"modified":"2020-07-01T09:49:02","modified_gmt":"2020-07-01T07:49:02","slug":"una-supersquadra-al-femminile-per-lo-sci-club-pordenone","status":"publish","type":"post","link":"https:\/\/comitati.fisi.org\/friuli-venezia-giulia\/blog\/2020\/07\/01\/una-supersquadra-al-femminile-per-lo-sci-club-pordenone\/","title":{"rendered":"Una supersquadra al femminile per lo Sci Club Pordenone"},"content":{"rendered":"<p><em><strong>Riceviamo dallo Sci Club Pordenone e volentieri pubblichiamo.<\/strong><\/em><\/p>\n<p><em><strong><br \/>\n<\/strong><\/em>Entusiasmo alle stelle allo <strong>Sci Club Pordenone<\/strong> per il consolidarsi di una squadra femminile di tutto rispetto.<\/p>\n<p class=\"ox-a0f2ef9e8c-MsoNormal\">Il ds Luigi Porracin lo definisce uno <b>\u201csquadrone da favola\u201d,<\/b> perch\u00e9 vedr\u00e0 al cancelletto delle gare internazionali atlete, seppur giovani, ma di grande talento competitivo.<\/p>\n<p class=\"ox-a0f2ef9e8c-MsoNormal\">Alle \u201cveterane\u201d <b>Alice Leon, Martina Mascarin e Ginevra Pase<\/b>\u00a0si aggiungono in volata le new entry\u00a0<b>Angela Chiarotto, Elisa Pastorini e Sofia Colombo.<\/b><\/p>\n<p class=\"ox-a0f2ef9e8c-MsoNormal\">Quest\u2019ultima atleta, nata dal vivaio dello Sci Club 5 Cime e prima nella classifica finale Allieve del GP FISI FVG 2019-20, si sta allenando con attenzione con l\u2019allenatore <b>Mattia Gianessi,<\/b> conosciuto in loco come il &#8220;Guru dello sci&#8221; ed amico collaborativo del pi\u00f9 noto <b>Claudio Ravetto.<\/b><\/p>\n<p class=\"ox-a0f2ef9e8c-MsoNormal\">Il cambio di soci\u00e8t\u00e0 permetter\u00e0 a <b>Sofia<\/b>\u00a0(e questo \u00e8 l\u2019auspicio) di correre con nuovi stimoli e di potersi esprimere e confrontare nel migliore dei modi, dal momento che la mission dello sci club Pordenone \u00e8 creare le condizioni per competere ad alto livello.<\/p>\n<p class=\"ox-a0f2ef9e8c-MsoNormal\">A supporto di quanto detto, in questa stagione \u00e8 stata concluso un accordo tecnico tra lo<b> SCPN e il Team Progetto Giovani\u00a0<\/b>per allenare la categoria Giovani, fiduciosi di poter contare su due allenatori di alto riferimento tecnico, ovvero <b>Francesco Ciot e Andrea Appierto, che sostituiscono Nicola Ferrandi, <\/b>ora impegnato in un compito altrettanto complesso, ovvero rinforzare il progetto Warm Up.<\/p>\n<p class=\"ox-a0f2ef9e8c-MsoNormal\">Si coglie l\u2019occasione per ricordare che oltre allo squadrone Fis femminile, esiste anche una realt\u00e0 maschile composta <b>da Renato Moretti, Enrico Colombo, Paolo Palmegiano, Michele La Grassa e Pietro Barato,<\/b> tutti atleti che spesso hanno rappresentato la nostra regione nelle competizioni internazionali con lusinghieri piazzamenti.<\/p>\n<p class=\"ox-a0f2ef9e8c-MsoNormal\">Nel circuito Fisi regionale sempre ottime le prestazioni di<b> Simone Pagazzi e Andrea Toscano,<\/b>\u00a0che primeggiano nelle rispettive categorie.<\/p>\n<p class=\"ox-a0f2ef9e8c-MsoNormal\">Alla new entry\u00a0<b>Sofia Colombo<\/b> vada il benvenuto del\u00a0<b>presidente Fabrizio Ricci,<\/b> inesauribile istrione dello SCPN, e dell\u2019intero consiglio direttivo.<\/p>\n<p><em><strong>(nella foto Sofia Colombo)<\/strong><\/em><\/p>\n","protected":false},"excerpt":{"rendered":"<p>Alle \u201cveterane\u201d Alice Leon, Martina Mascarin e Ginevra Pase\u00a0si aggiungono le new entry\u00a0Angela Chiarotto, Elisa Pastorini e Sofia Colombo<\/p>\n","protected":false},"author":4,"featured_media":69861,"comment_status":"closed","ping_status":"closed","sticky":false,"template":"","format":"standard","meta":{"_acf_changed":false,"footnotes":""},"categories":[15],"tags":[],"acf":[],"_links":{"self":[{"href":"https:\/\/comitati.fisi.org\/friuli-venezia-giulia\/wp-json\/wp\/v2\/posts\/69856"}],"collection":[{"href":"https:\/\/comitati.fisi.org\/friuli-venezia-giulia\/wp-json\/wp\/v2\/posts"}],"about":[{"href":"https:\/\/comitati.fisi.org\/friuli-venezia-giulia\/wp-json\/wp\/v2\/types\/post"}],"author":[{"embeddable":true,"href":"https:\/\/comitati.fisi.org\/friuli-venezia-giulia\/wp-json\/wp\/v2\/users\/4"}],"replies":[{"embeddable":true,"href":"https:\/\/comitati.fisi.org\/friuli-venezia-giulia\/wp-json\/wp\/v2\/comments?post=69856"}],"version-history":[{"count":0,"href":"https:\/\/comitati.fisi.org\/friuli-venezia-giulia\/wp-json\/wp\/v2\/posts\/69856\/revisions"}],"wp:featuredmedia":[{"embeddable":true,"href":"https:\/\/comitati.fisi.org\/friuli-venezia-giulia\/wp-json\/wp\/v2\/media\/69861"}],"wp:attachment":[{"href":"https:\/\/comitati.fisi.org\/friuli-venezia-giulia\/wp-json\/wp\/v2\/media?parent=69856"}],"wp:term":[{"taxonomy":"category","embeddable":true,"href":"https:\/\/comitati.fisi.org\/friuli-venezia-giulia\/wp-json\/wp\/v2\/categories?post=69856"},{"taxonomy":"post_tag","embeddable":true,"href":"https:\/\/comitati.fisi.org\/friuli-venezia-giulia\/wp-json\/wp\/v2\/tags?post=69856"}],"curies":[{"name":"wp","href":"https:\/\/api.w.org\/{rel}","templated":true}]}}