{"id":69839,"date":"2020-06-30T10:45:42","date_gmt":"2020-06-30T08:45:42","guid":{"rendered":"https:\/\/www.fisifvg.org\/?p=69839"},"modified":"2020-06-30T10:45:42","modified_gmt":"2020-06-30T08:45:42","slug":"sci-regionale-in-lutto-addio-a-valentino-cescutti","status":"publish","type":"post","link":"https:\/\/comitati.fisi.org\/friuli-venezia-giulia\/blog\/2020\/06\/30\/sci-regionale-in-lutto-addio-a-valentino-cescutti\/","title":{"rendered":"Sci regionale in lutto, addio a Valentino Cescutti"},"content":{"rendered":"<p>Lo sci del Friuli Venezia Giulia perde un personaggio che tanto ha fatto per il nostro mondo.<\/p>\n<p>All&#8217;et\u00e0 di 81 anni si \u00e8 spento questa mattina Valentino Cescutti, gi\u00e0 presidente del Comitato provinciale FISI di Udine e, sempre in passato, anche responsabile dei Giudici di Gara Fvg.<\/p>\n<p>Originario di Udine, ma residente a San Daniele del Friuli, Cescutti si era anche candidato alla presidenza del Comitato regionale FISI.<\/p>\n<p>Lascia il ricordo di un uomo benvoluto e stimato da tutti.<br \/>\n<span style=\"font-size: 1rem\"><br \/>\nI funerali avranno luogo gioved\u00ec 2 luglio alle ore 16 presso il Santuario di Madonna di Strada a San Daniele del Friuli.<\/span><\/p>\n<p>Alla famiglia Cescutti vanno le condoglianze del presidente della FISI FVG Maurizio Dunnhofer, del Consiglio Direttivo e di tutto il mondo dello sci regionale.<\/p>\n<p><em><strong>(foto tratta dal profilo Facebook)<\/strong><\/em><\/p>\n","protected":false},"excerpt":{"rendered":"<p>All&#8217;et\u00e0 di 81 anni si \u00e8 spento questa mattina il gi\u00e0 presidente del Comitato provinciale FISI di Udine e responsabile dei Giudici di Gara Fvg<\/p>\n","protected":false},"author":4,"featured_media":69841,"comment_status":"closed","ping_status":"closed","sticky":false,"template":"","format":"standard","meta":{"_acf_changed":false,"footnotes":""},"categories":[10,17],"tags":[],"acf":[],"_links":{"self":[{"href":"https:\/\/comitati.fisi.org\/friuli-venezia-giulia\/wp-json\/wp\/v2\/posts\/69839"}],"collection":[{"href":"https:\/\/comitati.fisi.org\/friuli-venezia-giulia\/wp-json\/wp\/v2\/posts"}],"about":[{"href":"https:\/\/comitati.fisi.org\/friuli-venezia-giulia\/wp-json\/wp\/v2\/types\/post"}],"author":[{"embeddable":true,"href":"https:\/\/comitati.fisi.org\/friuli-venezia-giulia\/wp-json\/wp\/v2\/users\/4"}],"replies":[{"embeddable":true,"href":"https:\/\/comitati.fisi.org\/friuli-venezia-giulia\/wp-json\/wp\/v2\/comments?post=69839"}],"version-history":[{"count":0,"href":"https:\/\/comitati.fisi.org\/friuli-venezia-giulia\/wp-json\/wp\/v2\/posts\/69839\/revisions"}],"wp:featuredmedia":[{"embeddable":true,"href":"https:\/\/comitati.fisi.org\/friuli-venezia-giulia\/wp-json\/wp\/v2\/media\/69841"}],"wp:attachment":[{"href":"https:\/\/comitati.fisi.org\/friuli-venezia-giulia\/wp-json\/wp\/v2\/media?parent=69839"}],"wp:term":[{"taxonomy":"category","embeddable":true,"href":"https:\/\/comitati.fisi.org\/friuli-venezia-giulia\/wp-json\/wp\/v2\/categories?post=69839"},{"taxonomy":"post_tag","embeddable":true,"href":"https:\/\/comitati.fisi.org\/friuli-venezia-giulia\/wp-json\/wp\/v2\/tags?post=69839"}],"curies":[{"name":"wp","href":"https:\/\/api.w.org\/{rel}","templated":true}]}}