{"id":69775,"date":"2020-06-22T17:54:56","date_gmt":"2020-06-22T15:54:56","guid":{"rendered":"https:\/\/www.fisifvg.org\/?p=69775"},"modified":"2020-06-22T17:54:56","modified_gmt":"2020-06-22T15:54:56","slug":"lara-della-mea-e-le-altre-azzurre-di-coppa-del-mondo-risalgono-allo-stelvio","status":"publish","type":"post","link":"https:\/\/comitati.fisi.org\/friuli-venezia-giulia\/blog\/2020\/06\/22\/lara-della-mea-e-le-altre-azzurre-di-coppa-del-mondo-risalgono-allo-stelvio\/","title":{"rendered":"Lara Della Mea e le altre azzurre di Coppa del Mondo risalgono allo Stelvio"},"content":{"rendered":"<p>Seconda tornata di allenamenti al Passo dello Stelvio per la squadra nazionale Elite femminile di sci alpino composta da Marta Bassino, Federica Brignone, Sofia Goggia, convocata dal direttore sportivo Max Rinaldi per il raduno in ghiacciaio al via marted\u00ec 23 giugno, che durer\u00e0 fino a marted\u00ec 30 giugno.<br \/>\nSaranno presenti anche il direttore tecnico Gianluca Rulfi, i tecnici Daniele Simoncelli e Marcello Tavola e il fisioterapista Luigi Devizzi.<\/p>\n<p>Stesso discorso per il gruppo delle polivalenti, nuovamente in pista nello stesso periodo con l&#8217;allenatore responsabile Giovanni Feltrin, assistito dai tecnici Paolo Deflorian, Paolo Stefanini e Luca Scarian.<br \/>\nSi tratta di Elena Curtoni, Nadia Delago, Nicol Delago, Verena Gasslitter, Francesca Marsaglia, Roberta Melesi e Laura Pirovano, mentre Matteo Guadagnini guider\u00e0 l&#8217;allenamento del quartetto di slalom con Irene Curtoni, <strong>Lara Della Mea<\/strong> <em><strong>(nella foto),<\/strong><\/em> Marta Rossetti e Martina Peterlini.<\/p>\n","protected":false},"excerpt":{"rendered":"<p>Seconda tornata di allenamenti in ghiacciaio per le squadre nazionali femminili di sci alpino<\/p>\n","protected":false},"author":4,"featured_media":67289,"comment_status":"closed","ping_status":"closed","sticky":false,"template":"","format":"standard","meta":{"_acf_changed":false,"footnotes":""},"categories":[10,15],"tags":[],"acf":[],"_links":{"self":[{"href":"https:\/\/comitati.fisi.org\/friuli-venezia-giulia\/wp-json\/wp\/v2\/posts\/69775"}],"collection":[{"href":"https:\/\/comitati.fisi.org\/friuli-venezia-giulia\/wp-json\/wp\/v2\/posts"}],"about":[{"href":"https:\/\/comitati.fisi.org\/friuli-venezia-giulia\/wp-json\/wp\/v2\/types\/post"}],"author":[{"embeddable":true,"href":"https:\/\/comitati.fisi.org\/friuli-venezia-giulia\/wp-json\/wp\/v2\/users\/4"}],"replies":[{"embeddable":true,"href":"https:\/\/comitati.fisi.org\/friuli-venezia-giulia\/wp-json\/wp\/v2\/comments?post=69775"}],"version-history":[{"count":0,"href":"https:\/\/comitati.fisi.org\/friuli-venezia-giulia\/wp-json\/wp\/v2\/posts\/69775\/revisions"}],"wp:featuredmedia":[{"embeddable":true,"href":"https:\/\/comitati.fisi.org\/friuli-venezia-giulia\/wp-json\/wp\/v2\/media\/67289"}],"wp:attachment":[{"href":"https:\/\/comitati.fisi.org\/friuli-venezia-giulia\/wp-json\/wp\/v2\/media?parent=69775"}],"wp:term":[{"taxonomy":"category","embeddable":true,"href":"https:\/\/comitati.fisi.org\/friuli-venezia-giulia\/wp-json\/wp\/v2\/categories?post=69775"},{"taxonomy":"post_tag","embeddable":true,"href":"https:\/\/comitati.fisi.org\/friuli-venezia-giulia\/wp-json\/wp\/v2\/tags?post=69775"}],"curies":[{"name":"wp","href":"https:\/\/api.w.org\/{rel}","templated":true}]}}