{"id":69749,"date":"2020-06-19T14:35:26","date_gmt":"2020-06-19T12:35:26","guid":{"rendered":"https:\/\/www.fisifvg.org\/?p=69749"},"modified":"2020-06-19T14:35:26","modified_gmt":"2020-06-19T12:35:26","slug":"nuova-tornata-di-allenamenti-allo-stelvio-per-emanuele-buzzi","status":"publish","type":"post","link":"https:\/\/comitati.fisi.org\/friuli-venezia-giulia\/blog\/2020\/06\/19\/nuova-tornata-di-allenamenti-allo-stelvio-per-emanuele-buzzi\/","title":{"rendered":"Nuova tornata di allenamenti allo Stelvio per Emanuele Buzzi"},"content":{"rendered":"<p>Seconda tornata di allenamenti per la squadra della velocit\u00e0 maschile di Coppa del mondo di sci alpino sul ghiacciaio del Passo dello Stelvio. Il direttore sportivo ha convocato Christof Innerhofer, <strong>Emanuele Buzzi<\/strong> <em><strong>(nella foto)<\/strong><\/em>, Mattia Casse, Alexander Prast e Matteo Marsaglia da oggi a mercoled\u00ec 24 giugno con il direttore tecnico Alberto Ghidoni, gli allenatori Christian Corradino e Raimund Plancker e il preparatore atletico Giuseppe Abruzzini. Naturalmente assente Dominik Paris, che prosegue la completa rieducazione al ginocchio.<\/p>\n","protected":false},"excerpt":{"rendered":"<p>La squadra di Coppa del Mondo di velocit\u00e0 lavorera\u00e0 sul ghiacciaio fino a mercoled\u00ec 24<\/p>\n","protected":false},"author":4,"featured_media":66071,"comment_status":"closed","ping_status":"closed","sticky":false,"template":"","format":"standard","meta":{"_acf_changed":false,"footnotes":""},"categories":[10,15],"tags":[],"acf":[],"_links":{"self":[{"href":"https:\/\/comitati.fisi.org\/friuli-venezia-giulia\/wp-json\/wp\/v2\/posts\/69749"}],"collection":[{"href":"https:\/\/comitati.fisi.org\/friuli-venezia-giulia\/wp-json\/wp\/v2\/posts"}],"about":[{"href":"https:\/\/comitati.fisi.org\/friuli-venezia-giulia\/wp-json\/wp\/v2\/types\/post"}],"author":[{"embeddable":true,"href":"https:\/\/comitati.fisi.org\/friuli-venezia-giulia\/wp-json\/wp\/v2\/users\/4"}],"replies":[{"embeddable":true,"href":"https:\/\/comitati.fisi.org\/friuli-venezia-giulia\/wp-json\/wp\/v2\/comments?post=69749"}],"version-history":[{"count":0,"href":"https:\/\/comitati.fisi.org\/friuli-venezia-giulia\/wp-json\/wp\/v2\/posts\/69749\/revisions"}],"wp:featuredmedia":[{"embeddable":true,"href":"https:\/\/comitati.fisi.org\/friuli-venezia-giulia\/wp-json\/wp\/v2\/media\/66071"}],"wp:attachment":[{"href":"https:\/\/comitati.fisi.org\/friuli-venezia-giulia\/wp-json\/wp\/v2\/media?parent=69749"}],"wp:term":[{"taxonomy":"category","embeddable":true,"href":"https:\/\/comitati.fisi.org\/friuli-venezia-giulia\/wp-json\/wp\/v2\/categories?post=69749"},{"taxonomy":"post_tag","embeddable":true,"href":"https:\/\/comitati.fisi.org\/friuli-venezia-giulia\/wp-json\/wp\/v2\/tags?post=69749"}],"curies":[{"name":"wp","href":"https:\/\/api.w.org\/{rel}","templated":true}]}}