{"id":69693,"date":"2020-06-15T16:45:21","date_gmt":"2020-06-15T14:45:21","guid":{"rendered":"https:\/\/www.fisifvg.org\/?p=69693"},"modified":"2020-06-15T16:45:21","modified_gmt":"2020-06-15T14:45:21","slug":"andrea-gartner-e-luca-sclisizzo-nella-squadra-nazionale-under-20-di-fondo","status":"publish","type":"post","link":"https:\/\/comitati.fisi.org\/friuli-venezia-giulia\/blog\/2020\/06\/15\/andrea-gartner-e-luca-sclisizzo-nella-squadra-nazionale-under-20-di-fondo\/","title":{"rendered":"Andrea Gartner e Luca Sclisizzo nella squadra nazionale Under 20 di fondo"},"content":{"rendered":"<p><strong>Luca Sclisizzo e <\/strong>il bachmaniano<strong> Andrea Gartner<\/strong>\u00a0fanno parte della <strong>squadra nazionale Juniores-Under 20 di fondo 2020-2021<\/strong>, ufficializzata oggi dal presidente Flavio Roda.<\/p>\n<p>Un&#8217;altra presenza FISI FVG la ritroviamo nel <strong>gruppo di interesse nazionale<\/strong>, dove \u00e8 stato inserito <strong>Edoardo Buzzi.<\/strong> Potrebbe per\u00f2 non essere l&#8217;unico, perch\u00e8 il gruppo verr\u00e0 ulteriormente completato nelle prossime settimane, quando si riunir\u00e0 la Commissione Giovani.<\/p>\n<p><a href=\"https:\/\/www.fisi.org\/sci-di-fondo\/news\/21649-ufficializzate-le-squadre-junior-e-di-interesse-nazionale-alfred-stauder-nominato-direttore-tecnico-giovanil\">QUI LA SQUADRA COMPLETA<\/a><\/p>\n<p>&nbsp;<\/p>\n<p>&nbsp;<\/p>\n","protected":false},"excerpt":{"rendered":"<p>Un&#8217;altra presenza FISI FVG la ritroviamo nel gruppo di interesse nazionale, del quale fa parte Edoardo Buzzi<\/p>\n","protected":false},"author":4,"featured_media":69697,"comment_status":"closed","ping_status":"closed","sticky":false,"template":"","format":"standard","meta":{"_acf_changed":false,"footnotes":""},"categories":[10,11],"tags":[],"acf":[],"_links":{"self":[{"href":"https:\/\/comitati.fisi.org\/friuli-venezia-giulia\/wp-json\/wp\/v2\/posts\/69693"}],"collection":[{"href":"https:\/\/comitati.fisi.org\/friuli-venezia-giulia\/wp-json\/wp\/v2\/posts"}],"about":[{"href":"https:\/\/comitati.fisi.org\/friuli-venezia-giulia\/wp-json\/wp\/v2\/types\/post"}],"author":[{"embeddable":true,"href":"https:\/\/comitati.fisi.org\/friuli-venezia-giulia\/wp-json\/wp\/v2\/users\/4"}],"replies":[{"embeddable":true,"href":"https:\/\/comitati.fisi.org\/friuli-venezia-giulia\/wp-json\/wp\/v2\/comments?post=69693"}],"version-history":[{"count":0,"href":"https:\/\/comitati.fisi.org\/friuli-venezia-giulia\/wp-json\/wp\/v2\/posts\/69693\/revisions"}],"wp:featuredmedia":[{"embeddable":true,"href":"https:\/\/comitati.fisi.org\/friuli-venezia-giulia\/wp-json\/wp\/v2\/media\/69697"}],"wp:attachment":[{"href":"https:\/\/comitati.fisi.org\/friuli-venezia-giulia\/wp-json\/wp\/v2\/media?parent=69693"}],"wp:term":[{"taxonomy":"category","embeddable":true,"href":"https:\/\/comitati.fisi.org\/friuli-venezia-giulia\/wp-json\/wp\/v2\/categories?post=69693"},{"taxonomy":"post_tag","embeddable":true,"href":"https:\/\/comitati.fisi.org\/friuli-venezia-giulia\/wp-json\/wp\/v2\/tags?post=69693"}],"curies":[{"name":"wp","href":"https:\/\/api.w.org\/{rel}","templated":true}]}}