{"id":69653,"date":"2020-06-11T14:15:31","date_gmt":"2020-06-11T12:15:31","guid":{"rendered":"https:\/\/www.fisifvg.org\/?p=69653"},"modified":"2020-06-11T14:15:31","modified_gmt":"2020-06-11T12:15:31","slug":"pittin-del-fabbro-e-graz-pronti-al-primo-raduno-del-fondo-azzurro","status":"publish","type":"post","link":"https:\/\/comitati.fisi.org\/friuli-venezia-giulia\/blog\/2020\/06\/11\/pittin-del-fabbro-e-graz-pronti-al-primo-raduno-del-fondo-azzurro\/","title":{"rendered":"Pittin, Del Fabbro e Graz pronti al primo raduno del fondo azzurro"},"content":{"rendered":"<p>Il Passo dello Stelvio \u00e8 pronto ad ospitare anche le <strong>squadre nazionali di sci di fondo<\/strong>, che da domenica 14 giugno saranno ospiti dell&#8217;Hotel Livrio situato a 3174 metri di altitudine. Il direttore tecnico Marco Selle ha convocato per l&#8217;occasione cinque atleti del gruppo &#8220;A&#8221; composto da Federico Pellegrino, Francesco De Fabiani, Maicol Rastelli, Giandomenico Salvadori e Greta Laurent, che saranno assistiti dall&#8217;allenatore Stefano Saracco. Assente giustificata Lucia Scardoni.<\/p>\n<p>La squadra si allener\u00e0 in ghiacciaio fino a marted\u00ec 23 giugno insieme al team femminile di Milano-Cortina 2026 che presenter\u00e0 Anna Comarella, Caterina Ganz, Francesca Franchi, Martina Bellini<strong>, Cristina Pittin<\/strong> e Nicole Monsorno.<br \/>\nStesso inizio ma conclusione anticipata al 20 giugno per gli uomini del gruppo Milano-Cortina con Stefan Zelger, Michael Hellweger, Paolo Ventura, Simone Dapr\u00e0, Lorenzo Romano, <strong>Luca Del Fabbro e Davide Graz<\/strong>. Tutti questi atleti saranno seguiti dai tecnici Renato Pasini e Fulvio Scola.<\/p>\n<p>&nbsp;<\/p>\n<p>&nbsp;<\/p>\n<p>&nbsp;<\/p>\n","protected":false},"excerpt":{"rendered":"<p>Il Passo dello Stelvio ospiter\u00e0 da domenica 14 anche le squadre nazionali degli sci stretti<\/p>\n","protected":false},"author":4,"featured_media":69658,"comment_status":"closed","ping_status":"closed","sticky":false,"template":"","format":"standard","meta":{"_acf_changed":false,"footnotes":""},"categories":[10,11],"tags":[],"acf":[],"_links":{"self":[{"href":"https:\/\/comitati.fisi.org\/friuli-venezia-giulia\/wp-json\/wp\/v2\/posts\/69653"}],"collection":[{"href":"https:\/\/comitati.fisi.org\/friuli-venezia-giulia\/wp-json\/wp\/v2\/posts"}],"about":[{"href":"https:\/\/comitati.fisi.org\/friuli-venezia-giulia\/wp-json\/wp\/v2\/types\/post"}],"author":[{"embeddable":true,"href":"https:\/\/comitati.fisi.org\/friuli-venezia-giulia\/wp-json\/wp\/v2\/users\/4"}],"replies":[{"embeddable":true,"href":"https:\/\/comitati.fisi.org\/friuli-venezia-giulia\/wp-json\/wp\/v2\/comments?post=69653"}],"version-history":[{"count":0,"href":"https:\/\/comitati.fisi.org\/friuli-venezia-giulia\/wp-json\/wp\/v2\/posts\/69653\/revisions"}],"wp:featuredmedia":[{"embeddable":true,"href":"https:\/\/comitati.fisi.org\/friuli-venezia-giulia\/wp-json\/wp\/v2\/media\/69658"}],"wp:attachment":[{"href":"https:\/\/comitati.fisi.org\/friuli-venezia-giulia\/wp-json\/wp\/v2\/media?parent=69653"}],"wp:term":[{"taxonomy":"category","embeddable":true,"href":"https:\/\/comitati.fisi.org\/friuli-venezia-giulia\/wp-json\/wp\/v2\/categories?post=69653"},{"taxonomy":"post_tag","embeddable":true,"href":"https:\/\/comitati.fisi.org\/friuli-venezia-giulia\/wp-json\/wp\/v2\/tags?post=69653"}],"curies":[{"name":"wp","href":"https:\/\/api.w.org\/{rel}","templated":true}]}}