{"id":69575,"date":"2020-06-08T14:42:59","date_gmt":"2020-06-08T12:42:59","guid":{"rendered":"https:\/\/www.fisifvg.org\/?p=69575"},"modified":"2020-06-08T14:42:59","modified_gmt":"2020-06-08T12:42:59","slug":"info-utili-sulla-ripresa-dellattivita-di-children-cuccioli-e-baby","status":"publish","type":"post","link":"https:\/\/comitati.fisi.org\/friuli-venezia-giulia\/blog\/2020\/06\/08\/info-utili-sulla-ripresa-dellattivita-di-children-cuccioli-e-baby\/","title":{"rendered":"Info utili sulla ripresa dell&#8217;attivit\u00e0 di Children, Cuccioli e Baby"},"content":{"rendered":"<p><em><strong>Riceviamo dal presidente della FISI Flavio Roda e pubblichiamo<\/strong><\/em>.<\/p>\n<p>In riferimento alla ripresa dell&#8217;attivit\u00e0 di Children, Cuccioli e Baby, si riportano sommariamente le disposizioni federali:<\/p>\n<p>Per quanto riguarda\u00a0<i>le categorie Children, Cuccioli e Baby \u00e8 gi\u00e0 possibile la ripresa dell&#8217;attivit\u00e0 fisica individuale e di gruppo, rispettando le norme dello stesso decreto. Nel momento in cui verr\u00e0 ammessa l&#8217;apertura degli impianti, potranno ugualmente fare uso degli stessi, rispettando le indicazioni appena citate riguardo ai gruppi 1 e 2<\/i> che si riportano per Vostra comodit\u00e0:<\/p>\n<p>&#8211; Gruppo 1: agli atleti che dal 1 febbraio ad oggi hanno presentato una sintomatologia riferibile a Covid (febbre, tosse, dispnea, etc..), si consiglia il rientro alla pratica sportiva a seguito di una nuova visita di idoneit\u00e0 sportiva.<\/p>\n<p>&#8211; Gruppo 2: gli asintomatici che non hanno presentato dal 1 febbraio ad oggi sintomi riferibili a Covid (febbre, tosse, dispnea, etc..), possono riprendere l&#8217;attivit\u00e0 sportiva nel pieno rispetto delle regole del decreto del Presidente del Consiglio dei Ministri del 17 maggio 2020.<\/p>\n<p>Per quanto riguarda il trasporto, nei diversi protocolli federali viene richiesto di \u201cprivilegiare\u201d L\u2019UTILIZZO DI MEZZI PROPRI in quanto per i veicoli ad \u201cuso promiscuo\u201d sarebbe opportuno procedere alle operazioni di sanificazione e rimandando alle disposizione normative attualmente vigenti che si riportano \u2013 di seguito &#8211; per comodit\u00e0:<br \/>\n\u2022 Il passeggero non pu\u00f2 occupare il sedile accanto al conducente<br \/>\n\u2022 Non pi\u00f9 di due passeggeri sui sedili posteriori purch\u00e9 muniti di dispositivi di sicurezza. In mancanza dei dispositivi, consentito un solo passeggero<br \/>\n\u2022 Su vetture omologate al trasporto di sei o pi\u00f9 persone, consentiti non pi\u00f9 di due passeggeri per ogni fila di sedili purch\u00e9 muniti di mascherine. Se possibile, dotare le vetture di paratie<br \/>\n\u2022 Uso di dispositivo di protezione individuale per il conducente.<\/p>\n","protected":false},"excerpt":{"rendered":"<p>Proponiamo la comunicazione del presidente della FISI Flavio Roda <\/p>\n","protected":false},"author":4,"featured_media":28777,"comment_status":"closed","ping_status":"closed","sticky":false,"template":"","format":"standard","meta":{"_acf_changed":false,"footnotes":""},"categories":[21,10,17],"tags":[],"acf":[],"_links":{"self":[{"href":"https:\/\/comitati.fisi.org\/friuli-venezia-giulia\/wp-json\/wp\/v2\/posts\/69575"}],"collection":[{"href":"https:\/\/comitati.fisi.org\/friuli-venezia-giulia\/wp-json\/wp\/v2\/posts"}],"about":[{"href":"https:\/\/comitati.fisi.org\/friuli-venezia-giulia\/wp-json\/wp\/v2\/types\/post"}],"author":[{"embeddable":true,"href":"https:\/\/comitati.fisi.org\/friuli-venezia-giulia\/wp-json\/wp\/v2\/users\/4"}],"replies":[{"embeddable":true,"href":"https:\/\/comitati.fisi.org\/friuli-venezia-giulia\/wp-json\/wp\/v2\/comments?post=69575"}],"version-history":[{"count":0,"href":"https:\/\/comitati.fisi.org\/friuli-venezia-giulia\/wp-json\/wp\/v2\/posts\/69575\/revisions"}],"wp:featuredmedia":[{"embeddable":true,"href":"https:\/\/comitati.fisi.org\/friuli-venezia-giulia\/wp-json\/wp\/v2\/media\/28777"}],"wp:attachment":[{"href":"https:\/\/comitati.fisi.org\/friuli-venezia-giulia\/wp-json\/wp\/v2\/media?parent=69575"}],"wp:term":[{"taxonomy":"category","embeddable":true,"href":"https:\/\/comitati.fisi.org\/friuli-venezia-giulia\/wp-json\/wp\/v2\/categories?post=69575"},{"taxonomy":"post_tag","embeddable":true,"href":"https:\/\/comitati.fisi.org\/friuli-venezia-giulia\/wp-json\/wp\/v2\/tags?post=69575"}],"curies":[{"name":"wp","href":"https:\/\/api.w.org\/{rel}","templated":true}]}}