{"id":69545,"date":"2020-06-03T17:28:52","date_gmt":"2020-06-03T15:28:52","guid":{"rendered":"https:\/\/www.fisifvg.org\/?p=69545"},"modified":"2020-06-03T17:28:52","modified_gmt":"2020-06-03T15:28:52","slug":"primi-due-giorni-di-lavoro-allo-stelvio-per-lara-della-mea-e-emanuele-buzzi","status":"publish","type":"post","link":"https:\/\/comitati.fisi.org\/friuli-venezia-giulia\/blog\/2020\/06\/03\/primi-due-giorni-di-lavoro-allo-stelvio-per-lara-della-mea-e-emanuele-buzzi\/","title":{"rendered":"Primi due giorni di lavoro allo Stelvio per Lara Della Mea e Emanuele Buzzi"},"content":{"rendered":"<p>Prime due giornate di lavoro dedicate all&#8217;addestramento in pista per le squadre di Coppa del mondo di sci alpino, impegnate sul ghiacciaio del Passo dello Stelvio, riservato ad uso esclusivo della nazionale italiana grazie all&#8217;accordo stipulato con la societ\u00e0 Sifas di Umberto Capitani che gestisce gli impianti. Dopo avere dedicato le prime discese sulla pista Geister-1 a riavviare i motori spenti addirittura da inizio marzo, i convocati hanno affrontato percorsi allungati ad hoc dai tecnici, cos\u00ec le ragazze dello slalom si sono cimentate con i pali nani, cos\u00ec come velocisti con le porte larghe del gigante. E in queste ore \u00e8 in corso di preparazione una parte della pista con una bella gobba che consenta di allestire un tracciato di supergigante. Le condizioni meteorologiche sono buone, probabilmente gioved\u00ec si anticiperanno i tempi dell&#8217;allenamento per prevenire un&#8217;ondata di maltempo in avvicinamento sul Nord Italia, la neve \u00e8 sufficiente e nei prossimi giorni sono previste nevicate.<\/p>\n<div id=\"attachment_62967\" style=\"width: 255px\" class=\"wp-caption alignright\"><a href=\"http:\/\/comitati.fisi.org\/friuli-venezia-giulia\/wp-content\/uploads\/sites\/34\/2019\/11\/ALPINO-2020-Emanuele-Buzzi3-1.jpg\"><img loading=\"lazy\" decoding=\"async\" aria-describedby=\"caption-attachment-62967\" class=\"wp-image-62967\" src=\"http:\/\/comitati.fisi.org\/friuli-venezia-giulia\/wp-content\/uploads\/sites\/34\/2019\/11\/ALPINO-2020-Emanuele-Buzzi3-1-400x400.jpg\" alt=\"\" width=\"245\" height=\"350\" \/><\/a><p id=\"caption-attachment-62967\" class=\"wp-caption-text\">Emanuele Buzzi<\/p><\/div>\n<p>Allo Stelvio sono presenti il gruppo femminile di Coppa del mondo al completo con il trio dell&#8217;Elite composto da Federica Brignone, Sofia Goggia e Marta Bassino, insieme alle ragazze della velocit\u00e0, presenti con Elena Curtoni, Francesca Marsaglia, Nicol Delago, Nadia Delago, Verena Gasslitter, la rientrante Roberta Melesi e Laura Pirovano.<\/p>\n<p>Tutte queste rimarrano fino al 15 giugno, tre giorni in pi\u00f9 delle slalomiste presenti con Irene Curtoni, <strong>Lara Della Mea <em>(nella foto di copertina)<\/em><\/strong><em>,<\/em> Martina Peterlini e Marta Rossetti.<br \/>\nPresente pure il team della velocit\u00e0 maschile con Christof Innerhofer,<strong> Emanuele Buzzi,<\/strong> Mattia Casse, Matteo Marsaglia e Alexander Prast, cos\u00ec come i ragazzi di Coppa Europa maschile (ma fino al 10 giugno) con Guglielmo Bosca, Pietro Canzio, Davide Cazzaniga, Giovanni Franzoni, Matteo Franzoso, Tobias Kastlunger, Nicol\u00f2 Molteni, Florian Schieder, Federico Simoni e Giulio Zuccarini e gli junior (fino all&#8217;8 giugno) con Matteo Bendotti, Filippo Della Vite, Alessandro Pizio, Riccardo Allegrini, Martino Rizzi, Tommaso Saccardo e Simon Talacci.<\/p>\n","protected":false},"excerpt":{"rendered":"<p>Presenti sul ghiacciaio tante squadre azzurre. dalla Coppa del Mondo alla Coppa Europa passando per gli junior <\/p>\n","protected":false},"author":4,"featured_media":64027,"comment_status":"closed","ping_status":"closed","sticky":false,"template":"","format":"standard","meta":{"_acf_changed":false,"footnotes":""},"categories":[10,15],"tags":[],"acf":[],"_links":{"self":[{"href":"https:\/\/comitati.fisi.org\/friuli-venezia-giulia\/wp-json\/wp\/v2\/posts\/69545"}],"collection":[{"href":"https:\/\/comitati.fisi.org\/friuli-venezia-giulia\/wp-json\/wp\/v2\/posts"}],"about":[{"href":"https:\/\/comitati.fisi.org\/friuli-venezia-giulia\/wp-json\/wp\/v2\/types\/post"}],"author":[{"embeddable":true,"href":"https:\/\/comitati.fisi.org\/friuli-venezia-giulia\/wp-json\/wp\/v2\/users\/4"}],"replies":[{"embeddable":true,"href":"https:\/\/comitati.fisi.org\/friuli-venezia-giulia\/wp-json\/wp\/v2\/comments?post=69545"}],"version-history":[{"count":0,"href":"https:\/\/comitati.fisi.org\/friuli-venezia-giulia\/wp-json\/wp\/v2\/posts\/69545\/revisions"}],"wp:featuredmedia":[{"embeddable":true,"href":"https:\/\/comitati.fisi.org\/friuli-venezia-giulia\/wp-json\/wp\/v2\/media\/64027"}],"wp:attachment":[{"href":"https:\/\/comitati.fisi.org\/friuli-venezia-giulia\/wp-json\/wp\/v2\/media?parent=69545"}],"wp:term":[{"taxonomy":"category","embeddable":true,"href":"https:\/\/comitati.fisi.org\/friuli-venezia-giulia\/wp-json\/wp\/v2\/categories?post=69545"},{"taxonomy":"post_tag","embeddable":true,"href":"https:\/\/comitati.fisi.org\/friuli-venezia-giulia\/wp-json\/wp\/v2\/tags?post=69545"}],"curies":[{"name":"wp","href":"https:\/\/api.w.org\/{rel}","templated":true}]}}