{"id":69527,"date":"2020-05-29T14:44:56","date_gmt":"2020-05-29T12:44:56","guid":{"rendered":"https:\/\/www.fisifvg.org\/?p=69527"},"modified":"2020-05-29T14:44:56","modified_gmt":"2020-05-29T12:44:56","slug":"prima-uscita-stagionale-sulla-neve-per-emanuele-buzzi-e-lara-della-mea","status":"publish","type":"post","link":"https:\/\/comitati.fisi.org\/friuli-venezia-giulia\/blog\/2020\/05\/29\/prima-uscita-stagionale-sulla-neve-per-emanuele-buzzi-e-lara-della-mea\/","title":{"rendered":"Prima uscita stagionale sulla neve per Emanuele Buzzi e Lara Della Mea"},"content":{"rendered":"<p>Luned\u00ec 1\u00b0 giugno segna <strong>l&#8217;inizio ufficiale degli allenamenti sulla neve per le squadre di Coppa del mondo di sci alpino,<\/strong> grazie all&#8217;accordo stipulato con la societ\u00e0 Sifas che gestisce gli impianti del Passo dello Stelvio. Il direttore Umberto Capitani riserver\u00e0 da luned\u00ec 1\u00b0 giugno ad uso esclusivo delle nazionali italiane le piste di allenamento in prossimit\u00e0 dell&#8217;Hotel Livrio, dove atleti e staff tecnici avranno a disposizione circa 90 posti letto, in ottemperanza alle normative governative contro la diffusione del Covid-19. Oltre allo sci alpino, saranno impegnate nelle prossime settimane a turnazione anche le squadre di snowboard e sci di fondo.<\/p>\n<p>&#8220;Nei primi giorni sfrutteremo la pista Geister-1 sul versante altoatesino &#8211; spiega il direttore sportivo Massimo Rinaldi -, successivamente ci sposteremo anche sul versante lombardo, nonostante sia ancora vigente il divieto di utilizzo delle piste, grazie ad una deroga concessa da Regione Lombardia. C&#8217;\u00e8 tanta voglia di ricominciare in tutti noi, dagli allenatori agli atleti, il programma sar\u00e0 quello di tutti gli anni. Si comincer\u00e0 con esercizi propedeutici, per passare poi ai primi ciuffetti, fino a qualche giro di slalom e gigante, con i velocisti che potranno anche tirare qualche curva di supergigante. Avremo nella fase iniziale due settimane a disposizione, c&#8217;\u00e8 il tempo per compiere un buon lavoro e le previsioni meteorologiche potrebbero favorirci&#8221;.<\/p>\n<p>La squadra femminile sar\u00e0 presente al gran completo. Era il 29 febbraio quando Federica Brignone, giungendo seconda nel supergigante di La Thuile che divent\u00f2 a sua insaputa l&#8217;ultima gara stagionale, allung\u00f2 in vetta alla classifica generale, assicurandosi la prima sfera di cristallo per una donna italiana nella storia. La valdostana disegner\u00e0 le sue prime curve da detentrice del titolo, al suo fianco la rientrante Sofia Goggia (fuori dalle competizioni dal supergigante di domenica 9 febbraio a Garmisch, in cui si frattur\u00f2 il radio del braccio sinistro) e Marta Bassino (sei podi nella passata stagione in cinque diverse discipline). Il trio del gruppo Elite scier\u00e0 fino al 15 giugno insieme alle ragazze della velocit\u00e0, presenti con Elena Curtoni, Francesca Marsaglia, Nicol Delago, Nadia Delago, Verena Gasslitter, la rientrante Roberta Melesi e Laura Pirovano. Qualche giorno in meno di lavoro per il quartetto delle slalomiste (la chiusura \u00e8 fissata per il 12 giugno), composto da Irene Curtoni, <strong>Lara Della Mea,<\/strong> Martina Peterlini, Marta Rossetti, pure loro a digiuno di competizioni addirittura dal 15 febbraio, quando gareggiarono a Kranjska Gora.<\/p>\n<p>Allo Stelvio sar\u00e0 presente anche il team della velocit\u00e0 maschile, la cui ultima gara risale a sabato 7 marzo con la discesa di Kvitfjell. Il gruppo, orfano di Dominik Paris\u00a0 che sta completando il percorso di riabilitazione, si allener\u00e0 fino a venerd\u00ec 12 giugno con Christof Innerhofer, <strong>Emanele Buzzi,<\/strong> Mattia Casse, Matteo Marsaglia e Alexander Prast. Le discipline tecniche cominceranno invece a sciare la settimana successiva.<\/p>\n<p>In pista i protagonisti del massimo circuito troveranno fino al 10 giugno il gruppo di Coppa Europa maschile con Guglielmo Bosca, Pietro Canzio, Davide Cazzaniga, Giovanni Franzoni, Matteo Franzoso, Tobias Kastlunger, Nicol\u00f2 Molteni, Florian Schieder, Federico Simoni e Giulio Zuccarini e i ragazzi del gruppo junior (fino all&#8217;8 giugno) con Matteo Bendotti, Filippo Della Vite, Alessandro Pizio, Riccardo Allegrini, Martino Rizzi, Tommaso Saccardo e Simon Talacci.<\/p>\n","protected":false},"excerpt":{"rendered":"<p>Luned\u00ec 1\u00b0 giugno l&#8217;inizio ufficiale degli allenamenti sulla neve per le squadre di Coppa del mondo di sci alpino<\/p>\n","protected":false},"author":4,"featured_media":69529,"comment_status":"closed","ping_status":"closed","sticky":false,"template":"","format":"standard","meta":{"_acf_changed":false,"footnotes":""},"categories":[10,15],"tags":[],"acf":[],"_links":{"self":[{"href":"https:\/\/comitati.fisi.org\/friuli-venezia-giulia\/wp-json\/wp\/v2\/posts\/69527"}],"collection":[{"href":"https:\/\/comitati.fisi.org\/friuli-venezia-giulia\/wp-json\/wp\/v2\/posts"}],"about":[{"href":"https:\/\/comitati.fisi.org\/friuli-venezia-giulia\/wp-json\/wp\/v2\/types\/post"}],"author":[{"embeddable":true,"href":"https:\/\/comitati.fisi.org\/friuli-venezia-giulia\/wp-json\/wp\/v2\/users\/4"}],"replies":[{"embeddable":true,"href":"https:\/\/comitati.fisi.org\/friuli-venezia-giulia\/wp-json\/wp\/v2\/comments?post=69527"}],"version-history":[{"count":0,"href":"https:\/\/comitati.fisi.org\/friuli-venezia-giulia\/wp-json\/wp\/v2\/posts\/69527\/revisions"}],"wp:featuredmedia":[{"embeddable":true,"href":"https:\/\/comitati.fisi.org\/friuli-venezia-giulia\/wp-json\/wp\/v2\/media\/69529"}],"wp:attachment":[{"href":"https:\/\/comitati.fisi.org\/friuli-venezia-giulia\/wp-json\/wp\/v2\/media?parent=69527"}],"wp:term":[{"taxonomy":"category","embeddable":true,"href":"https:\/\/comitati.fisi.org\/friuli-venezia-giulia\/wp-json\/wp\/v2\/categories?post=69527"},{"taxonomy":"post_tag","embeddable":true,"href":"https:\/\/comitati.fisi.org\/friuli-venezia-giulia\/wp-json\/wp\/v2\/tags?post=69527"}],"curies":[{"name":"wp","href":"https:\/\/api.w.org\/{rel}","templated":true}]}}