{"id":69475,"date":"2020-05-28T13:44:11","date_gmt":"2020-05-28T11:44:11","guid":{"rendered":"https:\/\/www.fisifvg.org\/?p=69475"},"modified":"2020-05-28T13:44:11","modified_gmt":"2020-05-28T11:44:11","slug":"aggiornamento-sulla-ripresa-dellattivita-nelle-categorie-giovanili","status":"publish","type":"post","link":"https:\/\/comitati.fisi.org\/friuli-venezia-giulia\/blog\/2020\/05\/28\/aggiornamento-sulla-ripresa-dellattivita-nelle-categorie-giovanili\/","title":{"rendered":"Aggiornamento sulla ripresa dell&#8217;attivit\u00e0 nelle categorie giovanili"},"content":{"rendered":"<p><em><strong>Pubblichiamo una comunicazione della FISI relativa all&#8217;attivit\u00e0 delle categorie giovanili.<\/strong><\/em><\/p>\n<p>&nbsp;<\/p>\n<p>L&#8217;autorizzazione per la ripresa degli allenamenti sulla neve viene rilasciata alle categorie Giovani e vale per gli atleti di Interesse Nazionale, Comitati Regionali, Comitati Provinciali e Societ\u00e0. Avverr\u00e0 nel momento in cui sar\u00e0 concesso l&#8217;utilizzo delle piste e seguir\u00e0 le seguenti modalit\u00e0:<\/p>\n<p>&#8211; Gruppo 1: agli atleti che dal 1 febbraio ad oggi hanno presentato una sintomatologia riferibile a Covid (febbre, tosse, dispnea, etc..), si consiglia il rientro alla pratica sportiva a seguito di una nuova visita di idoneit\u00e0 sportiva.<\/p>\n<p>&#8211; Gruppo 2: gli asintomatici che non hanno presentato dal 1 febbraio ad oggi sintomi riferibili a Covid (febbre, tosse, dispnea, etc..), possono riprendere l&#8217;attivit\u00e0 sportiva nel pieno rispetto delle regole del decreto del Presidente del Consiglio dei Ministri del 17 maggio 2020.<\/p>\n<p>Per quanto riguarda le categorie Children, Cuccioli e Baby \u00e8 gi\u00e0 possibile la ripresa dell&#8217;attivit\u00e0 fisica individuale e di gruppo, rispettando le norme dello stesso decreto. Nel momento in cui verr\u00e0 ammessa l&#8217;apertura degli impianti, potranno ugualmente fare uso degli stessi, rispettando le indicazioni appena citate riguardo ai gruppi 1 e 2.<\/p>\n<p><strong>Fino a nuovo decreto, l&#8217;attivit\u00e0 sulla neve \u00e8 consentita esclusivamente agli atleti di alto livello.\u00a0\u00a0\u00a0\u00a0\u00a0<\/strong><\/p>\n<p>Per quanto riguarda i mezzi di trasporto degli atleti, l&#8217;eventuale permanenza in albergo e l&#8217;accesso e l&#8217;utilizzo degli impianti, si rimanda al decreto del presidente del Consiglio dei Ministri del 17 Maggio 2020, nonch\u00e9 ai protocolli e alle linee guide adottati dalle Regioni competenti.<\/p>\n","protected":false},"excerpt":{"rendered":"<p>Pubblichiamo una comunicazione della FISI<\/p>\n","protected":false},"author":4,"featured_media":28777,"comment_status":"closed","ping_status":"closed","sticky":false,"template":"","format":"standard","meta":{"_acf_changed":false,"footnotes":""},"categories":[21,10,17],"tags":[],"acf":[],"_links":{"self":[{"href":"https:\/\/comitati.fisi.org\/friuli-venezia-giulia\/wp-json\/wp\/v2\/posts\/69475"}],"collection":[{"href":"https:\/\/comitati.fisi.org\/friuli-venezia-giulia\/wp-json\/wp\/v2\/posts"}],"about":[{"href":"https:\/\/comitati.fisi.org\/friuli-venezia-giulia\/wp-json\/wp\/v2\/types\/post"}],"author":[{"embeddable":true,"href":"https:\/\/comitati.fisi.org\/friuli-venezia-giulia\/wp-json\/wp\/v2\/users\/4"}],"replies":[{"embeddable":true,"href":"https:\/\/comitati.fisi.org\/friuli-venezia-giulia\/wp-json\/wp\/v2\/comments?post=69475"}],"version-history":[{"count":0,"href":"https:\/\/comitati.fisi.org\/friuli-venezia-giulia\/wp-json\/wp\/v2\/posts\/69475\/revisions"}],"wp:featuredmedia":[{"embeddable":true,"href":"https:\/\/comitati.fisi.org\/friuli-venezia-giulia\/wp-json\/wp\/v2\/media\/28777"}],"wp:attachment":[{"href":"https:\/\/comitati.fisi.org\/friuli-venezia-giulia\/wp-json\/wp\/v2\/media?parent=69475"}],"wp:term":[{"taxonomy":"category","embeddable":true,"href":"https:\/\/comitati.fisi.org\/friuli-venezia-giulia\/wp-json\/wp\/v2\/categories?post=69475"},{"taxonomy":"post_tag","embeddable":true,"href":"https:\/\/comitati.fisi.org\/friuli-venezia-giulia\/wp-json\/wp\/v2\/tags?post=69475"}],"curies":[{"name":"wp","href":"https:\/\/api.w.org\/{rel}","templated":true}]}}