{"id":69396,"date":"2020-05-24T11:44:10","date_gmt":"2020-05-24T09:44:10","guid":{"rendered":"https:\/\/www.fisifvg.org\/?p=69396"},"modified":"2020-05-24T11:44:10","modified_gmt":"2020-05-24T09:44:10","slug":"dalla-regione-fvg-una-targa-per-celebrare-i-20-anni-del-liceo-bachmann","status":"publish","type":"post","link":"https:\/\/comitati.fisi.org\/friuli-venezia-giulia\/blog\/2020\/05\/24\/dalla-regione-fvg-una-targa-per-celebrare-i-20-anni-del-liceo-bachmann\/","title":{"rendered":"Dalla Regione FVG una targa per celebrare i 20 anni del Liceo &#8220;Bachmann&#8221;"},"content":{"rendered":"<p>L&#8217;<strong>Istituto d&#8217;Istruzione Superiore &#8220;I. Bachmann&#8221; di Tarvisi<\/strong>o, grazie all&#8217;intraprendenza di due professoresse quali <strong>Tiziana Candoni,<\/strong> oggi responsabile del settore sportivo del Liceo, e<strong> Lucia Negrisin<\/strong>, oggi dirigente scolastico presso un altro Istituto, ha<strong> attivato 20 anni fa il Progetto Sportivo<\/strong> rivolto agli atleti degli sport invernali (discesa, fondo, salto e snowboard) che, in uscita dalla scuola secondaria di primo grado, intendono proseguire gli studi nella scuola statale e conseguire il diploma di maturit\u00e0 scientifica.<\/p>\n<p><a href=\"http:\/\/comitati.fisi.org\/friuli-venezia-giulia\/wp-content\/uploads\/sites\/34\/2020\/05\/WhatsApp-Image-2020-05-23-at-14.36.23.jpeg\"><img loading=\"lazy\" decoding=\"async\" class=\"alignright wp-image-69399\" src=\"http:\/\/comitati.fisi.org\/friuli-venezia-giulia\/wp-content\/uploads\/sites\/34\/2020\/05\/WhatsApp-Image-2020-05-23-at-14.36.23-400x400.jpeg\" alt=\"\" width=\"400\" height=\"183\" \/><\/a>Una scuola di questo tipo ha la fortuna di unire studenti-atleti con diverse provenienze nazionali e internazionali, contribuendo alla formazione interculturale per la futura carriera agonistica e professionale dei ragazzi.<\/p>\n<p>Lo Ski College &#8220;Bachmann&#8221;, sostenuto sin dagli esordi dalla Regione Friuli Venezia Giulia, dalla Provincia di Udine, dal Comune di Tarvisio, dal CONI e dalla FISI Nazionale, \u00e8 fortemente apprezzato anche dalle famiglie che lo considerano una realt\u00e0 innovativa, capace di far crescere in sicurezza i propri figli, offrendo un&#8217;istruzione di qualit\u00e0 e un percorso agonistico di prestigio.<\/p>\n<p>Ieri, sabato 23 maggio, era prevista la festa dei 20 anni, presenti tutti gli atleti, gli allenatori e lo staff dal 2000 ad oggi.<br \/>\nLa festa per ovvi motivi \u00e8 rimandata al prossimo anno, ma dal &#8220;Bachmann&#8221;, con in testa la dirigente scolastica <strong>Doris Siega,<\/strong> sottolineano con orgoglio di aver ricevuto un targa di riconoscenza da parte della Regione FVG a fiema del Governatore\u00a0<strong>Massimiliano Fedriga.<\/strong><\/p>\n","protected":false},"excerpt":{"rendered":"<p>La festa del ventennale, presenti tutti gli atleti, gli allenatori e lo staff dal 2000 ad oggi, per ovvi motivi \u00e8 stata rimandata al 2021<\/p>\n","protected":false},"author":4,"featured_media":69398,"comment_status":"closed","ping_status":"closed","sticky":false,"template":"","format":"standard","meta":{"_acf_changed":false,"footnotes":""},"categories":[10,17],"tags":[],"acf":[],"_links":{"self":[{"href":"https:\/\/comitati.fisi.org\/friuli-venezia-giulia\/wp-json\/wp\/v2\/posts\/69396"}],"collection":[{"href":"https:\/\/comitati.fisi.org\/friuli-venezia-giulia\/wp-json\/wp\/v2\/posts"}],"about":[{"href":"https:\/\/comitati.fisi.org\/friuli-venezia-giulia\/wp-json\/wp\/v2\/types\/post"}],"author":[{"embeddable":true,"href":"https:\/\/comitati.fisi.org\/friuli-venezia-giulia\/wp-json\/wp\/v2\/users\/4"}],"replies":[{"embeddable":true,"href":"https:\/\/comitati.fisi.org\/friuli-venezia-giulia\/wp-json\/wp\/v2\/comments?post=69396"}],"version-history":[{"count":0,"href":"https:\/\/comitati.fisi.org\/friuli-venezia-giulia\/wp-json\/wp\/v2\/posts\/69396\/revisions"}],"wp:featuredmedia":[{"embeddable":true,"href":"https:\/\/comitati.fisi.org\/friuli-venezia-giulia\/wp-json\/wp\/v2\/media\/69398"}],"wp:attachment":[{"href":"https:\/\/comitati.fisi.org\/friuli-venezia-giulia\/wp-json\/wp\/v2\/media?parent=69396"}],"wp:term":[{"taxonomy":"category","embeddable":true,"href":"https:\/\/comitati.fisi.org\/friuli-venezia-giulia\/wp-json\/wp\/v2\/categories?post=69396"},{"taxonomy":"post_tag","embeddable":true,"href":"https:\/\/comitati.fisi.org\/friuli-venezia-giulia\/wp-json\/wp\/v2\/tags?post=69396"}],"curies":[{"name":"wp","href":"https:\/\/api.w.org\/{rel}","templated":true}]}}