{"id":69356,"date":"2020-05-20T11:25:58","date_gmt":"2020-05-20T09:25:58","guid":{"rendered":"https:\/\/www.fisifvg.org\/?p=69356"},"modified":"2020-05-20T11:25:58","modified_gmt":"2020-05-20T09:25:58","slug":"aviano-5-cime-maniago-e-sacile-presentano-on-line-la-nuova-stagione","status":"publish","type":"post","link":"https:\/\/comitati.fisi.org\/friuli-venezia-giulia\/blog\/2020\/05\/20\/aviano-5-cime-maniago-e-sacile-presentano-on-line-la-nuova-stagione\/","title":{"rendered":"Aviano, 5 Cime, Maniago e Sacile presentano on line la nuova stagione"},"content":{"rendered":"<p><em><strong>Riceviamo e volentieri pubblichiamo.<\/strong><\/em><\/p>\n<p>Il consorzio degli <strong>Sci Club Aviano, 5 Cime, Maniago e Sacile<\/strong> presenteranno gli allenatori e la stagione 2020-2021 in occasione dell&#8217;incontro da remoto organizzato mediante la piattaforma Zoom.<\/p>\n<p>L&#8217;appuntamento \u00e8 per luned\u00ec 25 maggio alle 18 per le categorie superbaby, baby e cuccioli, mentre marted\u00ec 26 sempre alle 18 protagonisti saranno ragazzi, allievi e giovani.<\/p>\n<p>Coloro che intendano partecipare e non siano gi\u00e0 atleti tesserati con i 4 sci club ,potranno inviare anticipatamente la loro e-mail a <a class=\"mailto-link\" href=\"mailto:segretria@5cimepn.it\" target=\"_blank\" rel=\"noopener noreferrer\">segreteria@5cimepn.it<\/a>.<\/p>\n","protected":false},"excerpt":{"rendered":"<p>L&#8217;incontro da remoto \u00e8 organizzato mediante la piattaforma Zoom<\/p>\n","protected":false},"author":4,"featured_media":69360,"comment_status":"closed","ping_status":"closed","sticky":false,"template":"","format":"standard","meta":{"_acf_changed":false,"footnotes":""},"categories":[10,15],"tags":[],"acf":[],"_links":{"self":[{"href":"https:\/\/comitati.fisi.org\/friuli-venezia-giulia\/wp-json\/wp\/v2\/posts\/69356"}],"collection":[{"href":"https:\/\/comitati.fisi.org\/friuli-venezia-giulia\/wp-json\/wp\/v2\/posts"}],"about":[{"href":"https:\/\/comitati.fisi.org\/friuli-venezia-giulia\/wp-json\/wp\/v2\/types\/post"}],"author":[{"embeddable":true,"href":"https:\/\/comitati.fisi.org\/friuli-venezia-giulia\/wp-json\/wp\/v2\/users\/4"}],"replies":[{"embeddable":true,"href":"https:\/\/comitati.fisi.org\/friuli-venezia-giulia\/wp-json\/wp\/v2\/comments?post=69356"}],"version-history":[{"count":0,"href":"https:\/\/comitati.fisi.org\/friuli-venezia-giulia\/wp-json\/wp\/v2\/posts\/69356\/revisions"}],"wp:featuredmedia":[{"embeddable":true,"href":"https:\/\/comitati.fisi.org\/friuli-venezia-giulia\/wp-json\/wp\/v2\/media\/69360"}],"wp:attachment":[{"href":"https:\/\/comitati.fisi.org\/friuli-venezia-giulia\/wp-json\/wp\/v2\/media?parent=69356"}],"wp:term":[{"taxonomy":"category","embeddable":true,"href":"https:\/\/comitati.fisi.org\/friuli-venezia-giulia\/wp-json\/wp\/v2\/categories?post=69356"},{"taxonomy":"post_tag","embeddable":true,"href":"https:\/\/comitati.fisi.org\/friuli-venezia-giulia\/wp-json\/wp\/v2\/tags?post=69356"}],"curies":[{"name":"wp","href":"https:\/\/api.w.org\/{rel}","templated":true}]}}