{"id":69274,"date":"2020-05-17T11:26:32","date_gmt":"2020-05-17T09:26:32","guid":{"rendered":"https:\/\/www.fisifvg.org\/?p=69274"},"modified":"2020-05-17T11:26:32","modified_gmt":"2020-05-17T09:26:32","slug":"iosonofisifvg-luca-kerer","status":"publish","type":"post","link":"https:\/\/comitati.fisi.org\/friuli-venezia-giulia\/blog\/2020\/05\/17\/iosonofisifvg-luca-kerer\/","title":{"rendered":"#IoSonoFisiFvg \u2013 LUCA KERER"},"content":{"rendered":"<p>Nuovo appuntamento con la rubrica <strong>#IoSonoFisiFvg,<\/strong>\u00a0che ci consente di conoscere meglio gli atleti del\u00a0<strong>Comitato FISI FVG.<br \/>\n<\/strong>Oggi protagonista \u00e8 <strong>LUCA KERER,<\/strong>\u00a0esponente della squadra regionale di\u00a0<strong>sci di fondo.<br \/>\n<span style=\"color: #ffffff\">.<br \/>\n<\/span><br \/>\n<\/strong><span style=\"font-weight: 400\"><strong>Sci Club:<\/strong> Bachmann Sport College<\/span><span style=\"font-weight: 400\"><br \/>\n<\/span><span style=\"font-weight: 400\"><strong>Dove vivi?<\/strong> A<\/span><span style=\"font-size: 1rem\"> Colle Santa Lucia, nel Bellunese, ma la maggior parte dell\u2019anno la passo a Tarvisio a causa della scuola, ma grazie a questa sono riuscito a realizzare molti dei miei obiettivi. Secondo me questa scuola \u00e8 ottima per un ragazzo\/atleta che desidera diventare un \u201ccampione\u201d nello sci, senza per\u00f2 tralasciare lo studio<br \/>\n<\/span><span style=\"font-weight: 400\"><strong>A che et\u00e0 hai messo per la prima volta gli sci ai piedi?<\/strong> A 11 anni<br \/>\n<\/span><\/p>\n<div id=\"attachment_69277\" style=\"width: 392px\" class=\"wp-caption alignright\"><a href=\"http:\/\/comitati.fisi.org\/friuli-venezia-giulia\/wp-content\/uploads\/sites\/34\/2020\/05\/kerer-fg-1.jpeg\"><img loading=\"lazy\" decoding=\"async\" aria-describedby=\"caption-attachment-69277\" class=\"size-thumbnail wp-image-69277\" src=\"http:\/\/comitati.fisi.org\/friuli-venezia-giulia\/wp-content\/uploads\/sites\/34\/2020\/05\/kerer-fg-1-382x400.jpeg\" alt=\"\" width=\"382\" height=\"400\" \/><\/a><p id=\"caption-attachment-69277\" class=\"wp-caption-text\">Luca Kerer argento agli Italiani Giovani lo scorso febbraio<\/p><\/div>\n<p><span style=\"font-weight: 400\"><strong>Ti \u00e8 piaciuto subito<\/strong>? Si, mi sono appassionato molto sin dal primo momento<br \/>\n<\/span><span style=\"font-weight: 400\"><strong>Hai praticato altre discipline invernali?<\/strong> S\u00ec: snowboard , sci da discesa e biathlon<\/span><span style=\"font-weight: 400\"><br \/>\n<\/span><span style=\"font-weight: 400\"><strong>Ti ricordi la prima gara?<\/strong> A<\/span><span style=\"font-size: 1rem\"> Sappada e ovviamente come qualsiasi altra competizione \u00e8 stata faticosissima<br \/>\n<\/span><span style=\"font-weight: 400\"><strong>Chi \u00e8 il tuo allenatore<\/strong>? M<\/span><span style=\"font-size: 1rem\">ariano Malfitana e Francesco Silverio: entrambi sono molto competenti in quello che fanno e riescono sempre ad instaurare un buonissimo rapporto con i ragazzi. Dal mio punto di vista questa \u00e8 una cosa molto positiva, perch\u00e9 quando si lavora in un bel clima tutte le cose, anche se faticose, si riescono a fare tranquillamente. Non sono particolarmente severi, per\u00f2 quando \u00e8 ora di lavorare bisogna lavorare e quando l\u2019allenamento \u00e8 finito ci si pu\u00f2 divertire<br \/>\n<\/span><span style=\"font-weight: 400\"><strong>Dove credi di dover migliorare?<\/strong> Penso che non si smetta mai di migliorare, nel mio caso ho molti aspetti da dover curare<\/span><span style=\"font-weight: 400\"><br \/>\n<\/span><span style=\"font-weight: 400\"><strong>Qual \u00e8 la pista pi\u00f9 bella nella quale hai gareggiato?<\/strong> Campo Carlo Magno<\/span><span style=\"font-weight: 400\"><br \/>\n<\/span><span style=\"font-weight: 400\"><strong>E quella dove un giorno vorresti correre<\/strong>? Non ce n&#8217;\u00e8 una in particolare<\/span><span style=\"font-weight: 400\"><br \/>\n<\/span><span style=\"font-weight: 400\"><strong>La miglior gara della tua vita quando e dove \u00e8 stata?<\/strong> Lo scorso febbraio ai Campionati Italiani Under 18 di Gromo, ho conquistato l&#8217;argento nella 15 km tl<br \/>\n<\/span><span style=\"font-weight: 400\"><strong>Chi \u00e8 l\u2019amico del cuore?<\/strong> Non ne ho uno in particolare, mi piace allenarmi e confrontarmi con persone diverse<\/span><span style=\"font-weight: 400\"><br \/>\n<\/span><span style=\"font-weight: 400\"><strong>Qual \u00e8 il tuo idolo, d\u2019infanzia e\/o attuale?<\/strong> Tutti i campioni sono un esempio da seguire<\/span><span style=\"font-weight: 400\"><br \/>\n<\/span><span style=\"font-weight: 400\"><strong>\u00c8 possibile collimare scuola e sport?<\/strong> S\u00ec che \u00e8 possibile, basta volerlo! Come detto, la scuola che frequento \u00e8 ottima proprio per questo motivo<br \/>\n<\/span><span style=\"font-weight: 400\"><strong>Cos\u2019\u00e8 per te lo sci?<\/strong> Una passione, ma spero che diventi un lavoro!<\/span><span style=\"font-weight: 400\"><br \/>\n<\/span><span style=\"font-weight: 400\"><strong>Nel futuro ti vedi atleta, allenatore o semplice appassionato?<\/strong> Sp<\/span><span style=\"font-size: 1rem\">ero di diventare un atleta, altrimenti rester\u00f2 un grande appassionato di questo sport.<br \/>\n<\/span><\/p>\n<div id=\"attachment_69278\" style=\"width: 410px\" class=\"wp-caption alignleft\"><a href=\"http:\/\/comitati.fisi.org\/friuli-venezia-giulia\/wp-content\/uploads\/sites\/34\/2020\/05\/SYLVESTER-STALLONE-625x350-1.jpg\"><img loading=\"lazy\" decoding=\"async\" aria-describedby=\"caption-attachment-69278\" class=\"wp-image-69278\" src=\"http:\/\/comitati.fisi.org\/friuli-venezia-giulia\/wp-content\/uploads\/sites\/34\/2020\/05\/SYLVESTER-STALLONE-625x350-1-400x350.jpg\" alt=\"\" width=\"400\" height=\"224\" \/><\/a><p id=\"caption-attachment-69278\" class=\"wp-caption-text\">Sylvester Stallone<\/p><\/div>\n<p><span style=\"font-weight: 400\"><strong>Il classico sogno nel cassetto?<\/strong> O<\/span><span style=\"font-size: 1rem\">vviamente bisogna puntare sempre in alto (Olimpiadi, Mondiali, eccetera), poi quello che verr\u00e0, verr\u00e0<\/span><span style=\"font-weight: 400\"><br \/>\n<\/span><span style=\"font-weight: 400\"><strong>Musica preferita?<\/strong> Nessuna in particolare<\/span><span style=\"font-weight: 400\"><br \/>\n<\/span><span style=\"font-weight: 400\"><strong>Cantante\/gruppo preferito?<\/strong> Capo Plaza<\/span><span style=\"font-weight: 400\"><br \/>\n<\/span><span style=\"font-weight: 400\"><strong>Film preferito?<\/strong> Rambo<br \/>\n<\/span><span style=\"font-weight: 400\"><strong>Attore preferito?<\/strong> Sylvester Stallone<\/span><span style=\"font-weight: 400\"><br \/>\n<\/span><span style=\"font-weight: 400\"><strong>Sport extrasci preferito?<\/strong> Arrampicata<\/span><span style=\"font-weight: 400\"><br \/>\n<\/span><span style=\"font-weight: 400\"><strong>Social preferito?<\/strong> Instagram<\/span><span style=\"font-weight: 400\"><br \/>\n<\/span><span style=\"font-weight: 400\"><strong>Il luogo pi\u00f9 bello che hai visitato?<\/strong> Sardegna<\/span><span style=\"font-weight: 400\"><br \/>\n<\/span><span style=\"font-weight: 400\"><strong>Vorresti fare una vacanza a:<\/strong> Maldive<\/span><\/p>\n<p>&nbsp;<\/p>\n<p><strong>LEGGI LE ALTRE SCHEDE<\/strong><\/p>\n<p><a href=\"https:\/\/www.fisifvg.org\/2020\/05\/14\/iosonofisifvg-alex-ostolidi\/\">ALEX OSTOLIDI<\/a><br \/>\n<a href=\"https:\/\/www.fisifvg.org\/2020\/05\/12\/iosonofisifvg-serena-del-fabbro\/\">SERENA DEL FABBRO<\/a><br \/>\n<a href=\"https:\/\/www.fisifvg.org\/2020\/05\/11\/iosonofisifvg-anna-dosso\/\">ANNA DOSSO<\/a><br \/>\n<a href=\"https:\/\/www.fisifvg.org\/2020\/05\/10\/iosonofisifvg-alberto-benedetti\/\">ALBERTO BENEDETTI<\/a><br \/>\n<a href=\"https:\/\/www.fisifvg.org\/2020\/05\/08\/iosonofisifvg-ludovica-del-bianco\/\">LUDOVICA DEL BIANCO<\/a><br \/>\n<a href=\"https:\/\/www.fisifvg.org\/2020\/05\/06\/iosonofisifvg-ilaria-scattolo\/\">ILARIA SCATTOLO<\/a><br \/>\n<a href=\"https:\/\/www.fisifvg.org\/2020\/05\/05\/iosonofisifvg-davide-graz\/\">DAVIDE GRAZ<\/a><br \/>\n<a href=\"https:\/\/www.fisifvg.org\/2020\/05\/03\/iosonofisifvg-andrea-gartner\/\">ANDREA GARTNER<\/a><br \/>\n<a href=\"https:\/\/www.fisifvg.org\/2020\/05\/02\/iosonofisifvg-giacomo-vidoni\/\">GIACOMO VIDONI<\/a><br \/>\n<a href=\"https:\/\/www.fisifvg.org\/2020\/04\/30\/iosonofisifvg-pietro-pallober\/\">PIETRO PALLOBER<\/a><br \/>\n<a href=\"https:\/\/www.fisifvg.org\/2020\/04\/28\/iosonofisifvg-francesco-cecon\/\">FRANCESCO CECON<\/a><br \/>\n<a href=\"https:\/\/www.fisifvg.org\/2020\/04\/27\/iosonofisifvg-alex-perissutti\/\">ALEX PERISSUTTI<\/a><br \/>\n<a href=\"https:\/\/www.fisifvg.org\/2020\/04\/25\/iosonofisifvg-anna-berra\/\">ANNA BERRA<\/a><br \/>\n<a href=\"https:\/\/www.fisifvg.org\/2020\/04\/24\/iosonofisifvg-martina-di-centa\/\">MARTINA DI CENTA<\/a><br \/>\n<a href=\"https:\/\/www.fisifvg.org\/2020\/04\/23\/iosonofisifvg-giovanni-vanino\/\">GIOVANNI VANINO<\/a><br \/>\n<a href=\"https:\/\/www.fisifvg.org\/2020\/04\/22\/iosonofisifvg-astrid-plosch\/\">ASTRID PL\u00d6SCH<\/a><br \/>\n<a href=\"https:\/\/www.fisifvg.org\/2020\/04\/21\/iosonofisifvg-martino-zambenedetti\/\">MARTINO ZAMBENEDETTI<\/a><br \/>\n<a href=\"https:\/\/www.fisifvg.org\/2020\/04\/20\/iosonofisifvg-renato-moretti\/\">RENATO MORETTI<\/a><br \/>\n<a href=\"https:\/\/www.fisifvg.org\/2020\/04\/19\/iosonofisifvg-gabriele-monteleone\/\">GABRIELE MONTELEONE<\/a><br \/>\n<a href=\"https:\/\/www.fisifvg.org\/2020\/04\/18\/iosonofisifvg-andrea-craievich\/\">ANDREA CRAIEVICH<\/a><br \/>\n<a href=\"https:\/\/www.fisifvg.org\/2020\/04\/17\/iosonofisifvg-fabio-cappellari\/\">FABIO CAPPELLARI<\/a><br \/>\n<a href=\"https:\/\/www.fisifvg.org\/2020\/04\/16\/iosonofisifvg-arturo-severi\/\">ARTURO SEVERI<\/a><br \/>\n<a href=\"https:\/\/www.fisifvg.org\/2020\/04\/15\/iosonofisifvg-caterina-molinari\/\">CATERINA MOLINARI<\/a><br \/>\n<a href=\"https:\/\/www.fisifvg.org\/2020\/04\/14\/iosonofisifvg-greta-pinzani\/\">GRETA PINZANI<\/a><br \/>\n<a href=\"https:\/\/www.fisifvg.org\/2020\/04\/11\/iosonofisifvg-alessandro-tosoni\/\">ALESSANDRO TOSONI<\/a><br \/>\n<a href=\"https:\/\/www.fisifvg.org\/2020\/04\/10\/iosonofisifvg-edoardo-buzzi\/\">EDOARDO BUZZI<\/a><br \/>\n<a href=\"https:\/\/www.fisifvg.org\/2020\/04\/09\/iosonofisifvg-sara-scattolo\/\">SARA SCATTOLO<\/a><br \/>\n<a href=\"https:\/\/www.fisifvg.org\/2020\/04\/07\/iosonofisifvg-martina-zanitzer\/\">MARTINA ZANITZER<\/a><br \/>\n<a href=\"https:\/\/www.fisifvg.org\/2020\/04\/06\/iosonofisifvg-samuele-cusin\/\">SAMUELE CUSIN<\/a><br \/>\n<a href=\"https:\/\/www.fisifvg.org\/2020\/04\/05\/iosonofisifvg-fabio-piller-cottrer\/\">FABIO PILLER COTTRER<\/a><br \/>\n<a href=\"https:\/\/www.fisifvg.org\/2020\/04\/04\/iosonofisifvg-karin-puntel\/\">KARIN PUNTEL<\/a><br \/>\n<a href=\"https:\/\/www.fisifvg.org\/2020\/04\/03\/iosonofisifvg-andrea-campregher\/\">ANDREA CAMPREGHER<\/a><br \/>\n<a href=\"https:\/\/www.fisifvg.org\/2020\/04\/01\/iosonofisifvg-paolo-ramicone\/\">PAOLO RAMICONE<\/a><br \/>\n<a href=\"https:\/\/www.fisifvg.org\/2020\/03\/31\/iosonofisifvg-mattia-piller-hoffer\/\">MATTIA PILLER HOFFER<\/a><br \/>\n<a href=\"https:\/\/www.fisifvg.org\/2020\/03\/30\/iosonofisifvg-aurora-morassi\/\">AURORA MORASSI<\/a><br \/>\n<a href=\"https:\/\/www.fisifvg.org\/2020\/03\/29\/iosonofisifvg-noelia-vuerich\/\">NOELIA VUERICH<\/a><br \/>\n<a href=\"https:\/\/www.fisifvg.org\/2020\/03\/28\/iosonofisifvg-cristiano-agostinis\/\">CRISTIANO AGOSTINIS<\/a><br \/>\n<a href=\"https:\/\/www.fisifvg.org\/2020\/03\/27\/iosonofisifvg-lorenzo-solero\/\">LORENZO SOLERO<\/a><br \/>\n<a href=\"https:\/\/www.fisifvg.org\/2020\/03\/26\/iosonofisifvg-luca-sclisizzo\/\">LUCA SCLISIZZO<\/a><br \/>\n<a href=\"https:\/\/www.fisifvg.org\/2020\/03\/25\/iosonofisifvg-erika-pinzani\/\">ERIKA PINZANI<\/a><br \/>\n<a href=\"https:\/\/www.fisifvg.org\/2020\/03\/23\/iosonofisifvg-caterina-sinigoi\/\">CATERINA SINIGOI<\/a><\/p>\n","protected":false},"excerpt":{"rendered":"<p>Oggi protagonista della nostra rubrica \u00e8 il bachmaniano della squadra regionale di fondo<\/p>\n","protected":false},"author":4,"featured_media":62051,"comment_status":"closed","ping_status":"closed","sticky":false,"template":"","format":"standard","meta":{"_acf_changed":false,"footnotes":""},"categories":[10,11],"tags":[],"acf":[],"_links":{"self":[{"href":"https:\/\/comitati.fisi.org\/friuli-venezia-giulia\/wp-json\/wp\/v2\/posts\/69274"}],"collection":[{"href":"https:\/\/comitati.fisi.org\/friuli-venezia-giulia\/wp-json\/wp\/v2\/posts"}],"about":[{"href":"https:\/\/comitati.fisi.org\/friuli-venezia-giulia\/wp-json\/wp\/v2\/types\/post"}],"author":[{"embeddable":true,"href":"https:\/\/comitati.fisi.org\/friuli-venezia-giulia\/wp-json\/wp\/v2\/users\/4"}],"replies":[{"embeddable":true,"href":"https:\/\/comitati.fisi.org\/friuli-venezia-giulia\/wp-json\/wp\/v2\/comments?post=69274"}],"version-history":[{"count":0,"href":"https:\/\/comitati.fisi.org\/friuli-venezia-giulia\/wp-json\/wp\/v2\/posts\/69274\/revisions"}],"wp:featuredmedia":[{"embeddable":true,"href":"https:\/\/comitati.fisi.org\/friuli-venezia-giulia\/wp-json\/wp\/v2\/media\/62051"}],"wp:attachment":[{"href":"https:\/\/comitati.fisi.org\/friuli-venezia-giulia\/wp-json\/wp\/v2\/media?parent=69274"}],"wp:term":[{"taxonomy":"category","embeddable":true,"href":"https:\/\/comitati.fisi.org\/friuli-venezia-giulia\/wp-json\/wp\/v2\/categories?post=69274"},{"taxonomy":"post_tag","embeddable":true,"href":"https:\/\/comitati.fisi.org\/friuli-venezia-giulia\/wp-json\/wp\/v2\/tags?post=69274"}],"curies":[{"name":"wp","href":"https:\/\/api.w.org\/{rel}","templated":true}]}}