{"id":69247,"date":"2020-05-14T11:33:24","date_gmt":"2020-05-14T09:33:24","guid":{"rendered":"https:\/\/www.fisifvg.org\/?p=69247"},"modified":"2020-05-14T11:33:24","modified_gmt":"2020-05-14T09:33:24","slug":"iosonofisifvg-alex-ostolidi","status":"publish","type":"post","link":"https:\/\/comitati.fisi.org\/friuli-venezia-giulia\/blog\/2020\/05\/14\/iosonofisifvg-alex-ostolidi\/","title":{"rendered":"#IoSonoFisiFvg \u2013 ALEX OSTOLIDI"},"content":{"rendered":"<p>Nuovo appuntamento con la rubrica <strong>#IoSonoFisiFvg,<\/strong>\u00a0che ci consente di conoscere meglio gli atleti del\u00a0<strong>Comitato FISI FVG.<br \/>\n<\/strong>Oggi protagonista \u00e8 <strong>ALEX OSTOLIDI,<\/strong> esponente della squadra regionale di\u00a0<strong>sci alpino.<br \/>\n<span style=\"color: #ffffff\">.<\/span><\/strong><\/p>\n<p><strong>Sci Club:<\/strong> Sci CAI Monte Lussari<br \/>\n<strong>Dove vivi?<\/strong> Muggia<br \/>\n<strong>A che et\u00e0 hai messo per la prima volta gli sci ai piedi?<\/strong> <span style=\"font-weight: 400\">Se ricordo bene a 3\/4 anni<\/span><br \/>\n<strong>Ti \u00e8 piaciuto subito?<\/strong> Direi di s\u00ec<br \/>\n<strong>Hai praticato altre discipline invernali?<\/strong> <span style=\"font-weight: 400\">No, almeno non agonisticamente, ma spesso da piccolo andavo a fare sci di fondo con mia mamma, mentre mio padre guardava mio fratello sciare. Altre volte ci andavamo tutti insieme<\/span><\/p>\n<div id=\"attachment_39268\" style=\"width: 510px\" class=\"wp-caption alignleft\"><a href=\"http:\/\/comitati.fisi.org\/friuli-venezia-giulia\/wp-content\/uploads\/sites\/34\/2017\/04\/OSTOLIDI-BERTI.jpg\"><img loading=\"lazy\" decoding=\"async\" aria-describedby=\"caption-attachment-39268\" class=\"wp-image-39268\" src=\"http:\/\/comitati.fisi.org\/friuli-venezia-giulia\/wp-content\/uploads\/sites\/34\/2017\/04\/OSTOLIDI-BERTI-400x400.jpg\" alt=\"\" width=\"500\" height=\"277\" \/><\/a><p id=\"caption-attachment-39268\" class=\"wp-caption-text\">Alex Ostolidi con Luca Berti nel giorno del 5\u00b0 posto agli Italiani Ragazzi 2016-2017<\/p><\/div>\n<p><strong>Ti ricordi la prima gara<\/strong>? Vagamente<span style=\"font-weight: 400\">, non ricordo il posto, ma sicuramente l&#8217;ho effettuata assieme al mio Maestro, che mi accompagnava tra le porte del tracciato. Poi ho altri vari ricordi delle mie gare da piccolo e il pi\u00f9 felice \u00e8 stato il trofeo Biberon, quando ero ancora categoria Baby 2; ho vinto, anche se non me l\u2019aspettavo visto che partivo praticamente ultimo, ma \u00e8 stato bellissimo. Tutti aspettavano il mio arrivo, oramai pensavano che la gara fosse finita ma ecco che sono arrivato in fondo e mi sono piazzato davanti a tutti<br \/>\n<\/span><strong>Chi \u00e8 il tuo allenatore?\u00a0<\/strong><span style=\"font-weight: 400\">Gianluca Zanitzer e Francesco Princi: sono molto bravi, anzi bravissimi, molto tecnici e giustamente severi in pista, ma anche scherzosi e divertenti quando non siamo a fare allenamento. Con loro si lavora duramente, si vede che vogliono fare di te un campione e farti crescere nello sport nel modo giusto. Sono veramente due allenatori esemplari<br \/>\n<\/span><strong>Dove credi di dover migliorare?<\/strong>\u00a0<span style=\"font-weight: 400\">In partenza non ho mai avuto grandi tensioni o cali di concentrazione, sono sempre stato determinato a fare ci\u00f2 che sono capace, mai avuto grandi aspettative e i risultati uscivano comunque. <\/span><span style=\"font-weight: 400\">Tranne nella stagione appena conclusa: ho puntato troppo in alto, volendo dimostrare qualcosa, ma ero appena al primo anno di categoria e non ha senso buttare via gare per errori stupidi causati da troppa tensione e voglia di strafare, visto che i miei bei punti me li sono gi\u00e0 fatti. Devo comunque crescere molto sulle cose basiche, ovvero le posture del corpo e le traiettorie tra una curva e l\u2019altra. Tutto questo consente poi di migliorare<br \/>\n<\/span><\/p>\n<div id=\"attachment_68514\" style=\"width: 410px\" class=\"wp-caption alignright\"><a href=\"http:\/\/comitati.fisi.org\/friuli-venezia-giulia\/wp-content\/uploads\/sites\/34\/2020\/03\/Marcel-Hirscher.jpg\"><img loading=\"lazy\" decoding=\"async\" aria-describedby=\"caption-attachment-68514\" class=\"wp-image-68514\" src=\"http:\/\/comitati.fisi.org\/friuli-venezia-giulia\/wp-content\/uploads\/sites\/34\/2020\/03\/Marcel-Hirscher-400x400.jpg\" alt=\"\" width=\"400\" height=\"267\" \/><\/a><p id=\"caption-attachment-68514\" class=\"wp-caption-text\">Marcel Hirscher<\/p><\/div>\n<p><strong>Qual \u00e8 la pista pi\u00f9 bella nella quale hai gareggiato?<\/strong> Ce ne sono molte, <span style=\"font-weight: 400\">ma la mia preferita resta Sella Nevea, per il semplice motivo che ci si possono tracciare tracciati per tutte le discipline. Inoltre l\u00ec ho sempre sciato bene<\/span><br \/>\n<strong>E quella dove un giorno vorresti correre?<\/strong> La &#8220;Planai&#8221; di <span style=\"font-weight: 400\">Schladming: \u00e8 la mia gara di slalom di Coppa del Mondo e io vorrei esserci<br \/>\n<\/span><strong>La miglior gara della tua vita quando e dove \u00e8 stata?<\/strong> Stagione 2016-2017, <span style=\"font-weight: 400\">sono arrivato quinto ai Campionati Italiani di slalom a Pila, in Valle d\u2019Aosta. E stato veramente un momento speciale, visto che era la gara conclusiva della stagione ed anche l\u2019ultima con l&#8217;allenatore Luca Berti, che dopo quella trasferta ha smesso di allenare <\/span><br \/>\n<strong>Qual \u00e8 il tuo idolo, d\u2019infanzia e\/o attuale?<\/strong> Inizialmente Ted Ligety, poi Marcel Hirscher<br \/>\n<strong>\u00c8 possibile collimare scuola e sport?<\/strong> <span style=\"font-weight: 400\">S\u00ec, ma ci vuole molta determinazione e collaborazione tra studente e professori. Non \u00e8 facile<br \/>\n<\/span><strong>Cos\u2019\u00e8 per te lo sci? <\/strong>Passione, competizione e divertimento<br \/>\n<strong>Nel futuro ti vedi atleta, allenatore, Maestro o semplice appassionato<\/strong>?<br \/>\n<strong>Il classico sogno nel cassetto?<\/strong> Entrare<span style=\"font-weight: 400\"> in un gruppo nazionale e partecipare alle Olimpiadi<\/span><br \/>\n<strong><a href=\"http:\/\/comitati.fisi.org\/friuli-venezia-giulia\/wp-content\/uploads\/sites\/34\/2020\/05\/Sherlock.jpg\"><img loading=\"lazy\" decoding=\"async\" class=\"alignleft size-thumbnail wp-image-69251\" src=\"http:\/\/comitati.fisi.org\/friuli-venezia-giulia\/wp-content\/uploads\/sites\/34\/2020\/05\/Sherlock-400x351.jpg\" alt=\"\" width=\"400\" height=\"351\" \/><\/a>Musica preferita?<\/strong> M<span style=\"font-weight: 400\">i piacciono un po\u2019 tutti i generi o perlomeno dipende dai contesti e dai momenti<br \/>\n<\/span><strong>Cantante\/gruppo preferito<\/strong>? Gli Imagine Dragons e la canzone &#8220;Believer&#8221; in particolare<br \/>\n<strong>Serie tv preferita?<\/strong> Sherlock e Il Trono di Spade<br \/>\n<strong>Film preferito?<\/strong> American Sniper<br \/>\n<strong>Attore preferito?<\/strong>\u00a0<span style=\"font-weight: 400\">Benedict Cumberbatch, l&#8217;interprete di Sherlock Holmes nella serie tv che ho citato sopra<br \/>\n<\/span><strong>Sport extrasci preferito?<\/strong> <span style=\"font-weight: 400\">Mi \u00e8 sempre piaciuto tanto il canottaggio, che ho anche praticato agonisticamente<\/span><br \/>\n<strong>Sportivo extrasci preferito?<\/strong> <span style=\"font-weight: 400\">Stephen Curry<\/span><br \/>\n<strong>Social preferito?<\/strong> Instagram<br \/>\n<strong>Il luogo pi\u00f9 bello che hai visitato?<\/strong> <span style=\"font-weight: 400\">Non ho mai fatto grandi viaggi, visto che il pi\u00f9 lontano \u00e8 stato quando siamo andati a sciare in Norvegia, a Kvitfjell, e mi \u00e8 piaciuto tantissimo, anche perch\u00e9 la montagna \u00e8 la mia passione<\/span><br \/>\n<strong>Vorresti fare una vacanza a<\/strong>: Las Vegas, citt\u00e0 dove vive mia zia<\/p>\n<p>&nbsp;<\/p>\n<p><strong>LEGGI LE ALTRE SCHEDE<\/strong><\/p>\n<p><a href=\"https:\/\/www.fisifvg.org\/2020\/05\/12\/iosonofisifvg-serena-del-fabbro\/\">SERENA DEL FABBRO<\/a><br \/>\n<a href=\"https:\/\/www.fisifvg.org\/2020\/05\/11\/iosonofisifvg-anna-dosso\/\">ANNA DOSSO<\/a><br \/>\n<a href=\"https:\/\/www.fisifvg.org\/2020\/05\/10\/iosonofisifvg-alberto-benedetti\/\">ALBERTO BENEDETTI<\/a><br \/>\n<a href=\"https:\/\/www.fisifvg.org\/2020\/05\/08\/iosonofisifvg-ludovica-del-bianco\/\">LUDOVICA DEL BIANCO<\/a><br \/>\n<a href=\"https:\/\/www.fisifvg.org\/2020\/05\/06\/iosonofisifvg-ilaria-scattolo\/\">ILARIA SCATTOLO<\/a><br \/>\n<a href=\"https:\/\/www.fisifvg.org\/2020\/05\/05\/iosonofisifvg-davide-graz\/\">DAVIDE GRAZ<\/a><br \/>\n<a href=\"https:\/\/www.fisifvg.org\/2020\/05\/03\/iosonofisifvg-andrea-gartner\/\">ANDREA GARTNER<\/a><br \/>\n<a href=\"https:\/\/www.fisifvg.org\/2020\/05\/02\/iosonofisifvg-giacomo-vidoni\/\">GIACOMO VIDONI<\/a><br \/>\n<a href=\"https:\/\/www.fisifvg.org\/2020\/04\/30\/iosonofisifvg-pietro-pallober\/\">PIETRO PALLOBER<\/a><br \/>\n<a href=\"https:\/\/www.fisifvg.org\/2020\/04\/28\/iosonofisifvg-francesco-cecon\/\">FRANCESCO CECON<\/a><br \/>\n<a href=\"https:\/\/www.fisifvg.org\/2020\/04\/27\/iosonofisifvg-alex-perissutti\/\">ALEX PERISSUTTI<\/a><br \/>\n<a href=\"https:\/\/www.fisifvg.org\/2020\/04\/25\/iosonofisifvg-anna-berra\/\">ANNA BERRA<\/a><br \/>\n<a href=\"https:\/\/www.fisifvg.org\/2020\/04\/24\/iosonofisifvg-martina-di-centa\/\">MARTINA DI CENTA<\/a><br \/>\n<a href=\"https:\/\/www.fisifvg.org\/2020\/04\/23\/iosonofisifvg-giovanni-vanino\/\">GIOVANNI VANINO<\/a><br \/>\n<a href=\"https:\/\/www.fisifvg.org\/2020\/04\/22\/iosonofisifvg-astrid-plosch\/\">ASTRID PL\u00d6SCH<\/a><br \/>\n<a href=\"https:\/\/www.fisifvg.org\/2020\/04\/21\/iosonofisifvg-martino-zambenedetti\/\">MARTINO ZAMBENEDETTI<\/a><br \/>\n<a href=\"https:\/\/www.fisifvg.org\/2020\/04\/20\/iosonofisifvg-renato-moretti\/\">RENATO MORETTI<\/a><br \/>\n<a href=\"https:\/\/www.fisifvg.org\/2020\/04\/19\/iosonofisifvg-gabriele-monteleone\/\">GABRIELE MONTELEONE<\/a><br \/>\n<a href=\"https:\/\/www.fisifvg.org\/2020\/04\/18\/iosonofisifvg-andrea-craievich\/\">ANDREA CRAIEVICH<\/a><br \/>\n<a href=\"https:\/\/www.fisifvg.org\/2020\/04\/17\/iosonofisifvg-fabio-cappellari\/\">FABIO CAPPELLARI<\/a><br \/>\n<a href=\"https:\/\/www.fisifvg.org\/2020\/04\/16\/iosonofisifvg-arturo-severi\/\">ARTURO SEVERI<\/a><br \/>\n<a href=\"https:\/\/www.fisifvg.org\/2020\/04\/15\/iosonofisifvg-caterina-molinari\/\">CATERINA MOLINARI<\/a><br \/>\n<a href=\"https:\/\/www.fisifvg.org\/2020\/04\/14\/iosonofisifvg-greta-pinzani\/\">GRETA PINZANI<\/a><br \/>\n<a href=\"https:\/\/www.fisifvg.org\/2020\/04\/11\/iosonofisifvg-alessandro-tosoni\/\">ALESSANDRO TOSONI<\/a><br \/>\n<a href=\"https:\/\/www.fisifvg.org\/2020\/04\/10\/iosonofisifvg-edoardo-buzzi\/\">EDOARDO BUZZI<\/a><br \/>\n<a href=\"https:\/\/www.fisifvg.org\/2020\/04\/09\/iosonofisifvg-sara-scattolo\/\">SARA SCATTOLO<\/a><br \/>\n<a href=\"https:\/\/www.fisifvg.org\/2020\/04\/07\/iosonofisifvg-martina-zanitzer\/\">MARTINA ZANITZER<\/a><br \/>\n<a href=\"https:\/\/www.fisifvg.org\/2020\/04\/06\/iosonofisifvg-samuele-cusin\/\">SAMUELE CUSIN<\/a><br \/>\n<a href=\"https:\/\/www.fisifvg.org\/2020\/04\/05\/iosonofisifvg-fabio-piller-cottrer\/\">FABIO PILLER COTTRER<\/a><br \/>\n<a href=\"https:\/\/www.fisifvg.org\/2020\/04\/04\/iosonofisifvg-karin-puntel\/\">KARIN PUNTEL<\/a><br \/>\n<a href=\"https:\/\/www.fisifvg.org\/2020\/04\/03\/iosonofisifvg-andrea-campregher\/\">ANDREA CAMPREGHER<\/a><br \/>\n<a href=\"https:\/\/www.fisifvg.org\/2020\/04\/01\/iosonofisifvg-paolo-ramicone\/\">PAOLO RAMICONE<\/a><br \/>\n<a href=\"https:\/\/www.fisifvg.org\/2020\/03\/31\/iosonofisifvg-mattia-piller-hoffer\/\">MATTIA PILLER HOFFER<\/a><br \/>\n<a href=\"https:\/\/www.fisifvg.org\/2020\/03\/30\/iosonofisifvg-aurora-morassi\/\">AURORA MORASSI<\/a><br \/>\n<a href=\"https:\/\/www.fisifvg.org\/2020\/03\/29\/iosonofisifvg-noelia-vuerich\/\">NOELIA VUERICH<\/a><br \/>\n<a href=\"https:\/\/www.fisifvg.org\/2020\/03\/28\/iosonofisifvg-cristiano-agostinis\/\">CRISTIANO AGOSTINIS<\/a><br \/>\n<a href=\"https:\/\/www.fisifvg.org\/2020\/03\/27\/iosonofisifvg-lorenzo-solero\/\">LORENZO SOLERO<\/a><br \/>\n<a href=\"https:\/\/www.fisifvg.org\/2020\/03\/26\/iosonofisifvg-luca-sclisizzo\/\">LUCA SCLISIZZO<\/a><br \/>\n<a href=\"https:\/\/www.fisifvg.org\/2020\/03\/25\/iosonofisifvg-erika-pinzani\/\">ERIKA PINZANI<\/a><br \/>\n<a href=\"https:\/\/www.fisifvg.org\/2020\/03\/23\/iosonofisifvg-caterina-sinigoi\/\">CATERINA SINIGOI<\/a><\/p>\n","protected":false},"excerpt":{"rendered":"<p>Protagonista odierno della nostra rubrica \u00e8 il lussarino della squadra regionale di sci alpino<\/p>\n","protected":false},"author":4,"featured_media":62060,"comment_status":"closed","ping_status":"closed","sticky":false,"template":"","format":"standard","meta":{"_acf_changed":false,"footnotes":""},"categories":[10,15],"tags":[],"acf":[],"_links":{"self":[{"href":"https:\/\/comitati.fisi.org\/friuli-venezia-giulia\/wp-json\/wp\/v2\/posts\/69247"}],"collection":[{"href":"https:\/\/comitati.fisi.org\/friuli-venezia-giulia\/wp-json\/wp\/v2\/posts"}],"about":[{"href":"https:\/\/comitati.fisi.org\/friuli-venezia-giulia\/wp-json\/wp\/v2\/types\/post"}],"author":[{"embeddable":true,"href":"https:\/\/comitati.fisi.org\/friuli-venezia-giulia\/wp-json\/wp\/v2\/users\/4"}],"replies":[{"embeddable":true,"href":"https:\/\/comitati.fisi.org\/friuli-venezia-giulia\/wp-json\/wp\/v2\/comments?post=69247"}],"version-history":[{"count":0,"href":"https:\/\/comitati.fisi.org\/friuli-venezia-giulia\/wp-json\/wp\/v2\/posts\/69247\/revisions"}],"wp:featuredmedia":[{"embeddable":true,"href":"https:\/\/comitati.fisi.org\/friuli-venezia-giulia\/wp-json\/wp\/v2\/media\/62060"}],"wp:attachment":[{"href":"https:\/\/comitati.fisi.org\/friuli-venezia-giulia\/wp-json\/wp\/v2\/media?parent=69247"}],"wp:term":[{"taxonomy":"category","embeddable":true,"href":"https:\/\/comitati.fisi.org\/friuli-venezia-giulia\/wp-json\/wp\/v2\/categories?post=69247"},{"taxonomy":"post_tag","embeddable":true,"href":"https:\/\/comitati.fisi.org\/friuli-venezia-giulia\/wp-json\/wp\/v2\/tags?post=69247"}],"curies":[{"name":"wp","href":"https:\/\/api.w.org\/{rel}","templated":true}]}}