{"id":69153,"date":"2020-05-10T11:18:42","date_gmt":"2020-05-10T09:18:42","guid":{"rendered":"https:\/\/www.fisifvg.org\/?p=69153"},"modified":"2020-05-10T11:18:42","modified_gmt":"2020-05-10T09:18:42","slug":"iosonofisifvg-alberto-benedetti","status":"publish","type":"post","link":"https:\/\/comitati.fisi.org\/friuli-venezia-giulia\/blog\/2020\/05\/10\/iosonofisifvg-alberto-benedetti\/","title":{"rendered":"#IoSonoFisiFvg \u2013 ALBERTO BENEDETTI"},"content":{"rendered":"<p>Nuovo appuntamento con la rubrica\u00a0<strong>#IoSonoFisiFvg,<\/strong>\u00a0che ci consente di conoscere meglio gli atleti del\u00a0<strong>Comitato FISI FVG.<br \/>\n<\/strong>Oggi protagonista \u00e8 <strong>ALBERTO BENEDETTI,<\/strong> esponente della squadra regionale di <strong>sci alpino.<\/strong><\/p>\n<p><span style=\"font-weight: 400\"><span style=\"color: #ffffff\">.<\/span><br \/>\n<strong>Sci Club:<\/strong> Sci Cai Monte Lussari<br \/>\n<\/span><span style=\"font-weight: 400\"><strong>Dove vivi?<\/strong> Cormons<br \/>\n<\/span><span style=\"font-weight: 400\"><strong>A che et\u00e0 hai messo per la prima volta gli sci ai piedi?<\/strong> A circa 3 anni<br \/>\n<strong>Ti \u00e8 piaciuto subito?<\/strong> S\u00ec<br \/>\n<\/span><span style=\"font-weight: 400\"><strong>Hai praticato altre discipline invernali?<\/strong> No<br \/>\n<\/span><span style=\"font-weight: 400\"><strong>Ti ricordi la prima gara?<\/strong> Era il trofeo Biberon a Forni di Sopra e se non sbaglio sono arrivato 6\u00b0. Sono le uniche cose che mi ricordo di quella giornata.<br \/>\n<\/span><\/p>\n<div id=\"attachment_55348\" style=\"width: 460px\" class=\"wp-caption alignright\"><a href=\"http:\/\/comitati.fisi.org\/friuli-venezia-giulia\/wp-content\/uploads\/sites\/34\/2019\/01\/schladming-1.jpg\"><img loading=\"lazy\" decoding=\"async\" aria-describedby=\"caption-attachment-55348\" class=\"wp-image-55348\" src=\"http:\/\/comitati.fisi.org\/friuli-venezia-giulia\/wp-content\/uploads\/sites\/34\/2019\/01\/schladming-1-400x400.jpg\" alt=\"\" width=\"450\" height=\"234\" \/><\/a><p id=\"caption-attachment-55348\" class=\"wp-caption-text\">Schladming<\/p><\/div>\n<p><span style=\"font-weight: 400\"><strong>Chi \u00e8 il tuo allenatore?<\/strong> Gianluca Zanitzer e Francesco Princi. Mi trovo molto bene con loro, perch\u00e9 li reputo estremamente professionali in pista e esilaranti nel momento dello svago. Penso che questo sia il giusto compromesso per riuscire ad essere pi\u00f9 sereni ed efficienti<br \/>\n<\/span><span style=\"font-weight: 400\"><strong>Dove credi di dover migliorare? <\/strong>Nella concentrazione pre discesa e nella preparazione atletica<br \/>\n<\/span><span style=\"font-weight: 400\"><strong>Qual \u00e8 la pista pi\u00f9 bella nella quale hai gareggiato?<\/strong> Folgaria<br \/>\n<\/span><span style=\"font-weight: 400\"><strong>E quella dove un giorno vorresti correre?<\/strong> Schladming<br \/>\n<\/span><span style=\"font-weight: 400\"><strong>La miglior gara della tua vita quando e dove \u00e8 stata?<\/strong> Non sarei in grado di sceglierne una sola, per\u00f2 la mia migliore stagione \u00e8 stata la 2018\/2019<br \/>\n<\/span><span style=\"font-weight: 400\"><strong>Chi \u00e8 l\u2019amico del cuore?<\/strong> Tutto lo sci club \u00e8 come una seconda famiglia per me<br \/>\n<\/span><span style=\"font-weight: 400\"><strong>Qual \u00e8 il tuo idolo, d\u2019infanzia e\/o attuale? <\/strong>Ted Ligety<br \/>\n<\/span><span style=\"font-weight: 400\"><strong>\u00c8 possibile collimare scuola e sport?<\/strong> S\u00ec, per\u00f2 \u00e8 molto complicato<br \/>\n<\/span><span style=\"font-weight: 400\"><strong>Cos\u2019\u00e8 per te lo sci? <\/strong>Una grandissima passione<br \/>\n<\/span><span style=\"font-weight: 400\"><strong>Nel futuro ti vedi atleta, allenatore, Maestro o semplice appassionato?<\/strong> Spero atleta<br \/>\n<\/span><\/p>\n<div id=\"attachment_69156\" style=\"width: 250px\" class=\"wp-caption alignleft\"><a href=\"http:\/\/comitati.fisi.org\/friuli-venezia-giulia\/wp-content\/uploads\/sites\/34\/2020\/05\/Bruno-Mars.jpg\"><img loading=\"lazy\" decoding=\"async\" aria-describedby=\"caption-attachment-69156\" class=\"wp-image-69156\" src=\"http:\/\/comitati.fisi.org\/friuli-venezia-giulia\/wp-content\/uploads\/sites\/34\/2020\/05\/Bruno-Mars-400x400.jpg\" alt=\"\" width=\"240\" height=\"300\" \/><\/a><p id=\"caption-attachment-69156\" class=\"wp-caption-text\">Bruno Mars<\/p><\/div>\n<p><span style=\"font-weight: 400\"><strong>Il classico sogno nel cassetto?<\/strong> Vincere in Coppa del Mondo<br \/>\n<\/span><span style=\"font-weight: 400\"><strong>Musica preferita?<\/strong> Hip Hop<br \/>\n<\/span><span style=\"font-weight: 400\"><strong>Cantante\/gruppo preferito?<\/strong> Bruno Mars<br \/>\n<\/span><span style=\"font-weight: 400\"><strong>Serie tv preferita?<\/strong> The Big Bang Theory<br \/>\n<\/span><span style=\"font-weight: 400\"><strong>Attore preferito?<\/strong> Kevin Hart<br \/>\n<\/span><span style=\"font-weight: 400\"><strong>Sport extrasci preferito?<\/strong> Formula 1<br \/>\n<\/span><span style=\"font-weight: 400\"><strong>Sportivo extrasci preferito?<\/strong> Sebastian Vettel e Valentino Rossi<br \/>\n<\/span><span style=\"font-weight: 400\"><strong>Hai qualche hobby?<\/strong> Basket e football americano<br \/>\n<\/span><span style=\"font-weight: 400\"><strong>Social preferito? <\/strong>Instagram<br \/>\n<\/span><span style=\"font-weight: 400\"><strong>Il luogo pi\u00f9 bello che hai visitato?<\/strong>\u00a0New York<br \/>\n<\/span><span style=\"font-weight: 400\"><strong>Vorresti fare una vacanza a:<\/strong> lungo tutta la Route 66<\/span><\/p>\n<p><strong><br \/>\nLEGGI LE ALTRE SCHEDE<\/strong><\/p>\n<p><a href=\"https:\/\/www.fisifvg.org\/2020\/05\/08\/iosonofisifvg-ludovica-del-bianco\/\">LUDOVICA DEL BIANCO<\/a><br \/>\n<a href=\"https:\/\/www.fisifvg.org\/2020\/05\/06\/iosonofisifvg-ilaria-scattolo\/\">ILARIA SCATTOLO<\/a><br \/>\n<a href=\"https:\/\/www.fisifvg.org\/2020\/05\/05\/iosonofisifvg-davide-graz\/\">DAVIDE GRAZ<\/a><br \/>\n<a href=\"https:\/\/www.fisifvg.org\/2020\/05\/03\/iosonofisifvg-andrea-gartner\/\">ANDREA GARTNER<\/a><br \/>\n<a href=\"https:\/\/www.fisifvg.org\/2020\/05\/02\/iosonofisifvg-giacomo-vidoni\/\">GIACOMO VIDONI<\/a><br \/>\n<a href=\"https:\/\/www.fisifvg.org\/2020\/04\/30\/iosonofisifvg-pietro-pallober\/\">PIETRO PALLOBER<\/a><br \/>\n<a href=\"https:\/\/www.fisifvg.org\/2020\/04\/28\/iosonofisifvg-francesco-cecon\/\">FRANCESCO CECON<\/a><br \/>\n<a href=\"https:\/\/www.fisifvg.org\/2020\/04\/27\/iosonofisifvg-alex-perissutti\/\">ALEX PERISSUTTI<\/a><br \/>\n<a href=\"https:\/\/www.fisifvg.org\/2020\/04\/25\/iosonofisifvg-anna-berra\/\">ANNA BERRA<\/a><br \/>\n<a href=\"https:\/\/www.fisifvg.org\/2020\/04\/24\/iosonofisifvg-martina-di-centa\/\">MARTINA DI CENTA<\/a><br \/>\n<a href=\"https:\/\/www.fisifvg.org\/2020\/04\/23\/iosonofisifvg-giovanni-vanino\/\">GIOVANNI VANINO<\/a><br \/>\n<a href=\"https:\/\/www.fisifvg.org\/2020\/04\/22\/iosonofisifvg-astrid-plosch\/\">ASTRID PL\u00d6SCH<\/a><br \/>\n<a href=\"https:\/\/www.fisifvg.org\/2020\/04\/21\/iosonofisifvg-martino-zambenedetti\/\">MARTINO ZAMBENEDETTI<\/a><br \/>\n<a href=\"https:\/\/www.fisifvg.org\/2020\/04\/20\/iosonofisifvg-renato-moretti\/\">RENATO MORETTI<\/a><br \/>\n<a href=\"https:\/\/www.fisifvg.org\/2020\/04\/19\/iosonofisifvg-gabriele-monteleone\/\">GABRIELE MONTELEONE<\/a><br \/>\n<a href=\"https:\/\/www.fisifvg.org\/2020\/04\/18\/iosonofisifvg-andrea-craievich\/\">ANDREA CRAIEVICH<\/a><br \/>\n<a href=\"https:\/\/www.fisifvg.org\/2020\/04\/17\/iosonofisifvg-fabio-cappellari\/\">FABIO CAPPELLARI<\/a><br \/>\n<a href=\"https:\/\/www.fisifvg.org\/2020\/04\/16\/iosonofisifvg-arturo-severi\/\">ARTURO SEVERI<\/a><br \/>\n<a href=\"https:\/\/www.fisifvg.org\/2020\/04\/15\/iosonofisifvg-caterina-molinari\/\">CATERINA MOLINARI<\/a><br \/>\n<a href=\"https:\/\/www.fisifvg.org\/2020\/04\/14\/iosonofisifvg-greta-pinzani\/\">GRETA PINZANI<\/a><br \/>\n<a href=\"https:\/\/www.fisifvg.org\/2020\/04\/11\/iosonofisifvg-alessandro-tosoni\/\">ALESSANDRO TOSONI<\/a><br \/>\n<a href=\"https:\/\/www.fisifvg.org\/2020\/04\/10\/iosonofisifvg-edoardo-buzzi\/\">EDOARDO BUZZI<\/a><br \/>\n<a href=\"https:\/\/www.fisifvg.org\/2020\/04\/09\/iosonofisifvg-sara-scattolo\/\">SARA SCATTOLO<\/a><br \/>\n<a href=\"https:\/\/www.fisifvg.org\/2020\/04\/07\/iosonofisifvg-martina-zanitzer\/\">MARTINA ZANITZER<\/a><br \/>\n<a href=\"https:\/\/www.fisifvg.org\/2020\/04\/06\/iosonofisifvg-samuele-cusin\/\">SAMUELE CUSIN<\/a><br \/>\n<a href=\"https:\/\/www.fisifvg.org\/2020\/04\/05\/iosonofisifvg-fabio-piller-cottrer\/\">FABIO PILLER COTTRER<\/a><br \/>\n<a href=\"https:\/\/www.fisifvg.org\/2020\/04\/04\/iosonofisifvg-karin-puntel\/\">KARIN PUNTEL<\/a><br \/>\n<a href=\"https:\/\/www.fisifvg.org\/2020\/04\/03\/iosonofisifvg-andrea-campregher\/\">ANDREA CAMPREGHER<\/a><br \/>\n<a href=\"https:\/\/www.fisifvg.org\/2020\/04\/01\/iosonofisifvg-paolo-ramicone\/\">PAOLO RAMICONE<\/a><br \/>\n<a href=\"https:\/\/www.fisifvg.org\/2020\/03\/31\/iosonofisifvg-mattia-piller-hoffer\/\">MATTIA PILLER HOFFER<\/a><br \/>\n<a href=\"https:\/\/www.fisifvg.org\/2020\/03\/30\/iosonofisifvg-aurora-morassi\/\">AURORA MORASSI<\/a><br \/>\n<a href=\"https:\/\/www.fisifvg.org\/2020\/03\/29\/iosonofisifvg-noelia-vuerich\/\">NOELIA VUERICH<\/a><br \/>\n<a href=\"https:\/\/www.fisifvg.org\/2020\/03\/28\/iosonofisifvg-cristiano-agostinis\/\">CRISTIANO AGOSTINIS<\/a><br \/>\n<a href=\"https:\/\/www.fisifvg.org\/2020\/03\/27\/iosonofisifvg-lorenzo-solero\/\">LORENZO SOLERO<\/a><br \/>\n<a href=\"https:\/\/www.fisifvg.org\/2020\/03\/26\/iosonofisifvg-luca-sclisizzo\/\">LUCA SCLISIZZO<\/a><br \/>\n<a href=\"https:\/\/www.fisifvg.org\/2020\/03\/25\/iosonofisifvg-erika-pinzani\/\">ERIKA PINZANI<\/a><br \/>\n<a href=\"https:\/\/www.fisifvg.org\/2020\/03\/23\/iosonofisifvg-caterina-sinigoi\/\">CATERINA SINIGOI<\/a><\/p>\n","protected":false},"excerpt":{"rendered":"<p>Protagonsta odierno della nostra rubrica \u00e8 il lussarino della squadra regionale di sci alpino<\/p>\n","protected":false},"author":4,"featured_media":61690,"comment_status":"closed","ping_status":"closed","sticky":false,"template":"","format":"standard","meta":{"_acf_changed":false,"footnotes":""},"categories":[10,15],"tags":[],"acf":[],"_links":{"self":[{"href":"https:\/\/comitati.fisi.org\/friuli-venezia-giulia\/wp-json\/wp\/v2\/posts\/69153"}],"collection":[{"href":"https:\/\/comitati.fisi.org\/friuli-venezia-giulia\/wp-json\/wp\/v2\/posts"}],"about":[{"href":"https:\/\/comitati.fisi.org\/friuli-venezia-giulia\/wp-json\/wp\/v2\/types\/post"}],"author":[{"embeddable":true,"href":"https:\/\/comitati.fisi.org\/friuli-venezia-giulia\/wp-json\/wp\/v2\/users\/4"}],"replies":[{"embeddable":true,"href":"https:\/\/comitati.fisi.org\/friuli-venezia-giulia\/wp-json\/wp\/v2\/comments?post=69153"}],"version-history":[{"count":0,"href":"https:\/\/comitati.fisi.org\/friuli-venezia-giulia\/wp-json\/wp\/v2\/posts\/69153\/revisions"}],"wp:featuredmedia":[{"embeddable":true,"href":"https:\/\/comitati.fisi.org\/friuli-venezia-giulia\/wp-json\/wp\/v2\/media\/61690"}],"wp:attachment":[{"href":"https:\/\/comitati.fisi.org\/friuli-venezia-giulia\/wp-json\/wp\/v2\/media?parent=69153"}],"wp:term":[{"taxonomy":"category","embeddable":true,"href":"https:\/\/comitati.fisi.org\/friuli-venezia-giulia\/wp-json\/wp\/v2\/categories?post=69153"},{"taxonomy":"post_tag","embeddable":true,"href":"https:\/\/comitati.fisi.org\/friuli-venezia-giulia\/wp-json\/wp\/v2\/tags?post=69153"}],"curies":[{"name":"wp","href":"https:\/\/api.w.org\/{rel}","templated":true}]}}