{"id":68986,"date":"2020-05-04T15:42:20","date_gmt":"2020-05-04T13:42:20","guid":{"rendered":"https:\/\/www.fisifvg.org\/?p=68986"},"modified":"2020-05-04T15:42:20","modified_gmt":"2020-05-04T13:42:20","slug":"vittozzi-montello-e-cappellari-conoscono-ora-il-calendario-della-coppa-del-mondo-20-21","status":"publish","type":"post","link":"https:\/\/comitati.fisi.org\/friuli-venezia-giulia\/blog\/2020\/05\/04\/vittozzi-montello-e-cappellari-conoscono-ora-il-calendario-della-coppa-del-mondo-20-21\/","title":{"rendered":"Vittozzi, Montello e Cappellari conoscono ora il calendario della Coppa del Mondo 20-21"},"content":{"rendered":"<p>La Federazione Internazionale del biathlon (IBU) ha comunicato il calendario provvisorio della prossima edizione di Coppa del mondo\u00a0 detenuta da Johannes Boe e Dorothea Wierer.<\/p>\n<div id=\"attachment_67311\" style=\"width: 410px\" class=\"wp-caption alignleft\"><a href=\"http:\/\/comitati.fisi.org\/friuli-venezia-giulia\/wp-content\/uploads\/sites\/34\/2020\/02\/BIATHLON-2020-Lisa-Vittozzi4-1.jpg\"><img loading=\"lazy\" decoding=\"async\" aria-describedby=\"caption-attachment-67311\" class=\"wp-image-67311\" src=\"http:\/\/comitati.fisi.org\/friuli-venezia-giulia\/wp-content\/uploads\/sites\/34\/2020\/02\/BIATHLON-2020-Lisa-Vittozzi4-1-400x400.jpg\" alt=\"\" width=\"400\" height=\"205\" \/><\/a><p id=\"caption-attachment-67311\" class=\"wp-caption-text\">Lisa Vittozzi<\/p><\/div>\n<p>Undici le tappe in programma, per un totale di settanta gare complessive, suddivise fra 26 appuntamenti individuali maschile, altrettanti femminile\u00eci e 18 gare a squadre.<br \/>\nAncora una volta l&#8217;Italia sar\u00e0 protagonista con Anterselva (biglietti in vendita on line da settembre), dove si garegger\u00e0 da gioved\u00ec 21 a domenica 24 gennaio con individuali, mass start e staffette. I Mondiali sono previsti a Pokljuka (Slo) dal 10 al 21 febbraio, si parte a Kontiolahti sabato 28 novembre e si finisce a Oslo domenica 21 marzo.<br \/>\nRicordiamo che nella passata stagione hanno preso parte ad almeno una gara di CdM tre biathleti FVG, ovvero <strong>Lisa Vittozzi, Daniele Cappellari e Giuseppe Montello.<\/strong><\/p>\n<div id=\"attachment_67100\" style=\"width: 410px\" class=\"wp-caption alignright\"><a href=\"http:\/\/comitati.fisi.org\/friuli-venezia-giulia\/wp-content\/uploads\/sites\/34\/2020\/02\/BIATHLON-2020-Daniele-Cappellari-PhotoSolero2.jpg\"><img loading=\"lazy\" decoding=\"async\" aria-describedby=\"caption-attachment-67100\" class=\"size-thumbnail wp-image-67100\" src=\"http:\/\/comitati.fisi.org\/friuli-venezia-giulia\/wp-content\/uploads\/sites\/34\/2020\/02\/BIATHLON-2020-Daniele-Cappellari-PhotoSolero2-400x400.jpg\" alt=\"\" width=\"400\" height=\"400\" \/><\/a><p id=\"caption-attachment-67100\" class=\"wp-caption-text\">Daniele Cappellari<\/p><\/div>\n<p><em><strong>Ma ecco il calendario data per data:\u00a0 \u00a0<\/strong><\/em><br \/>\nSab. 28\/11\/20 &#8211; Individuale maschile e femminile Kontiolahti (Fin) &#8211; ore 11.00 e 14.20<br \/>\nDom. 29\/11\/20- Sprint maschile e femminile Kontiolahti (Fin) &#8211; ore 10.30 e 13.30<br \/>\nGio. 03\/12\/20 &#8211; Sprint maschile e femminile Ostersund (Sve) &#8211; ore 13.30 e 16.30<br \/>\nSab. 05\/12\/20 &#8211; Pursuit maschile e staffetta femminile Oestersund (Sve) &#8211; ore 13.20 e 15.15<br \/>\nDom. 06\/12\/20 &#8211; Staffetta maschile e pursuit femminile Oestersund (Sve) &#8211; ore 12.45 e 15.45<br \/>\nVen. 11\/12\/20 &#8211; Sprint femminile e maschile Hochfilzen (Aut) &#8211; ore 11.30 e 14.20<br \/>\nSab. 12\/12\/20 &#8211; Staffetta femminile e pursuit maschile Hochfilzen (Aut) &#8211; ore 11.45 e 14.45<br \/>\nDom. 13\/12\/20 &#8211; Pursuit femminile e staffetta maschile Hochfilzen (Aut) &#8211; ore 11.45 e 14.00<br \/>\nGio. 17\/12\/20 &#8211; Sprint maschile Annecy-Le Grand Bornand (Fra) &#8211; ore 14.15<br \/>\nVen. 18\/12\/20 &#8211; Sprint femminile Annecy-Le Grand Bornand (Fra) &#8211; ore 14.15<br \/>\nSab. 19\/12\/20 &#8211; Pursuit maschile e femminile Annecy-Le Grand Bornand (Fra) &#8211; ore 13.00 e 15.00<br \/>\nDom. 20\/12\/20 &#8211; Mass start maschile e femminile Annecy-Le Grand Bornand (Fra) &#8211; ore 12.00 e 14.15<br \/>\nGio. 07\/01\/21 &#8211; Sprint femminile Oberhof (Ger) &#8211; ore 14.15<br \/>\nVen. 08\/01\/21 &#8211; Sprint maschile Oberhof (Ger) &#8211; ore 14.15<br \/>\nSab. 09\/01\/21 &#8211; Pursuit femminile e maschile Oberhof (Ger) &#8211; ore 12.45 e 14.45<br \/>\nDom. 10\/01\/21 &#8211; Staffetta mista e staffetta singola mista Oberhof (Ger) &#8211; ore 11.30 e 14.40<br \/>\nMer. 13\/01\/21 &#8211; Sprint maschile Ruhpolding (Ger) &#8211; ore 14.30<br \/>\nGio. 14\/01\/21 &#8211; Sprint femminile Ruhpolding (Ger) &#8211; ore 14.30<br \/>\nVen. 15\/01\/21 &#8211; Staffetta maschile Ruhpolding (Ger) &#8211; ore 14.30<br \/>\nSab. 16\/01\/21 &#8211; Staffetta femminile Ruhpolding (Ger) &#8211; ore 14.45<br \/>\nDom. 17\/01\/21 &#8211; Mass start maschile e femminile Ruhpolding (Ger) &#8211; ore 12.30 e 15.00<br \/>\n<strong>Gio. 21\/01\/21 &#8211; Individuale femminile Anterselva (Ita) &#8211; ore 14.15<\/strong><br \/>\n<strong>Ven. 22\/01\/21 &#8211; Individuale maschile Anterselva (Ita) &#8211; ore 13.15<\/strong><br \/>\n<strong>Sab. 23\/01\/21 &#8211; Mass start femminile e staffetta maschile Anterselva (Ita) &#8211; ore 13.10 e 15.05<\/strong><br \/>\n<strong>Dom. 24\/01\/21 &#8211; Staffetta femminile e mass start maschile Anterselva (Ita) &#8211; ore 12.00 e 14.45<\/strong><br \/>\nMer. 10\/02\/21 &#8211; MONDIALI &#8211; Staffetta mista Pokljuka (Slo) &#8211; ore 15.00<br \/>\nVen. 12\/02\/21 &#8211; MONDIALI &#8211; Sprint maschile Pokljuka (Slo) &#8211; ore 14.30<br \/>\nSab. 13\/02\/21 &#8211; MONDIALI &#8211; Sprint femminile Pokljuka (Slo) &#8211; ore 14.30<br \/>\nDom. 14\/02\/21 &#8211; MONDIALI &#8211; Pursuit maschile e femminile Pokljuka (Slo) &#8211; ore 13.15 e 15.30<br \/>\nMar. 16\/02\/21 &#8211; MONDIALI &#8211; Individuale femminile Pokljuka (Slo) &#8211; ore 12.05<br \/>\nMer. 17\/02\/21 &#8211; MONDIALI &#8211; Individuale maschile Pokljuka (Slo) &#8211; ore 14.30<br \/>\nGio. 18\/02\/21 &#8211; MONDIALI &#8211; Staffetta singola mista Pokljuka (Slo) &#8211; ore 15.15<br \/>\nSab. 20\/02\/21 &#8211; MONDIALI &#8211; Staffetta femminile e maschile Pokljuka (Slo) &#8211; ore 11.45 e 15.00<br \/>\nDom. 21\/02\/21 &#8211; MONDIALI &#8211; Mass start femminile e maschile Pokljuka (Slo) &#8211; ore 12.30 e 15.15<br \/>\nVen. 26\/02\/21 &#8211; Staffetta femminile Pechino (Chn) &#8211; ore 09.15<br \/>\nSab. 27\/02\/21 &#8211; Staffetta maschile Pechino (Chn) &#8211; ore 09.15<br \/>\nDom. 28\/02\/21 &#8211; Sprint femminile e maschile Pechino (Chn) &#8211; ore 06.35 e 09.30<br \/>\nLun. 01\/03\/21 &#8211; Pursuit femminile e maschile Pechino (Chn) &#8211; ore 09.15 e 11.15<br \/>\nGio. 11\/03\/21 &#8211; Sprint maschile Nove Mesto (Cze) &#8211; ore 17.30<br \/>\nVen. 12\/03\/21 &#8211; Sprint femminile Nove Mesto (Cze) &#8211; ore 17.30<br \/>\nSab. 13\/03\/21 &#8211; Pursuit maschile e femminile Nove Mesto (Cze) &#8211; ore 14.45 e 17.15<br \/>\nDom. 14\/03\/21 &#8211; Staffetta mista e staffetta singola mista Nove Mesto (Cze) &#8211; ore 10.25 e 13.45<br \/>\nGio. 18\/03\/21 &#8211; Supersprint femminile e maschile Oslo (Nor) &#8211; ore 12.15 e 15.15<br \/>\nSab. 20\/03\/21 &#8211; Sprint femminile e maschile Oslo (Nor) &#8211; ore 12.15 e 15.15<br \/>\nDom. 21\/03\/21 &#8211; Mass start femminile e maschile Oslo (Nor) &#8211; ore 13.00 e 15.30<\/p>\n<p><em><strong>(nella foto di copertina Giuseppe Montello)<\/strong><\/em><\/p>\n","protected":false},"excerpt":{"rendered":"<p>I Mondiali sono previsti a Pokljuka, in Slovenia, dal 10 al 21 febbraio<\/p>\n","protected":false},"author":4,"featured_media":55007,"comment_status":"closed","ping_status":"closed","sticky":false,"template":"","format":"standard","meta":{"_acf_changed":false,"footnotes":""},"categories":[13,10],"tags":[],"acf":[],"_links":{"self":[{"href":"https:\/\/comitati.fisi.org\/friuli-venezia-giulia\/wp-json\/wp\/v2\/posts\/68986"}],"collection":[{"href":"https:\/\/comitati.fisi.org\/friuli-venezia-giulia\/wp-json\/wp\/v2\/posts"}],"about":[{"href":"https:\/\/comitati.fisi.org\/friuli-venezia-giulia\/wp-json\/wp\/v2\/types\/post"}],"author":[{"embeddable":true,"href":"https:\/\/comitati.fisi.org\/friuli-venezia-giulia\/wp-json\/wp\/v2\/users\/4"}],"replies":[{"embeddable":true,"href":"https:\/\/comitati.fisi.org\/friuli-venezia-giulia\/wp-json\/wp\/v2\/comments?post=68986"}],"version-history":[{"count":0,"href":"https:\/\/comitati.fisi.org\/friuli-venezia-giulia\/wp-json\/wp\/v2\/posts\/68986\/revisions"}],"wp:featuredmedia":[{"embeddable":true,"href":"https:\/\/comitati.fisi.org\/friuli-venezia-giulia\/wp-json\/wp\/v2\/media\/55007"}],"wp:attachment":[{"href":"https:\/\/comitati.fisi.org\/friuli-venezia-giulia\/wp-json\/wp\/v2\/media?parent=68986"}],"wp:term":[{"taxonomy":"category","embeddable":true,"href":"https:\/\/comitati.fisi.org\/friuli-venezia-giulia\/wp-json\/wp\/v2\/categories?post=68986"},{"taxonomy":"post_tag","embeddable":true,"href":"https:\/\/comitati.fisi.org\/friuli-venezia-giulia\/wp-json\/wp\/v2\/tags?post=68986"}],"curies":[{"name":"wp","href":"https:\/\/api.w.org\/{rel}","templated":true}]}}