{"id":68954,"date":"2020-05-01T10:08:33","date_gmt":"2020-05-01T08:08:33","guid":{"rendered":"https:\/\/www.fisifvg.org\/?p=68954"},"modified":"2020-05-01T10:08:33","modified_gmt":"2020-05-01T08:08:33","slug":"federico-cecon-conosce-le-date-della-prossima-coppa-del-mondo-di-salto","status":"publish","type":"post","link":"https:\/\/comitati.fisi.org\/friuli-venezia-giulia\/blog\/2020\/05\/01\/federico-cecon-conosce-le-date-della-prossima-coppa-del-mondo-di-salto\/","title":{"rendered":"Federico Cecon conosce le date della prossima Coppa del Mondo di salto"},"content":{"rendered":"<p>Il sub comitato tecnico di <strong>salto con gli sci<\/strong> della Federazione Internazionale riunitosi nei giorni scorsi ha definito il calendario preliminare della prossima stagione di Coppa del mondo di salto con gli sci, che sar\u00e0 definitivamente approvato nel prossimo mese di settembre.<\/p>\n<p>In campo maschile sono previste ben 38 gare complessive dislocate in venti localit\u00e0, con Planica protagonista in due differenti periodi, in quanto ospiter\u00e0 a met\u00e0 dicembre i Mondiali di Volo cancellati lo scorso mese di marzo a causa del Covid-19, e poi chiuder\u00e0 l&#8217;annata a fine marzo.<br \/>\nNella passata edizione il migliore degli azzurri \u00e8 stato <strong>Federico Cecon.<\/strong><br \/>\nPer quanto riguarda le donne, saranno protagoniste in ventisei appuntamenti, anche se le localit\u00e0 non sono state ancora definite interamente. L&#8217;esordio degli uomini \u00e8 previsto in Polonia, a Wisla, il 21 e 22 novembre, mentre i Mondiali tedeschi di Oberstdorf si terranno dal 23 febbraio al 7 marzo. I Mondiali juniores si diputeranno a Zakopane (Pol) dall&#8217;1 al 7 febbraio 2021, mentre i calendari estivi di Grand Prix e Continental Cup sono soggetti allo sviluppo della situazione sanitaria legata al Covid-19.<\/p>\n<p><em><strong>Il calendario preliminare della Cdm maschile 2020\/21:<\/strong><\/em><br \/>\nSab. 21\/11\/20 &#8211; Team HS134 Wisla (Pol)<br \/>\nDom. 22\/11\/20 &#8211; HS134 Wisla (Pol)<br \/>\nSab. 28\/11\/20 &#8211; HS142 Ruka (Fin)<br \/>\nDom. 29\/11\/20 &#8211; HS142 Ruka (Fin)<br \/>\nSab. 21\/11\/20 &#8211; HS134 Nizhny Tagil (Rus)<br \/>\nDom. 22\/11\/20 &#8211; HS134 Nizhny Tagil (Rus)<br \/>\nVen. 11\/12\/20 &#8211; HS240 Planica (Slo) &#8211; Mondiali di volo<br \/>\nSab. 12\/12\/20 &#8211; HS240 Planica (Slo) &#8211; Mondiali di volo<br \/>\nDom. 13\/12\/20 &#8211; Team HS240 Planica (Slo) &#8211; Mondiali di volo<br \/>\nSab. 19\/12\/20 &#8211; HS140 Engelberg (Svi)<br \/>\nDom. 20\/12\/20 &#8211; HS140 Engelberg (Svi)<br \/>\nMar. 29\/12\/20 &#8211; HS137 Oberstdorf (Ger) &#8211; Torneo Quattro Trampolini<br \/>\nVen. 01\/01\/21 &#8211; HS142 Garmisch-Partenkirchen (Ger) &#8211; Torneo Quattro Trampolini<br \/>\nDom. 03\/01\/21 &#8211; HS130 Innsbruck (Aut) &#8211; Torneo Quattro Trampolini<br \/>\nMer. 06\/01\/21 &#8211; HS142 Bischofshofen (Aut) &#8211; Torneo Quattro Trampolini<br \/>\nSab. 09\/01\/21 &#8211; HS142 Titisee (Ger)<br \/>\nDom. 10\/01\/21 &#8211; HS142 Titisee (Ger)<br \/>\nSab. 16\/01\/21 &#8211; Team HS140 Zakopane (Pol)<br \/>\nDom. 17\/01\/21 &#8211; HS140 Zakopane (Pol)<br \/>\nSab. 23\/01\/21 &#8211; Team HS130 Lahti (Fin)<br \/>\nDom. 24\/01\/21 &#8211; HS130 Lahti (Fin)<br \/>\nSab. 30\/01\/21 &#8211; HS145 Willingen (Ger)<br \/>\nDom. 31\/01\/21 &#8211; HS145 Willingen (Ger)<br \/>\nSab. 06\/02\/21 &#8211; HS137 Sapporo (Gia)<br \/>\nDom. 07\/02\/21 &#8211; HS137 Sapporo (Gia)<br \/>\nSab. 13\/02\/21 &#8211; HS140 Pechino (Chn)<br \/>\nDom. 14\/02\/21 &#8211; HS140 Pechino (Chn)<br \/>\nSab. 20\/02\/21 &#8211; HS97 Rasnov (Rom)<br \/>\nDom. 21\/02\/21 &#8211; HS97 Rasnov (Rom)<br \/>\nSab. 13\/03\/21 &#8211; Team HS134 Oslo (Nor) &#8211; Raw Air<br \/>\nDom. 14\/03\/21 &#8211; HS134 Oslo (Nor) &#8211; Raw Air<br \/>\nMar. 16\/03\/21 &#8211; HS140 Lillehammer (Nor) &#8211; Raw Air<br \/>\nGio. 18\/03\/21 &#8211; HS140 Trondheim (Nor) &#8211; Raw Air<br \/>\nSab. 20\/03\/21 &#8211; Team HS240 Vikersund (Nor) &#8211; Raw Air<br \/>\nDom. 21\/03\/21 &#8211; HS240 Vikersund (Nor) &#8211; Raw Air<br \/>\nVen. 26\/03\/21 &#8211; HS240 Planica (Slo) &#8211; Voli<br \/>\nSab. 27\/03\/21 &#8211; HS240 Planica (Slo) &#8211; Voli<br \/>\nVen. 28\/03\/21 &#8211; HS240 Planica (Slo) &#8211; Voli<\/p>\n<p><em><strong>Il calendario preliminare della Cdm femminile 2020\/21:<\/strong><\/em><br \/>\nSab. 05\/12\/20 &#8211; HS98 Lillehammer (Nor)<br \/>\nDom. 06\/12\/20 &#8211; HS140 Lillehammer (Nor)<br \/>\nSab. 19\/12\/20 &#8211; Localit\u00e0 da definire<br \/>\nDom. 20\/12\/20 &#8211; Localit\u00e0 da definire<br \/>\nSab. 09\/01\/21 &#8211; HS134 Sapporo (Gia)<br \/>\nDom. 10\/01\/21 &#8211; HS134 Sapporo (Gia)<br \/>\nVen. 15\/01\/21 &#8211; HS102 Zao (Gia)<br \/>\nSab. 16\/01\/21 &#8211; Team HS102 Zao (Gia)<br \/>\nDom. 17\/01\/21 &#8211; HS102 Zao (Gia)<br \/>\nSab. 23\/01\/21 &#8211; Team HS94 Ljubno (Slo)<br \/>\nDom. 24\/01\/21 &#8211; HS94 Ljubno (Slo)<br \/>\nSab. 30\/01\/21 &#8211; Localit\u00e0 da confermare<br \/>\nDom. 31\/01\/21 &#8211; Localit\u00e0 da confermare<br \/>\nSab. 06\/02\/21 &#8211; Localit\u00e0 da confermare<br \/>\nDom. 07\/02\/21 &#8211; Localit\u00e0 da confermare<br \/>\nSab. 13\/02\/21 &#8211; HS106 Pechino (Chn)<br \/>\nDom. 14\/02\/21 &#8211; HS106 Pechino (Chn)<br \/>\nSab. 20\/02\/21 &#8211; HS97 Rasnov (Rom)<br \/>\nDom. 21\/02\/21 &#8211; HS97 Rasnov (Rom)<br \/>\nDom. 14\/03\/21 &#8211; HS134 Oslo (Nor) &#8211; Raw Air<br \/>\nMar. 16\/03\/21 &#8211; HS140 Lillehammer (Nor) &#8211; Raw Air<br \/>\nGio. 18\/03\/21 &#8211; HS140 Trondheim (Nor) &#8211; Raw Air<br \/>\nSab. 20\/03\/21 &#8211; HS97 Nizhny Tagil (Rus) &#8211; Blue Bird<br \/>\nDom. 21\/03\/21 &#8211; HS97 Nizhny Tagil (Rus) &#8211; Blue Bird<br \/>\nSab. 27\/03\/21 &#8211; HS102 Chaikovsky (Rus) &#8211; Blue Bird<br \/>\nVen. 28\/03\/21 &#8211; HS140 Chaikovsky (Rus) &#8211; Blue Bird<\/p>\n<p><em><strong>(nella foto Federico Cecon)<\/strong><\/em><\/p>\n","protected":false},"excerpt":{"rendered":"<p>Si parte il 21 novembre con la tappa di Wisla, in Polonia<\/p>\n","protected":false},"author":4,"featured_media":54116,"comment_status":"closed","ping_status":"closed","sticky":false,"template":"","format":"standard","meta":{"_acf_changed":false,"footnotes":""},"categories":[10,12],"tags":[],"acf":[],"_links":{"self":[{"href":"https:\/\/comitati.fisi.org\/friuli-venezia-giulia\/wp-json\/wp\/v2\/posts\/68954"}],"collection":[{"href":"https:\/\/comitati.fisi.org\/friuli-venezia-giulia\/wp-json\/wp\/v2\/posts"}],"about":[{"href":"https:\/\/comitati.fisi.org\/friuli-venezia-giulia\/wp-json\/wp\/v2\/types\/post"}],"author":[{"embeddable":true,"href":"https:\/\/comitati.fisi.org\/friuli-venezia-giulia\/wp-json\/wp\/v2\/users\/4"}],"replies":[{"embeddable":true,"href":"https:\/\/comitati.fisi.org\/friuli-venezia-giulia\/wp-json\/wp\/v2\/comments?post=68954"}],"version-history":[{"count":0,"href":"https:\/\/comitati.fisi.org\/friuli-venezia-giulia\/wp-json\/wp\/v2\/posts\/68954\/revisions"}],"wp:featuredmedia":[{"embeddable":true,"href":"https:\/\/comitati.fisi.org\/friuli-venezia-giulia\/wp-json\/wp\/v2\/media\/54116"}],"wp:attachment":[{"href":"https:\/\/comitati.fisi.org\/friuli-venezia-giulia\/wp-json\/wp\/v2\/media?parent=68954"}],"wp:term":[{"taxonomy":"category","embeddable":true,"href":"https:\/\/comitati.fisi.org\/friuli-venezia-giulia\/wp-json\/wp\/v2\/categories?post=68954"},{"taxonomy":"post_tag","embeddable":true,"href":"https:\/\/comitati.fisi.org\/friuli-venezia-giulia\/wp-json\/wp\/v2\/tags?post=68954"}],"curies":[{"name":"wp","href":"https:\/\/api.w.org\/{rel}","templated":true}]}}