{"id":68948,"date":"2020-04-30T08:51:17","date_gmt":"2020-04-30T06:51:17","guid":{"rendered":"https:\/\/www.fisifvg.org\/?p=68948"},"modified":"2020-04-30T08:51:17","modified_gmt":"2020-04-30T06:51:17","slug":"combinata-buzzi-e-pittin-possono-studiare-il-calendario-della-coppa-del-mondo-20-21","status":"publish","type":"post","link":"https:\/\/comitati.fisi.org\/friuli-venezia-giulia\/blog\/2020\/04\/30\/combinata-buzzi-e-pittin-possono-studiare-il-calendario-della-coppa-del-mondo-20-21\/","title":{"rendered":"Buzzi e Pittin possono gi\u00e0 studiare il calendario della Coppa del Mondo 20-21"},"content":{"rendered":"<p>Il sub comitato tecnico di combinata nordica della Federazione Internazionale, riunitosi nei giorni scorsi, ha definito il calendario preliminare della prossima stagione di Coppa del mondo, che sar\u00e0 definitivamente approvato nel prossimo mese di settembre. La grossa novit\u00e0 \u00e8 rappresentata dall&#8217;esordio del circuito femminile, che assegner\u00e0 anche il titolo iridato nella rassegna di Oberstdorf.<\/p>\n<div id=\"attachment_64867\" style=\"width: 410px\" class=\"wp-caption alignright\"><a href=\"http:\/\/comitati.fisi.org\/friuli-venezia-giulia\/wp-content\/uploads\/sites\/34\/2020\/01\/COMBINATA-2020-Raffaele-Buzzi-Pentaphoto7.jpg\"><img loading=\"lazy\" decoding=\"async\" aria-describedby=\"caption-attachment-64867\" class=\"wp-image-64867 size-thumbnail\" src=\"http:\/\/comitati.fisi.org\/friuli-venezia-giulia\/wp-content\/uploads\/sites\/34\/2020\/01\/COMBINATA-2020-Raffaele-Buzzi-Pentaphoto7-400x400.jpg\" alt=\"\" width=\"400\" height=\"400\" \/><\/a><p id=\"caption-attachment-64867\" class=\"wp-caption-text\">Raffaele Buzzi<\/p><\/div>\n<p>In campo maschile sono previste quattordici tappe per trentuno gare complessive, anche se rimangono da stabilire due localit\u00e0. L&#8217;esordio \u00e8 previsto con il consueto Ruka Opening, in Finlandia, dal 27 al 29 novembre. Poi seguiranno Lillehammer, una tappa da definire e Ramsau prima della pausa natalizia. La seconda fase si aprir\u00e0 il 23 gennaio a Otepae (Est), per poi approdare a Chaux-Neuve (Fra), Val di Fiemme (con due Gundersen e una team sprint dal 15 al 17 gennaio), Lahti (Fin), Seefeld (Aut), Klingenthal (Ger), Pechino (Chn) e localit\u00e0 da stabilire, preludio dei Mondiali tedeschi dal 23 febbraio al 7 marzo. L&#8217;ultima parte scatta da Oslo il 12 marzo e si conclude a Schonach il 20\/21 marzo con le finali. Le donne invece esordiranno a Lillehammer il 4\/5 dicembre, poi andranno a Otepae (Est) e Schonacch (Ger) il 20 marzo. I Mondiali juniores si diputeranno a Zakopane (Pol) dall&#8217;1 al 7 febbraio 2021, mentre i calendari estivi di Grand Prix, Continental Cup e Youth Cup sono soggetti allo sviluppo della situazione sanitaria legata al Covid-19.<\/p>\n<p><em><strong>Il calendario preliminare della Cdm maschile 2020\/21:<\/strong><\/em><br \/>\nVen. 27\/11\/20 &#8211; Gundersen HS142\/5 km Ruka (Fin)<br \/>\nSab. 28\/11\/20 &#8211; Gundersen HS142\/10 km Ruka (Fin)<br \/>\nDom. 29\/11\/20 &#8211; Gundersen HS142\/10 km Ruka (Fin)<br \/>\nSab. 05\/12\/20 &#8211; Gundersen HS98\/10 km Lillehammer (Nor)<br \/>\nDom. 06\/12\/20 &#8211; Gundersen HS140\/10 km Lillehammer (Nor)<br \/>\nSab. 12\/12\/20 &#8211; Gundersen in localit\u00e0 da stabilire<br \/>\nDom. 13\/12\/20 &#8211; Gundersen in localit\u00e0 da stabilire<br \/>\nSab. 19\/12\/20 &#8211; Gundersen HS98\/10 km Ramsau (Aut)<br \/>\nDom. 20\/12\/20 &#8211; Gundersen HS98\/10 km Ramsau (Aut)<br \/>\nSab. 02\/01\/21 &#8211; Gundersen HS97\/10 km Otepae (Est)<br \/>\nDom. 03\/01\/21 &#8211; Gundersen HS97\/10 km Otepae (Est)<br \/>\nSab. 09\/01\/21 &#8211; Gundersen HS115\/10 km Chaux-Neuve (Fra)<br \/>\nDom. 10\/01\/21 &#8211; Gundersen HS115\/10 km Chaux-Neuve (Fra)<br \/>\n<strong>Ven. 15\/01\/21 &#8211; Gundersen HS104\/10 km Val di Fiemme (Ita)<\/strong><br \/>\n<strong>Sab. 16\/01\/21 &#8211; Team sprint HS115\/2&#215;7,5 km Val di Fiemme (Ita)<\/strong><br \/>\n<strong>Dom. 17\/01\/21 &#8211; Gundersen HS115\/10 km Val di Fiemme (Ita)<\/strong><br \/>\nSab. 23\/01\/21 &#8211; Gundersen HS130\/10 km Lahti (Fin)<br \/>\nDom. 24\/01\/21 &#8211; Team sprint HS130\/2&#215;7,5 km Lahti (Fin)<br \/>\nVen. 29\/01\/21 &#8211; Gundersen HS115\/5 km Seefeld (Aut)<br \/>\nSab. 30\/01\/21 &#8211; Gundersen HS115\/10 km Seefeld (Aut)<br \/>\nDom. 31\/01\/21 &#8211; Gundersen HS115\/15 km Seefeld (Aut)<br \/>\nSab. 06\/02\/21 &#8211; Gundersen HS140\/10 km Klingenthal (Ger)<br \/>\nDom. 07\/02\/21 &#8211; Gundersen HS140\/10 km Klingenthal (Ger)<br \/>\nSab. 13\/02\/21 &#8211; Gundersen HS140\/10 km Pechino (Gia)<br \/>\nDom. 14\/02\/21 &#8211; Team HS140\/4&#215;5 km Pechino (Gia)<br \/>\nSab. 20\/02\/21 &#8211; Gundersen in localit\u00e0 da stabilire<br \/>\nDom. 21\/02\/21 &#8211; Gundersen in localit\u00e0 da stabilire<br \/>\nSab. 12\/03\/21 &#8211; Gundersen HS134\/10 km Oslo (Nor)<br \/>\nDom. 21\/12\/21 &#8211; Gundersen HS134\/10 km Oslo (Nor)<br \/>\nSab. 20\/03\/21 &#8211; Gundersen HS100\/10 km Schonach (Ger)<br \/>\nDom. 21\/03\/21 &#8211; Gundersen HS100\/15 km Schonach (Ger)<\/p>\n<p><em><strong>Il calendario preliminare della Cdm femminile 2020\/21:<\/strong><\/em><br \/>\nSab. 05\/12\/20 &#8211; Gundersen HS98\/5 km Lillehammer (Nor)<br \/>\nDom. 06\/12\/20 &#8211; Gundersen HS98\/5 km Lillehammer (Nor)<br \/>\nSab. 02\/01\/21 &#8211; Gundersen HS97\/5 km Otepae (Est)<br \/>\nDom. 03\/01\/21 &#8211; Gundersen HS97\/5 km Otepae (Est)<br \/>\nSab. 20\/03\/21 &#8211; Gundersen HS106\/5 km Schonach (Ger)<\/p>\n<p><em><strong>(nella foto di copertina Alessandro Pittin)<\/strong><\/em><\/p>\n","protected":false},"excerpt":{"rendered":"<p>Il sub comitato tecnico della FISI, ha definito il calendario preliminare della prossima stagione, che sar\u00e0 definitivamente approvato a settembre<\/p>\n","protected":false},"author":4,"featured_media":64852,"comment_status":"closed","ping_status":"closed","sticky":false,"template":"","format":"standard","meta":{"_acf_changed":false,"footnotes":""},"categories":[14,10],"tags":[],"acf":[],"_links":{"self":[{"href":"https:\/\/comitati.fisi.org\/friuli-venezia-giulia\/wp-json\/wp\/v2\/posts\/68948"}],"collection":[{"href":"https:\/\/comitati.fisi.org\/friuli-venezia-giulia\/wp-json\/wp\/v2\/posts"}],"about":[{"href":"https:\/\/comitati.fisi.org\/friuli-venezia-giulia\/wp-json\/wp\/v2\/types\/post"}],"author":[{"embeddable":true,"href":"https:\/\/comitati.fisi.org\/friuli-venezia-giulia\/wp-json\/wp\/v2\/users\/4"}],"replies":[{"embeddable":true,"href":"https:\/\/comitati.fisi.org\/friuli-venezia-giulia\/wp-json\/wp\/v2\/comments?post=68948"}],"version-history":[{"count":0,"href":"https:\/\/comitati.fisi.org\/friuli-venezia-giulia\/wp-json\/wp\/v2\/posts\/68948\/revisions"}],"wp:featuredmedia":[{"embeddable":true,"href":"https:\/\/comitati.fisi.org\/friuli-venezia-giulia\/wp-json\/wp\/v2\/media\/64852"}],"wp:attachment":[{"href":"https:\/\/comitati.fisi.org\/friuli-venezia-giulia\/wp-json\/wp\/v2\/media?parent=68948"}],"wp:term":[{"taxonomy":"category","embeddable":true,"href":"https:\/\/comitati.fisi.org\/friuli-venezia-giulia\/wp-json\/wp\/v2\/categories?post=68948"},{"taxonomy":"post_tag","embeddable":true,"href":"https:\/\/comitati.fisi.org\/friuli-venezia-giulia\/wp-json\/wp\/v2\/tags?post=68948"}],"curies":[{"name":"wp","href":"https:\/\/api.w.org\/{rel}","templated":true}]}}