{"id":68944,"date":"2020-04-29T09:46:45","date_gmt":"2020-04-29T07:46:45","guid":{"rendered":"https:\/\/www.fisifvg.org\/?p=68944"},"modified":"2020-04-29T09:46:45","modified_gmt":"2020-04-29T07:46:45","slug":"comunicazione-alle-societa-del-presidente-della-fisi-flavio-roda","status":"publish","type":"post","link":"https:\/\/comitati.fisi.org\/friuli-venezia-giulia\/blog\/2020\/04\/29\/comunicazione-alle-societa-del-presidente-della-fisi-flavio-roda\/","title":{"rendered":"Comunicazione alle Societ\u00e0 del presidente della FISI Flavio Roda"},"content":{"rendered":"<p><em><strong>Proponiamo la comunicazione alle Societ\u00e0 del presidente della FISI Flavio Roda.<\/strong><\/em><\/p>\n<p>Cari Presidenti,<br \/>\na seguito dell\u2019entrata in vigore del DPCM dello scorso 26 aprile, il Governo ha disposto la\u00a0 riapertura, solo marginalmente, dello sport.<br \/>\nSono, infatti, consentiti GLI ALLENAMENTI A PORTE CHIUSE &#8211; per le nostre discipline &#8211; (in quanto SPORT INDIVIDUALI) da parte degli atleti che prepareranno i Giochi Olimpici e degli atleti di interesse nazionale come stabilito dai parametri predisposti dalla Federazione (secondo i documenti che verranno da noi predisposti per la prossima stagione agonistica).<br \/>\nNon ci sono limiti alla durata dell\u2019allenamento e ci si potr\u00e0 spostare fuori dal Comune di residenza rimanendo, per\u00f2, all\u2019interno dei confini regionali.<br \/>\nPer chi non \u00e8 ATLETA di INTERESSE NAZIONALE palestre e centri sportivi resteranno chiusi e non \u00e8, al momento, fissata nessuna data per la loro riapertura; rimane, quindi, sospesa la Vostra attivit\u00e0 di base.<br \/>\nSta continuando un costante dialogo con i vertici sportivi e governativi ai quali ho, personalmente, rappresentato un\u2019ipotesi con relativa numerica, della ripresa dell\u2019attivit\u00e0 da parte della totalit\u00e0 del nostro movimento (Comitati Regionali, Provinciali e club dell\u2019intero territorio). E\u2019 stato, inoltre, richiesto l\u2019intervento governativo atto a garantite risorse per potervi fornire concreti aiuti in vista della ripresa dell\u2019attivit\u00e0 nella prossima stagione.<br \/>\nMi preme, infine,\u00a0 ricordarVi l\u2019iniziativa disposta dal Consiglio Federale in relazione al contributo inserito nel Vostro borsellino e destinato alla ri affiliazione a cui si aggiungeranno ulteriori forme di sostegno per garantirvi \u2013 per quanto possibile \u2013 di sopportare minor disagi da questa devastante epidemia.<br \/>\nSperando di trovarvi tutti in salute, Vi invio i pi\u00f9 cordiali saluti.<\/p>\n<p><strong>FLAVIO RODA<\/strong><\/p>\n","protected":false},"excerpt":{"rendered":"<p>La lettera ai presidente riguarda in particolare gli allenamenti<\/p>\n","protected":false},"author":4,"featured_media":32764,"comment_status":"closed","ping_status":"closed","sticky":false,"template":"","format":"standard","meta":{"_acf_changed":false,"footnotes":""},"categories":[21,17],"tags":[],"acf":[],"_links":{"self":[{"href":"https:\/\/comitati.fisi.org\/friuli-venezia-giulia\/wp-json\/wp\/v2\/posts\/68944"}],"collection":[{"href":"https:\/\/comitati.fisi.org\/friuli-venezia-giulia\/wp-json\/wp\/v2\/posts"}],"about":[{"href":"https:\/\/comitati.fisi.org\/friuli-venezia-giulia\/wp-json\/wp\/v2\/types\/post"}],"author":[{"embeddable":true,"href":"https:\/\/comitati.fisi.org\/friuli-venezia-giulia\/wp-json\/wp\/v2\/users\/4"}],"replies":[{"embeddable":true,"href":"https:\/\/comitati.fisi.org\/friuli-venezia-giulia\/wp-json\/wp\/v2\/comments?post=68944"}],"version-history":[{"count":0,"href":"https:\/\/comitati.fisi.org\/friuli-venezia-giulia\/wp-json\/wp\/v2\/posts\/68944\/revisions"}],"wp:featuredmedia":[{"embeddable":true,"href":"https:\/\/comitati.fisi.org\/friuli-venezia-giulia\/wp-json\/wp\/v2\/media\/32764"}],"wp:attachment":[{"href":"https:\/\/comitati.fisi.org\/friuli-venezia-giulia\/wp-json\/wp\/v2\/media?parent=68944"}],"wp:term":[{"taxonomy":"category","embeddable":true,"href":"https:\/\/comitati.fisi.org\/friuli-venezia-giulia\/wp-json\/wp\/v2\/categories?post=68944"},{"taxonomy":"post_tag","embeddable":true,"href":"https:\/\/comitati.fisi.org\/friuli-venezia-giulia\/wp-json\/wp\/v2\/tags?post=68944"}],"curies":[{"name":"wp","href":"https:\/\/api.w.org\/{rel}","templated":true}]}}