{"id":68904,"date":"2020-04-28T10:55:59","date_gmt":"2020-04-28T08:55:59","guid":{"rendered":"https:\/\/www.fisifvg.org\/?p=68904"},"modified":"2020-04-28T10:55:59","modified_gmt":"2020-04-28T08:55:59","slug":"iosonofisifvg-francesco-cecon","status":"publish","type":"post","link":"https:\/\/comitati.fisi.org\/friuli-venezia-giulia\/blog\/2020\/04\/28\/iosonofisifvg-francesco-cecon\/","title":{"rendered":"#IoSonoFisiFvg \u2013 FRANCESCO CECON"},"content":{"rendered":"<p>Nuovo appuntamento con la rubrica\u00a0<strong>#IoSonoFisiFvg,<\/strong>\u00a0che ci consente di conoscere meglio gli atleti del\u00a0<strong>Comitato FISI FVG.<br \/>\n<\/strong>Oggi protagonista \u00e8 <strong>FRANCESCO CECON<\/strong>, squadra regionale (oltre che azzurra giovanile) di <strong>salto con gli sci<\/strong>.<br \/>\n<span style=\"color: #ffffff\">.<\/span><\/p>\n<p>Sci Club: Bachmann Sport College<br \/>\nDove vivi? Malborghetto<\/p>\n<div id=\"attachment_67717\" style=\"width: 510px\" class=\"wp-caption alignright\"><a href=\"https:\/\/www.fisifvg.org\/wp-content\/uploads\/2020\/02\/SALTO-2020-Francesco-Cecon-Newspower-2.jpg\"><img loading=\"lazy\" decoding=\"async\" aria-describedby=\"caption-attachment-67717\" class=\"wp-image-67717\" src=\"https:\/\/www.fisifvg.org\/wp-content\/uploads\/2020\/02\/SALTO-2020-Francesco-Cecon-Newspower-2-400x400.jpg\" alt=\"\" width=\"500\" height=\"256\" \/><\/a><p id=\"caption-attachment-67717\" class=\"wp-caption-text\">Francesco Cecon in azione<\/p><\/div>\n<p>A che et\u00e0 hai messo per la prima volta gli sci ai piedi? A 11 anni<br \/>\nTi \u00e8 piaciuto subito? S\u00ec<br \/>\nHai praticato altre discipline invernali? Da bambino il pattinaggio velocit\u00e0<br \/>\nTi ricordi la prima gara? Sinceramente no<br \/>\nChi \u00e8 il tuo allenatore? Zeno Di Lenardo e mio padre. Zeno fa lavorare molto ed \u00e8 puntiglioso sia al trampolino che in palestra, mentre pap\u00e0 Roberto ha tanta esperienza e conosce molto il salto, avendo allenato per molti anni la squadra A<br \/>\nDove credi di dover migliorare? Molto sulla gestione dell&#8217;ansia prima delle gare: tante le butto via per questo<br \/>\nQual \u00e8 il trampolino pi\u00f9 bello nel quale hai gareggiato? Klingenthal, in Germania, perch\u00e9 \u00e8 enorme<br \/>\nE quello dal quale un giorno vorresti saltare? Iron Mountain, negli Stati Uniti<br \/>\nLa miglior gara della tua vita quando e dove \u00e8 stata? Spero di farla presto in Coppa del Mondo<br \/>\nChi \u00e8 l\u2019amico del cuore? Andrea Campregher<br \/>\nQual \u00e8 il tuo idolo, d\u2019infanzia e\/o attuale? Come stile di salto e personale mi piace Kevin Bickner<br \/>\n\u00c8 possibile collimare scuola e sport? Dipende dalla scuola e da chi ti aiuta a farlo. Da solo e senza persone che ti sostengono \u00e8 quasi impossibile riuscire bene in entrambe le cose<\/p>\n<div id=\"attachment_68908\" style=\"width: 310px\" class=\"wp-caption alignleft\"><a href=\"http:\/\/comitati.fisi.org\/friuli-venezia-giulia\/wp-content\/uploads\/sites\/34\/2020\/04\/Sierra.jpg\"><img loading=\"lazy\" decoding=\"async\" aria-describedby=\"caption-attachment-68908\" class=\"wp-image-68908\" src=\"http:\/\/comitati.fisi.org\/friuli-venezia-giulia\/wp-content\/uploads\/sites\/34\/2020\/04\/Sierra-400x400.jpg\" alt=\"\" width=\"300\" height=\"294\" \/><\/a><p id=\"caption-attachment-68908\" class=\"wp-caption-text\">I Sierra<\/p><\/div>\n<p>Cos\u2019\u00e8 per te il salto? Sicuramente il mio sport preferito, in grado di aiutarti a crescere di testa<br \/>\nNel futuro ti vedi atleta, allenatore o semplice appassionato? Spero atleta e un giorno magari allenatore<br \/>\nIl classico sogno nel cassetto? Saltare sempre bene<br \/>\nMusica preferita? Ascolto un misto tra musica pi\u00f9 moderna e musica pi\u00f9 classica<br \/>\nSport extrasci preferito? Calcio<br \/>\nSportivo extrasci preferito? Douglas Costa<br \/>\nHai qualche hobby? Ascolto molta musica,sia fuori che dentro casa<br \/>\nSocial preferito? Twitch<br \/>\nIl luogo pi\u00f9 bello che hai visitato: Roma<br \/>\nVorresti fare una vacanza a: ci sono gi\u00e0 andato, ma vorrei ritornare in America<\/p>\n<p><strong>LEGGI LE ALTRE SCHEDE<\/strong><\/p>\n<p><a href=\"https:\/\/www.fisifvg.org\/2020\/04\/27\/iosonofisifvg-alex-perissutti\/\">ALEX PERISSUTTI<\/a><br \/>\n<a href=\"https:\/\/www.fisifvg.org\/2020\/04\/25\/iosonofisifvg-anna-berra\/\">ANNA BERRA<\/a><br \/>\n<a href=\"https:\/\/www.fisifvg.org\/2020\/04\/24\/iosonofisifvg-martina-di-centa\/\">MARTINA DI CENTA<\/a><br \/>\n<a href=\"https:\/\/www.fisifvg.org\/2020\/04\/23\/iosonofisifvg-giovanni-vanino\/\">GIOVANNI VANINO<\/a><br \/>\n<a href=\"https:\/\/www.fisifvg.org\/2020\/04\/22\/iosonofisifvg-astrid-plosch\/\">ASTRID PL\u00d6SCH<\/a><br \/>\n<a href=\"https:\/\/www.fisifvg.org\/2020\/04\/21\/iosonofisifvg-martino-zambenedetti\/\">MARTINO ZAMBENEDETTI<\/a><br \/>\n<a href=\"https:\/\/www.fisifvg.org\/2020\/04\/20\/iosonofisifvg-renato-moretti\/\">RENATO MORETTI<\/a><br \/>\n<a href=\"https:\/\/www.fisifvg.org\/2020\/04\/19\/iosonofisifvg-gabriele-monteleone\/\">GABRIELE MONTELEONE<\/a><br \/>\n<a href=\"https:\/\/www.fisifvg.org\/2020\/04\/18\/iosonofisifvg-andrea-craievich\/\">ANDREA CRAIEVICH<\/a><br \/>\n<a href=\"https:\/\/www.fisifvg.org\/2020\/04\/17\/iosonofisifvg-fabio-cappellari\/\">FABIO CAPPELLARI<\/a><br \/>\n<a href=\"https:\/\/www.fisifvg.org\/2020\/04\/16\/iosonofisifvg-arturo-severi\/\">ARTURO SEVERI<\/a><br \/>\n<a href=\"https:\/\/www.fisifvg.org\/2020\/04\/15\/iosonofisifvg-caterina-molinari\/\">CATERINA MOLINARI<\/a><br \/>\n<a href=\"https:\/\/www.fisifvg.org\/2020\/04\/14\/iosonofisifvg-greta-pinzani\/\">GRETA PINZANI<\/a><br \/>\n<a href=\"https:\/\/www.fisifvg.org\/2020\/04\/11\/iosonofisifvg-alessandro-tosoni\/\">ALESSANDRO TOSONI<\/a><br \/>\n<a href=\"https:\/\/www.fisifvg.org\/2020\/04\/10\/iosonofisifvg-edoardo-buzzi\/\">EDOARDO BUZZI<\/a><br \/>\n<a href=\"https:\/\/www.fisifvg.org\/2020\/04\/09\/iosonofisifvg-sara-scattolo\/\">SARA SCATTOLO<\/a><br \/>\n<a href=\"https:\/\/www.fisifvg.org\/2020\/04\/07\/iosonofisifvg-martina-zanitzer\/\">MARTINA ZANITZER<\/a><br \/>\n<a href=\"https:\/\/www.fisifvg.org\/2020\/04\/06\/iosonofisifvg-samuele-cusin\/\">SAMUELE CUSIN<\/a><br \/>\n<a href=\"https:\/\/www.fisifvg.org\/2020\/04\/05\/iosonofisifvg-fabio-piller-cottrer\/\">FABIO PILLER COTTRER<\/a><br \/>\n<a href=\"https:\/\/www.fisifvg.org\/2020\/04\/04\/iosonofisifvg-karin-puntel\/\">KARIN PUNTEL<\/a><br \/>\n<a href=\"https:\/\/www.fisifvg.org\/2020\/04\/03\/iosonofisifvg-andrea-campregher\/\">ANDREA CAMPREGHER<\/a><br \/>\n<a href=\"https:\/\/www.fisifvg.org\/2020\/04\/01\/iosonofisifvg-paolo-ramicone\/\">PAOLO RAMICONE<\/a><br \/>\n<a href=\"https:\/\/www.fisifvg.org\/2020\/03\/31\/iosonofisifvg-mattia-piller-hoffer\/\">MATTIA PILLER HOFFER<\/a><br \/>\n<a href=\"https:\/\/www.fisifvg.org\/2020\/03\/30\/iosonofisifvg-aurora-morassi\/\">AURORA MORASSI<\/a><br \/>\n<a href=\"https:\/\/www.fisifvg.org\/2020\/03\/29\/iosonofisifvg-noelia-vuerich\/\">NOELIA VUERICH<\/a><br \/>\n<a href=\"https:\/\/www.fisifvg.org\/2020\/03\/28\/iosonofisifvg-cristiano-agostinis\/\">CRISTIANO AGOSTINIS<\/a><br \/>\n<a href=\"https:\/\/www.fisifvg.org\/2020\/03\/27\/iosonofisifvg-lorenzo-solero\/\">LORENZO SOLERO<\/a><br \/>\n<a href=\"https:\/\/www.fisifvg.org\/2020\/03\/26\/iosonofisifvg-luca-sclisizzo\/\">LUCA SCLISIZZO<\/a><br \/>\n<a href=\"https:\/\/www.fisifvg.org\/2020\/03\/25\/iosonofisifvg-erika-pinzani\/\">ERIKA PINZANI<\/a><br \/>\n<a href=\"https:\/\/www.fisifvg.org\/2020\/03\/23\/iosonofisifvg-caterina-sinigoi\/\">CATERINA SINIGOI<\/a><\/p>\n","protected":false},"excerpt":{"rendered":"<p>Oggi protagonista della nostra rubrica \u00e8 il saltatore della squadra regionale e del Bachmann<\/p>\n","protected":false},"author":4,"featured_media":62012,"comment_status":"closed","ping_status":"closed","sticky":false,"template":"","format":"standard","meta":{"_acf_changed":false,"footnotes":""},"categories":[10,12],"tags":[],"acf":[],"_links":{"self":[{"href":"https:\/\/comitati.fisi.org\/friuli-venezia-giulia\/wp-json\/wp\/v2\/posts\/68904"}],"collection":[{"href":"https:\/\/comitati.fisi.org\/friuli-venezia-giulia\/wp-json\/wp\/v2\/posts"}],"about":[{"href":"https:\/\/comitati.fisi.org\/friuli-venezia-giulia\/wp-json\/wp\/v2\/types\/post"}],"author":[{"embeddable":true,"href":"https:\/\/comitati.fisi.org\/friuli-venezia-giulia\/wp-json\/wp\/v2\/users\/4"}],"replies":[{"embeddable":true,"href":"https:\/\/comitati.fisi.org\/friuli-venezia-giulia\/wp-json\/wp\/v2\/comments?post=68904"}],"version-history":[{"count":0,"href":"https:\/\/comitati.fisi.org\/friuli-venezia-giulia\/wp-json\/wp\/v2\/posts\/68904\/revisions"}],"wp:featuredmedia":[{"embeddable":true,"href":"https:\/\/comitati.fisi.org\/friuli-venezia-giulia\/wp-json\/wp\/v2\/media\/62012"}],"wp:attachment":[{"href":"https:\/\/comitati.fisi.org\/friuli-venezia-giulia\/wp-json\/wp\/v2\/media?parent=68904"}],"wp:term":[{"taxonomy":"category","embeddable":true,"href":"https:\/\/comitati.fisi.org\/friuli-venezia-giulia\/wp-json\/wp\/v2\/categories?post=68904"},{"taxonomy":"post_tag","embeddable":true,"href":"https:\/\/comitati.fisi.org\/friuli-venezia-giulia\/wp-json\/wp\/v2\/tags?post=68904"}],"curies":[{"name":"wp","href":"https:\/\/api.w.org\/{rel}","templated":true}]}}