{"id":68887,"date":"2020-04-27T11:30:35","date_gmt":"2020-04-27T09:30:35","guid":{"rendered":"https:\/\/www.fisifvg.org\/?p=68887"},"modified":"2020-04-27T11:30:35","modified_gmt":"2020-04-27T09:30:35","slug":"iosonofisifvg-alex-perissutti","status":"publish","type":"post","link":"https:\/\/comitati.fisi.org\/friuli-venezia-giulia\/blog\/2020\/04\/27\/iosonofisifvg-alex-perissutti\/","title":{"rendered":"#IoSonoFisiFvg \u2013 ALEX PERISSUTTI"},"content":{"rendered":"<p>Nuovo appuntamento con la rubrica\u00a0<strong>#IoSonoFisiFvg,<\/strong>\u00a0che ci consente di conoscere meglio gli atleti del\u00a0<strong>Comitato FISI FVG.<br \/>\n<\/strong>Oggi protagonista \u00e8 <strong>ALEX PERISSUTTI<\/strong>, squadra regionale di <strong>sci di fondo <\/strong>(oltre che nel gruppo Osservati del biathlon).<strong><br \/>\n<span style=\"color: #ffffff\">.<\/span><\/strong><\/p>\n<p><strong>Sci Club: <\/strong>Asd Fornese<strong><br \/>\nDove vivi? <\/strong>Forni di Sopra<strong><br \/>\nA che et\u00e0 hai messo per la prima volta gli sci ai piedi? <\/strong>A<strong> <span style=\"font-weight: 400\">4 anni <\/span><br \/>\nTi \u00e8 piaciuto subito? <span style=\"font-weight: 400\">Abbastanza <\/span><br \/>\nHai praticato altre discipline invernali? <span style=\"font-weight: 400\">S\u00ec, sci alpino perch\u00e9 mio padre \u00e8 allenatore<\/span><br \/>\nTi ricordi la prima gara?\u00a0<\/strong><span style=\"font-weight: 400\">No, ero troppo piccolo per ricordarla, ma sicuramente ero spaventato e ansioso<br \/>\n<\/span><\/p>\n<div id=\"attachment_68892\" style=\"width: 360px\" class=\"wp-caption alignright\"><a href=\"http:\/\/comitati.fisi.org\/friuli-venezia-giulia\/wp-content\/uploads\/sites\/34\/2020\/04\/Martin-Fourcade.jpg\"><img loading=\"lazy\" decoding=\"async\" aria-describedby=\"caption-attachment-68892\" class=\"wp-image-68892\" src=\"http:\/\/comitati.fisi.org\/friuli-venezia-giulia\/wp-content\/uploads\/sites\/34\/2020\/04\/Martin-Fourcade-400x400.jpg\" alt=\"\" width=\"350\" height=\"348\" \/><\/a><p id=\"caption-attachment-68892\" class=\"wp-caption-text\">Martin Fourcade<\/p><\/div>\n<p><strong>Chi \u00e8 il tuo allenatore? <\/strong><span style=\"font-weight: 400\">Stefania D\u2019Andrea, ovvero mia madre, che mi ha tormentato fin da piccolo, ma alla fine devo a lei la passione per questo splendido sport. L&#8217;allenatore di Comitato \u00e8 Nicola Selenati: lo rispetto molto, perch\u00e9 mi ha fatto crescere a livello tecnico, fisico e mentale. Da quest\u2019anno ho anche intrapreso la strada del biathlon calibro 22. il mio allenatore \u00e8 stato Moreno Montello, altra figura che stimo e mi ha dato tanto<br \/>\n<\/span><strong>Dove credi di dover migliorare? <span style=\"font-weight: 400\">Non si \u00e8 mai perfetti, si pu\u00f2 sempre migliorare in qualcosa. Io credo di doverlo fare in molte cose, a partire dalla gestione della gara e dalla tecnica. Nel biathlon devo crescere al poligono <\/span><br \/>\nQual \u00e8 la pista pi\u00f9 bella nella quale hai gareggiato? <\/strong><span style=\"font-weight: 400\">Lago di Tesero, in Val di Fiemme<br \/>\n<\/span><strong>E quella dove un giorno vorresti correre?<span style=\"font-weight: 400\">\u00a0Anterselva <\/span><br \/>\nLa miglior gara della tua vita quando e dove \u00e8 stata? <\/strong>Il <strong><span style=\"font-weight: 400\">4\u00b0 posto ai Campionati Italiani di Biathlon a Chiusa Pesio <\/span><br \/>\nChi \u00e8 l\u2019amico del cuore? <span style=\"font-weight: 400\">Di amici ce ne sono moltissimi, vado d\u2019accordo con tutti<\/span><br \/>\nQual \u00e8 il tuo idolo, d\u2019infanzia e\/o attuale? <span style=\"font-weight: 400\">Martin Fourcade <\/span><br \/>\n\u00c8 possibile collimare scuola e sport? <span style=\"font-weight: 400\">Si, ma con molto sacrificio <\/span><br \/>\nCos\u2019\u00e8 per te lo sci? <span style=\"font-weight: 400\">Una grande esperienza di vita, in cui si impara a rispettare regole, avversari e allenatori; questo sport regala forti emozioni, gioia e divertimento<\/span><br \/>\nNel futuro ti vedi atleta, allenatore o semplice appassionato? <span style=\"font-weight: 400\">Diventare un grande atleta \u00e8 il sogno di chiunque, lo \u00e8 anche per me!<\/span><br \/>\n<\/strong><\/p>\n<div id=\"attachment_68893\" style=\"width: 410px\" class=\"wp-caption alignleft\"><a href=\"http:\/\/comitati.fisi.org\/friuli-venezia-giulia\/wp-content\/uploads\/sites\/34\/2020\/04\/Maldive.jpg\"><img loading=\"lazy\" decoding=\"async\" aria-describedby=\"caption-attachment-68893\" class=\"wp-image-68893\" src=\"http:\/\/comitati.fisi.org\/friuli-venezia-giulia\/wp-content\/uploads\/sites\/34\/2020\/04\/Maldive-400x400.jpg\" alt=\"\" width=\"400\" height=\"225\" \/><\/a><p id=\"caption-attachment-68893\" class=\"wp-caption-text\">Maldive<\/p><\/div>\n<p><strong>Il classico sogno nel cassetto? <\/strong>Partecipare alle pi\u00f9 importanti manifestazioni, ovvero Olimpiadi, Mondiali e Coppa del Mondo<strong><br \/>\nMusica preferita? <\/strong>Quella<strong><span style=\"font-weight: 400\">\u00a0attuale <\/span><br \/>\nCantante\/gruppo preferito? <span style=\"font-weight: 400\">Nessuno in particolare <\/span><br \/>\nFilm preferito? <span style=\"font-weight: 400\">John Wick <\/span><br \/>\nAttore preferito? <span style=\"font-weight: 400\">Jason Statham <\/span><br \/>\nSport extrasci preferito? <\/strong>Calcio<strong><br \/>\nSportivo extrasci preferito? <\/strong>Cristiano Ronaldo<strong><br \/>\nHai qualche hobby? <\/strong>I videogiochi<strong><br \/>\nSocial preferito?<\/strong> Instagram<strong><br \/>\nIl luogo pi\u00f9 bello che hai visitato?<\/strong> Palma de Maiorca<strong><br \/>\nVorresti fare una vacanza a: <\/strong>Maldive<\/p>\n<p>&nbsp;<\/p>\n<p><strong>LEGGI LE ALTRE SCHEDE<\/strong><\/p>\n<p><a href=\"https:\/\/www.fisifvg.org\/2020\/04\/25\/iosonofisifvg-anna-berra\/\">ANNA BERRA<\/a><br \/>\n<a href=\"https:\/\/www.fisifvg.org\/2020\/04\/23\/iosonofisifvg-giovanni-vanino\/\">GIOVANNI VANINO<\/a><br \/>\n<a href=\"https:\/\/www.fisifvg.org\/2020\/04\/22\/iosonofisifvg-astrid-plosch\/\">ASTRID PL\u00d6SCH<\/a><br \/>\n<a href=\"https:\/\/www.fisifvg.org\/2020\/04\/21\/iosonofisifvg-martino-zambenedetti\/\">MARTINO ZAMBENEDETTI<\/a><br \/>\n<a href=\"https:\/\/www.fisifvg.org\/2020\/04\/20\/iosonofisifvg-renato-moretti\/\">RENATO MORETTI<\/a><br \/>\n<a href=\"https:\/\/www.fisifvg.org\/2020\/04\/19\/iosonofisifvg-gabriele-monteleone\/\">GABRIELE MONTELEONE<\/a><br \/>\n<a href=\"https:\/\/www.fisifvg.org\/2020\/04\/18\/iosonofisifvg-andrea-craievich\/\">ANDREA CRAIEVICH<\/a><br \/>\n<a href=\"https:\/\/www.fisifvg.org\/2020\/04\/17\/iosonofisifvg-fabio-cappellari\/\">FABIO CAPPELLARI<\/a><br \/>\n<a href=\"https:\/\/www.fisifvg.org\/2020\/04\/16\/iosonofisifvg-arturo-severi\/\">ARTURO SEVERI<\/a><br \/>\n<a href=\"https:\/\/www.fisifvg.org\/2020\/04\/15\/iosonofisifvg-caterina-molinari\/\">CATERINA MOLINARI<\/a><br \/>\n<a href=\"https:\/\/www.fisifvg.org\/2020\/04\/14\/iosonofisifvg-greta-pinzani\/\">GRETA PINZANI<\/a><br \/>\n<a href=\"https:\/\/www.fisifvg.org\/2020\/04\/11\/iosonofisifvg-alessandro-tosoni\/\">ALESSANDRO TOSONI<\/a><br \/>\n<a href=\"https:\/\/www.fisifvg.org\/2020\/04\/10\/iosonofisifvg-edoardo-buzzi\/\">EDOARDO BUZZI<\/a><br \/>\n<a href=\"https:\/\/www.fisifvg.org\/2020\/04\/09\/iosonofisifvg-sara-scattolo\/\">SARA SCATTOLO<\/a><br \/>\n<a href=\"https:\/\/www.fisifvg.org\/2020\/04\/07\/iosonofisifvg-martina-zanitzer\/\">MARTINA ZANITZER<\/a><br \/>\n<a href=\"https:\/\/www.fisifvg.org\/2020\/04\/06\/iosonofisifvg-samuele-cusin\/\">SAMUELE CUSIN<\/a><br \/>\n<a href=\"https:\/\/www.fisifvg.org\/2020\/04\/05\/iosonofisifvg-fabio-piller-cottrer\/\">FABIO PILLER COTTRER<\/a><br \/>\n<a href=\"https:\/\/www.fisifvg.org\/2020\/04\/04\/iosonofisifvg-karin-puntel\/\">KARIN PUNTEL<\/a><br \/>\n<a href=\"https:\/\/www.fisifvg.org\/2020\/04\/03\/iosonofisifvg-andrea-campregher\/\">ANDREA CAMPREGHER<\/a><br \/>\n<a href=\"https:\/\/www.fisifvg.org\/2020\/04\/01\/iosonofisifvg-paolo-ramicone\/\">PAOLO RAMICONE<\/a><br \/>\n<a href=\"https:\/\/www.fisifvg.org\/2020\/03\/31\/iosonofisifvg-mattia-piller-hoffer\/\">MATTIA PILLER HOFFER<\/a><br \/>\n<a href=\"https:\/\/www.fisifvg.org\/2020\/03\/30\/iosonofisifvg-aurora-morassi\/\">AURORA MORASSI<\/a><br \/>\n<a href=\"https:\/\/www.fisifvg.org\/2020\/03\/29\/iosonofisifvg-noelia-vuerich\/\">NOELIA VUERICH<\/a><br \/>\n<a href=\"https:\/\/www.fisifvg.org\/2020\/03\/28\/iosonofisifvg-cristiano-agostinis\/\">CRISTIANO AGOSTINIS<\/a><br \/>\n<a href=\"https:\/\/www.fisifvg.org\/2020\/03\/27\/iosonofisifvg-lorenzo-solero\/\">LORENZO SOLERO<\/a><br \/>\n<a href=\"https:\/\/www.fisifvg.org\/2020\/03\/26\/iosonofisifvg-luca-sclisizzo\/\">LUCA SCLISIZZO<\/a><br \/>\n<a href=\"https:\/\/www.fisifvg.org\/2020\/03\/25\/iosonofisifvg-erika-pinzani\/\">ERIKA PINZANI<\/a><br \/>\n<a href=\"https:\/\/www.fisifvg.org\/2020\/03\/23\/iosonofisifvg-caterina-sinigoi\/\">CATERINA SINIGOI<\/a><\/p>\n","protected":false},"excerpt":{"rendered":"<p>Oggi conosciamo meglio il fornese della squadra regionale di fondo<\/p>\n","protected":false},"author":4,"featured_media":62091,"comment_status":"closed","ping_status":"closed","sticky":false,"template":"","format":"standard","meta":{"_acf_changed":false,"footnotes":""},"categories":[10,11],"tags":[],"acf":[],"_links":{"self":[{"href":"https:\/\/comitati.fisi.org\/friuli-venezia-giulia\/wp-json\/wp\/v2\/posts\/68887"}],"collection":[{"href":"https:\/\/comitati.fisi.org\/friuli-venezia-giulia\/wp-json\/wp\/v2\/posts"}],"about":[{"href":"https:\/\/comitati.fisi.org\/friuli-venezia-giulia\/wp-json\/wp\/v2\/types\/post"}],"author":[{"embeddable":true,"href":"https:\/\/comitati.fisi.org\/friuli-venezia-giulia\/wp-json\/wp\/v2\/users\/4"}],"replies":[{"embeddable":true,"href":"https:\/\/comitati.fisi.org\/friuli-venezia-giulia\/wp-json\/wp\/v2\/comments?post=68887"}],"version-history":[{"count":0,"href":"https:\/\/comitati.fisi.org\/friuli-venezia-giulia\/wp-json\/wp\/v2\/posts\/68887\/revisions"}],"wp:featuredmedia":[{"embeddable":true,"href":"https:\/\/comitati.fisi.org\/friuli-venezia-giulia\/wp-json\/wp\/v2\/media\/62091"}],"wp:attachment":[{"href":"https:\/\/comitati.fisi.org\/friuli-venezia-giulia\/wp-json\/wp\/v2\/media?parent=68887"}],"wp:term":[{"taxonomy":"category","embeddable":true,"href":"https:\/\/comitati.fisi.org\/friuli-venezia-giulia\/wp-json\/wp\/v2\/categories?post=68887"},{"taxonomy":"post_tag","embeddable":true,"href":"https:\/\/comitati.fisi.org\/friuli-venezia-giulia\/wp-json\/wp\/v2\/tags?post=68887"}],"curies":[{"name":"wp","href":"https:\/\/api.w.org\/{rel}","templated":true}]}}