{"id":68869,"date":"2020-04-24T11:50:03","date_gmt":"2020-04-24T09:50:03","guid":{"rendered":"https:\/\/www.fisifvg.org\/?p=68869"},"modified":"2020-04-24T11:50:03","modified_gmt":"2020-04-24T09:50:03","slug":"iosonofisifvg-martina-di-centa","status":"publish","type":"post","link":"https:\/\/comitati.fisi.org\/friuli-venezia-giulia\/blog\/2020\/04\/24\/iosonofisifvg-martina-di-centa\/","title":{"rendered":"#IoSonoFisiFvg \u2013 MARTINA DI CENTA"},"content":{"rendered":"<p>Nuovo appuntamento con la rubrica\u00a0<strong>#IoSonoFisiFvg,<\/strong>\u00a0che ci consente di conoscere meglio gli atleti del\u00a0<strong>Comitato FISI FVG.<br \/>\n<\/strong>Oggi protagonista \u00e8 <strong>MARTINA DI CENTA<\/strong>, inserita nella squadra regionale, oltre che in quella nazionale Under 20, di <strong>sci di fondo.<\/strong><\/p>\n<p><span style=\"font-weight: 400\"><span style=\"color: #ffffff\">.<\/span><br \/>\n<\/span><b>Sci Club<\/b><span style=\"font-weight: 400\">: Cs Carabinieri Sezione Sci<\/span><span style=\"font-weight: 400\"><br \/>\n<\/span><b>Dove vivi?<\/b><span style=\"font-weight: 400\"> Paluzza\u00a0<\/span><span style=\"font-weight: 400\"><br \/>\n<\/span><b>A che et\u00e0 hai messo per la prima volta gli sci ai piedi?<\/b><span style=\"font-weight: 400\"> All\u2019et\u00e0 di tre anni<br \/>\n<\/span><b>Ti \u00e8 piaciuto subito?<\/b><span style=\"font-weight: 400\"> S\u00ec, devo ammettere che il primo approccio con la neve e gli sci stretti \u00e8 stato amore a prima vista. Anni dopo la mia prima sciata venni a sapere che in quel giorno avevo esclamato con tono soddisfatto facendo una commistione di italiano e carnico \u201cMamma sei felice!\u201d, ovvero \u201cSono felice!\u201d<br \/>\n<\/span><b><\/b><\/p>\n<div id=\"attachment_63382\" style=\"width: 310px\" class=\"wp-caption alignleft\"><a href=\"http:\/\/comitati.fisi.org\/friuli-venezia-giulia\/wp-content\/uploads\/sites\/34\/2019\/12\/FONDO-2020-Martina-Di-Centa2.jpeg\"><img loading=\"lazy\" decoding=\"async\" aria-describedby=\"caption-attachment-63382\" class=\"wp-image-63382\" src=\"http:\/\/comitati.fisi.org\/friuli-venezia-giulia\/wp-content\/uploads\/sites\/34\/2019\/12\/FONDO-2020-Martina-Di-Centa2-400x400.jpeg\" alt=\"\" width=\"300\" height=\"375\" \/><\/a><p id=\"caption-attachment-63382\" class=\"wp-caption-text\">Martina Di Centa<\/p><\/div>\n<p><b>Hai praticato altre discipline invernali?<\/b><span style=\"font-weight: 400\"> Per due stagioni ho praticato sia sci di fondo che biathlon<\/span><span style=\"font-weight: 400\"><br \/>\n<\/span><b>Ti ricordi la prima gara?<\/b><span style=\"font-weight: 400\"> S\u00ec, me la ricordo ed \u00e8 stata abbastanza traumatica, ma al tempo stesso molto importante per la mia crescita: la gara era stata organizzata al Centro Fondo Pian di Casa e vi ho partecipato nella categoria Baby Sprint. Non mi dimenticher\u00f2 mai il freddo pungente patito quella mattinata, ero infreddolita a tal punto da non sentirmi pi\u00f9 le mani e i piedi. Insieme alla mia allenatrice facemmo di tutto per provare a riscaldarmi, ma con scarsi risultati: sia alla partenza che durante la gara rimasi gelata. Per non farmi mancare nulla tra cadute e sorpassi delle altre concorrenti, nella salita finale prima del rettilineo d\u2019arrivo perdevo passi e nemmeno con la spina di pesce riuscivo a scollinare; dopo vari tentativi riuscii finalmente a tagliare il traguardo penultima. Come prima gara potrei definirla travagliata ed \u00e8 davvero divertente quando ci ripenso. Di positivo sicuramente c\u2019\u00e8 che ho imparato davvero tante lezioni<br \/>\n<\/span><b>Chi \u00e8 il tuo allenatore?<\/b><span style=\"font-weight: 400\"> Negli ultimi due anni di categoria junior il mio allenatore \u00e8 stato Francesco Semenzato, una persona di grande esperienza. Di lui mi ha colpito la capacit\u00e0 di essere disponibile e di saper ascoltare, soprattutto nei momenti pi\u00f9 delicati della preparazione e della stagione agonistica, ma quando si tratta di lavorare per migliorarsi e imparare cose nuove non fa sconti e diventa pi\u00f9 severo come \u00e8 giusto che sia. Ha sempre tenuto molto alla crescita dei suoi atleti non solo dal punto di vista sportivo, secondo lui non la vita di un vero atleta va ben oltre a questo: prima di essere atleti si \u00e8 persone<br \/>\n<\/span><b>Dove credi di dover migliorare?<\/b><span style=\"font-weight: 400\"> Sicuramente la tecnica va affinata ancora molto, soprattutto quella classica dove sono un po\u2019 meno competitiva, chiaramente senza trascurare anche il pattinaggio. La gestione della gara sia dal punto di vista dello sforzo energetico combinato alla fatica e alla tattica, specialmente quando ci si misura in gruppo, \u00e8 un altro aspetto su cui mi piacerebbe concentrarmi e migliorare<\/span><span style=\"font-weight: 400\"><br \/>\n<\/span><b><\/b><\/p>\n<div id=\"attachment_40180\" style=\"width: 410px\" class=\"wp-caption alignright\"><a href=\"http:\/\/comitati.fisi.org\/friuli-venezia-giulia\/wp-content\/uploads\/sites\/34\/2017\/07\/IMG_3436.jpg\"><img loading=\"lazy\" decoding=\"async\" aria-describedby=\"caption-attachment-40180\" class=\"wp-image-40180\" src=\"http:\/\/comitati.fisi.org\/friuli-venezia-giulia\/wp-content\/uploads\/sites\/34\/2017\/07\/IMG_3436-400x400.jpg\" alt=\"\" width=\"400\" height=\"300\" \/><\/a><p id=\"caption-attachment-40180\" class=\"wp-caption-text\">Giorgio Di Centa<\/p><\/div>\n<p><b>Qual \u00e8 la pista pi\u00f9 bella nella quale hai gareggiato?<\/b><span style=\"font-weight: 400\"> Anche se solo sugli skiroll, lo Skisenter di Sjusjoen in Norvegia, soprattutto per il paesaggio che circonda la pista. In generale credo che il posto pi\u00f9 bello e adatto in cui si possa sciare sia la Norvegia: io mi ci sono recata d\u2019estate, ma sono certa che tutti i posti che ho potuto vedere in quel periodo in inverno si trasformino in piste molto tecniche adatte alle esigenze di atleti di alto livello oppure in luoghi perfetti per fare allenamenti prolungati e incontrare tanti amatori.\u00a0<\/span><span style=\"font-weight: 400\">Un\u2019altra pista, questa volta italiana, ad aver fatto breccia nel mio cuore ancor prima che potessi visitare la terra natale dello sci di fondo, \u00e8 stata quella di Anterselva. L\u00ec ho disputato alcune gare di biathlon. Sicuramente \u00e8 sempre il paesaggio che incornicia queste piste a sorprendermi: trovo che la natura sia stupefacente e probabilmente in questi posti ne ho avvertito particolarmente la sua bellezza<br \/>\n<\/span><b>E quella dove un giorno vorresti correre?<\/b><span style=\"font-weight: 400\"> Allo Birkebeineren Skistadium di Lillehammer, perch\u00e9 \u00e8 una pista con una storia molto importante e significativa per lo sci di fondo<\/span><span style=\"font-weight: 400\"><br \/>\n<\/span><b>La miglior gara della tua vita quando e dove \u00e8 stata? <\/b><span style=\"font-weight: 400\">Questa \u00e8 una domanda difficile. Per tutta una serie di motivazioni penso che la mia gara migliore sia stata quella del 25 marzo 2018, la 10 km Mass Start a tecnica libera di Dobbiaco, dove ho ottenuto la mia prima vittoria ad un Campionato Italiano. Mi sentivo particolarmente in forma e sicura di me stessa. La felicit\u00e0 \u00e8 stata tanta anche perch\u00e9 la preparazione degli sci con cui ho gareggiato \u00e8 stata curata in particolare da mio pap\u00e0 Giorgio insieme agli altri tecnici del CS Carabinieri. Poi credo che sia stata quell\u2019occasione ad avermi dato una prima consapevolezza sul fatto che lo sci di fondo sarebbe potuto diventare qualcosa di pi\u00f9 di una passione e un divertimento<br \/>\n<\/span><b>Chi \u00e8 l\u2019amico del cuore?<\/b><span style=\"font-weight: 400\"> Ho avuto l\u2019opportunit\u00e0 di stringere dei forti legami d\u2019amicizia con le mie compagne dell\u2019Aldo Moro Paluzza, la societ\u00e0 dove sono cresciuta. Sono ragazze che coltivano una grande passione e mi ritengo molto fortunata ad averla potuta condividere con loro. Insieme abbiamo trascorso momenti indimenticabili, le ringrazio per questo e mi sento privilegiata ad averle come amiche. Il merito \u00e8 sicuramente dell\u2019allenatore della societ\u00e0 Giancarlo Silverio, una grande persona che ha saputo rafforzare non solo le nostre capacit\u00e0 fisiche, ma anche le nostre capacit\u00e0 di condividere e apprendere dal lavoro di gruppo<\/span><span style=\"font-weight: 400\"><br \/>\n<\/span><b><\/b><\/p>\n<div id=\"attachment_24104\" style=\"width: 410px\" class=\"wp-caption alignleft\"><a href=\"http:\/\/comitati.fisi.org\/friuli-venezia-giulia\/wp-content\/uploads\/sites\/34\/2015\/12\/Manuela_Di_Centa.jpg\"><img loading=\"lazy\" decoding=\"async\" aria-describedby=\"caption-attachment-24104\" class=\"wp-image-24104\" src=\"http:\/\/comitati.fisi.org\/friuli-venezia-giulia\/wp-content\/uploads\/sites\/34\/2015\/12\/Manuela_Di_Centa-400x350.jpg\" alt=\"\" width=\"400\" height=\"222\" \/><\/a><p id=\"caption-attachment-24104\" class=\"wp-caption-text\">Manuela Di Centa<\/p><\/div>\n<p><b>Qual \u00e8 il tuo idolo, d\u2019infanzia e\/o attuale?<\/b><span style=\"font-weight: 400\"> La mia famiglia \u00e8 stata e continua ad essere il mio principale punto di riferimento perch\u00e9 grazie a tutti loro ho acquisito importanti valori e insegnamenti che mi permettono di continuare a imparare e crescere e a trarre forza. Poi nel particolare sono sempre stati il pap\u00e0 e la zia Manuela a ispirarmi per quel che riguarda lo sport: \u00e8 soprattutto il loro esempio ad avermi spronata, guidata e spinta a perseverare. Mentre \u00e8 la mamma Rita ad essere la mia guida in assoluto, quindi non solo nello sport, ma per qualsiasi aspetto della vita. Lei ha fatto moltissimo per me, nutro tanta ammirazione e gratitudine nei suoi confronti<\/span><span style=\"font-weight: 400\"><br \/>\n<\/span><b>\u00c8 possibile collimare scuola e sport?<\/b><span style=\"font-weight: 400\"> S\u00ec, ma non \u00e8 scontato gestire due cose contemporaneamente e trarne sempre buoni risultati: la bravura \u00e8 capire quando il momento di privilegiare la scuola oppure lo sport<br \/>\n<\/span><b>Cos\u2019\u00e8 per te lo sci?<\/b><span style=\"font-weight: 400\"> Una passione e una valvola di sfogo in cui canalizzare le mie forze e le mie energie migliori.<\/span><span style=\"font-weight: 400\"> L\u2019ho sempre considerato cos\u00ec perch\u00e9 sciare mi aiuta a liberare la mente, a pensare in maniera pi\u00f9 lucida e a percepire meglio me stessa<\/span><span style=\"font-weight: 400\">. Quando riesco a fare questo mi sento pi\u00f9 forte e una vera fondista. Ammetto per\u00f2 che \u00e8 il pi\u00f9 delle volte risulta difficile raggiungere questa consapevolezza. Per me sciare \u00e9 tendere, ricercare continuamente queste sensazioni. Ad aiutarmi in questo \u00e8 sicuramente la presenza della natura e l\u2019amore che provo per lei, che fa da cornice ai miei allenamenti e alle mie gare: \u00e8 la somma di tutti questi aspetti e sentimenti a definire ci\u00f2 che questo sport rappresenta per la mia vita. Inoltre, la condivisione di queste esperienze con altri amici sportivi rende tutto ancora pi\u00f9 bello e ricco di importanza. <\/span><span style=\"font-weight: 400\">Da un po\u2019 di tempo lo sci per me \u00e8 anche un\u2019opportunit\u00e0 di lavoro. Di questo grande passo vorrei ringraziare l\u2019Arma dei Carabinieri e il CS Carabinieri per aver creduto in me gi\u00e0 dal momento in cui mi hanno aggregata e poi accolta definitivamente nella loro famiglia<\/span><span style=\"font-weight: 400\"><br \/>\n<\/span><b>Nel futuro ti vedi atleta, allenatrice o semplice appassionata?<\/b><span style=\"font-weight: 400\"> Per ora mi concentro sulla vita da atleta, anche se questo inverno mi sono iscritta al Corso Maestri Friuli-Venezia Giulia. Non vedo l\u2019ora di iniziare questo nuovo percorso!<\/span><span style=\"font-weight: 400\"><br \/>\n<\/span><b>Il classico sogno nel cassetto?<\/b><span style=\"font-weight: 400\"> Se penso in grande, sogno di poter prendere parte e di essere competitiva ai Mondiali Senior e alle Olimpiadi, mentre se penso al mio standard attuale vorrei partecipare ancora ai Mondiali Giovanili e migliorare la performance di quest\u2019anno<\/span><span style=\"font-weight: 400\"><br \/>\n<\/span><b>Musica preferita?<\/b><span style=\"font-weight: 400\"> Per caricarmi di energia preferisco ascoltare musica commerciale, mentre per rilassarmi musica soft<\/span><span style=\"font-weight: 400\"><br \/>\n<\/span><b><\/b><\/p>\n<div id=\"attachment_68872\" style=\"width: 410px\" class=\"wp-caption alignright\"><a href=\"http:\/\/comitati.fisi.org\/friuli-venezia-giulia\/wp-content\/uploads\/sites\/34\/2020\/04\/Elena-Di-Liddo.jpg\"><img loading=\"lazy\" decoding=\"async\" aria-describedby=\"caption-attachment-68872\" class=\"wp-image-68872\" src=\"http:\/\/comitati.fisi.org\/friuli-venezia-giulia\/wp-content\/uploads\/sites\/34\/2020\/04\/Elena-Di-Liddo-400x400.jpg\" alt=\"\" width=\"400\" height=\"225\" \/><\/a><p id=\"caption-attachment-68872\" class=\"wp-caption-text\">Elena Di Liddo<\/p><\/div>\n<p><b>Serie tv preferita?<\/b><span style=\"font-weight: 400\"> Game Of Thrones<br \/>\n<strong>Film preferito?<\/strong> Suite Fran\u00e7aise<br \/>\n<\/span><b>Attore preferito?<\/b><span style=\"font-weight: 400\"> Ryan Gosling<\/span><span style=\"font-weight: 400\"><br \/>\n<\/span><b>Sport extrasci preferito?<\/b><span style=\"font-weight: 400\"> Pallavolo <\/span><span style=\"font-weight: 400\"><br \/>\n<\/span><b>Sportivo extrasci preferito? <\/b><span style=\"font-weight: 400\">La nuotatrice Elena Di Liddo: la stimo molto non solo per la sua grande forza ma anche per la sua bellissima personalit\u00e0. Siamo colleghe e ci siamo conosciute al corso di formazione per Carabinieri Atleti a Roma. Da subito ho apprezzato la sua simpatia e il senso dell\u2019umorismo, ma soprattutto la sua sensibilit\u00e0.<\/span><span style=\"font-weight: 400\"><br \/>\n<\/span><b>Hai qualche hobby?<\/b><span style=\"font-weight: 400\"> Dipingere e ascoltare musica<\/span><span style=\"font-weight: 400\"><br \/>\n<\/span><b>Social preferito?<\/b><span style=\"font-weight: 400\"> Instagram<\/span><span style=\"font-weight: 400\"><br \/>\n<\/span><b>Il luogo pi\u00f9 bello che hai visitato? <\/b><span style=\"font-weight: 400\">La Norvegia: non si era capito, vero?<br \/>\n<\/span><b>Vorresti fare una vacanza a: <\/b><span style=\"font-weight: 400\">Canarie<\/span><\/p>\n<p>&nbsp;<\/p>\n<p><strong>LEGGI LE ALTRE SCHEDE<\/strong><\/p>\n<p><a href=\"https:\/\/www.fisifvg.org\/2020\/04\/23\/iosonofisifvg-giovanni-vanino\/\">GIOVANNI VANINO<\/a><br \/>\n<a href=\"https:\/\/www.fisifvg.org\/2020\/04\/22\/iosonofisifvg-astrid-plosch\/\">ASTRID PL\u00d6SCH<\/a><br \/>\n<a href=\"https:\/\/www.fisifvg.org\/2020\/04\/21\/iosonofisifvg-martino-zambenedetti\/\">MARTINO ZAMBENEDETTI<\/a><br \/>\n<a href=\"https:\/\/www.fisifvg.org\/2020\/04\/20\/iosonofisifvg-renato-moretti\/\">RENATO MORETTI<\/a><br \/>\n<a href=\"https:\/\/www.fisifvg.org\/2020\/04\/19\/iosonofisifvg-gabriele-monteleone\/\">GABRIELE MONTELEONE<\/a><br \/>\n<a href=\"https:\/\/www.fisifvg.org\/2020\/04\/18\/iosonofisifvg-andrea-craievich\/\">ANDREA CRAIEVICH<\/a><br \/>\n<a href=\"https:\/\/www.fisifvg.org\/2020\/04\/17\/iosonofisifvg-fabio-cappellari\/\">FABIO CAPPELLARI<\/a><br \/>\n<a href=\"https:\/\/www.fisifvg.org\/2020\/04\/16\/iosonofisifvg-arturo-severi\/\">ARTURO SEVERI<\/a><br \/>\n<a href=\"https:\/\/www.fisifvg.org\/2020\/04\/15\/iosonofisifvg-caterina-molinari\/\">CATERINA MOLINARI<\/a><br \/>\n<a href=\"https:\/\/www.fisifvg.org\/2020\/04\/14\/iosonofisifvg-greta-pinzani\/\">GRETA PINZANI<\/a><br \/>\n<a href=\"https:\/\/www.fisifvg.org\/2020\/04\/11\/iosonofisifvg-alessandro-tosoni\/\">ALESSANDRO TOSONI<\/a><br \/>\n<a href=\"https:\/\/www.fisifvg.org\/2020\/04\/10\/iosonofisifvg-edoardo-buzzi\/\">EDOARDO BUZZI<\/a><br \/>\n<a href=\"https:\/\/www.fisifvg.org\/2020\/04\/09\/iosonofisifvg-sara-scattolo\/\">SARA SCATTOLO<\/a><br \/>\n<a href=\"https:\/\/www.fisifvg.org\/2020\/04\/07\/iosonofisifvg-martina-zanitzer\/\">MARTINA ZANITZER<\/a><br \/>\n<a href=\"https:\/\/www.fisifvg.org\/2020\/04\/06\/iosonofisifvg-samuele-cusin\/\">SAMUELE CUSIN<\/a><br \/>\n<a href=\"https:\/\/www.fisifvg.org\/2020\/04\/05\/iosonofisifvg-fabio-piller-cottrer\/\">FABIO PILLER COTTRER<\/a><br \/>\n<a href=\"https:\/\/www.fisifvg.org\/2020\/04\/04\/iosonofisifvg-karin-puntel\/\">KARIN PUNTEL<\/a><br \/>\n<a href=\"https:\/\/www.fisifvg.org\/2020\/04\/03\/iosonofisifvg-andrea-campregher\/\">ANDREA CAMPREGHER<\/a><br \/>\n<a href=\"https:\/\/www.fisifvg.org\/2020\/04\/01\/iosonofisifvg-paolo-ramicone\/\">PAOLO RAMICONE<\/a><br \/>\n<a href=\"https:\/\/www.fisifvg.org\/2020\/03\/31\/iosonofisifvg-mattia-piller-hoffer\/\">MATTIA PILLER HOFFER<\/a><br \/>\n<a href=\"https:\/\/www.fisifvg.org\/2020\/03\/30\/iosonofisifvg-aurora-morassi\/\">AURORA MORASSI<\/a><br \/>\n<a href=\"https:\/\/www.fisifvg.org\/2020\/03\/29\/iosonofisifvg-noelia-vuerich\/\">NOELIA VUERICH<\/a><br \/>\n<a href=\"https:\/\/www.fisifvg.org\/2020\/03\/28\/iosonofisifvg-cristiano-agostinis\/\">CRISTIANO AGOSTINIS<\/a><br \/>\n<a href=\"https:\/\/www.fisifvg.org\/2020\/03\/27\/iosonofisifvg-lorenzo-solero\/\">LORENZO SOLERO<\/a><br \/>\n<a href=\"https:\/\/www.fisifvg.org\/2020\/03\/26\/iosonofisifvg-luca-sclisizzo\/\">LUCA SCLISIZZO<\/a><br \/>\n<a href=\"https:\/\/www.fisifvg.org\/2020\/03\/25\/iosonofisifvg-erika-pinzani\/\">ERIKA PINZANI<\/a><br \/>\n<a href=\"https:\/\/www.fisifvg.org\/2020\/03\/23\/iosonofisifvg-caterina-sinigoi\/\">CATERINA SINIGOI<\/a><\/p>\n","protected":false},"excerpt":{"rendered":"<p>Oggi protagonista della nostra rubrica \u00e8 la carabiniera di Paluzza, inserita nella squadra regionale, oltre che in quella nazionale Under 20, di sci di fondo<\/p>\n","protected":false},"author":4,"featured_media":64412,"comment_status":"closed","ping_status":"closed","sticky":false,"template":"","format":"standard","meta":{"_acf_changed":false,"footnotes":""},"categories":[10,11],"tags":[],"acf":[],"_links":{"self":[{"href":"https:\/\/comitati.fisi.org\/friuli-venezia-giulia\/wp-json\/wp\/v2\/posts\/68869"}],"collection":[{"href":"https:\/\/comitati.fisi.org\/friuli-venezia-giulia\/wp-json\/wp\/v2\/posts"}],"about":[{"href":"https:\/\/comitati.fisi.org\/friuli-venezia-giulia\/wp-json\/wp\/v2\/types\/post"}],"author":[{"embeddable":true,"href":"https:\/\/comitati.fisi.org\/friuli-venezia-giulia\/wp-json\/wp\/v2\/users\/4"}],"replies":[{"embeddable":true,"href":"https:\/\/comitati.fisi.org\/friuli-venezia-giulia\/wp-json\/wp\/v2\/comments?post=68869"}],"version-history":[{"count":0,"href":"https:\/\/comitati.fisi.org\/friuli-venezia-giulia\/wp-json\/wp\/v2\/posts\/68869\/revisions"}],"wp:featuredmedia":[{"embeddable":true,"href":"https:\/\/comitati.fisi.org\/friuli-venezia-giulia\/wp-json\/wp\/v2\/media\/64412"}],"wp:attachment":[{"href":"https:\/\/comitati.fisi.org\/friuli-venezia-giulia\/wp-json\/wp\/v2\/media?parent=68869"}],"wp:term":[{"taxonomy":"category","embeddable":true,"href":"https:\/\/comitati.fisi.org\/friuli-venezia-giulia\/wp-json\/wp\/v2\/categories?post=68869"},{"taxonomy":"post_tag","embeddable":true,"href":"https:\/\/comitati.fisi.org\/friuli-venezia-giulia\/wp-json\/wp\/v2\/tags?post=68869"}],"curies":[{"name":"wp","href":"https:\/\/api.w.org\/{rel}","templated":true}]}}