{"id":68741,"date":"2020-04-17T10:00:18","date_gmt":"2020-04-17T08:00:18","guid":{"rendered":"https:\/\/www.fisifvg.org\/?p=68741"},"modified":"2020-04-17T10:00:18","modified_gmt":"2020-04-17T08:00:18","slug":"iosonofisifvg-fabio-cappellari","status":"publish","type":"post","link":"https:\/\/comitati.fisi.org\/friuli-venezia-giulia\/blog\/2020\/04\/17\/iosonofisifvg-fabio-cappellari\/","title":{"rendered":"#IoSonoFisiFvg \u2013 FABIO CAPPELLARI"},"content":{"rendered":"<p>Nuovo appuntamento con la rubrica\u00a0<strong>#IoSonoFisiFvg,<\/strong>\u00a0che ci consente di conoscere meglio gli atleti del\u00a0<strong>Comitato FISI FVG.<br \/>\n<\/strong>Oggi protagonista \u00e8 <strong>FABIO CAPPELLARI<\/strong>, squadra regionale di <strong>biathlon<\/strong>.<br \/>\n<span style=\"font-weight: 400\"><span style=\"color: #ffffff\">.<\/span><\/span><\/p>\n<p><strong>Sci Club:<\/strong> SS Fornese<span style=\"font-weight: 400\"><br \/>\n<\/span><span style=\"font-weight: 400\"><strong>Dove vivi?<\/strong> Forni di Sopra<\/span><span style=\"font-weight: 400\"><br \/>\n<\/span><span style=\"font-weight: 400\"><strong>A che et\u00e0 hai messo per la prima volta gli sci ai piedi?<\/strong> A 3 anni<br \/>\n<\/span><span style=\"font-weight: 400\"><strong>Ti \u00e8 piaciuto subito il biathlon?<\/strong> Si, mi sono subito appassionato, perch\u00e8 ho trovato un istinto naturale al tiro e anche per il fatto che ero pi\u00f9 svantaggiato sugli sci rispetto ai miei avversari<br \/>\n<\/span><\/p>\n<div id=\"attachment_62783\" style=\"width: 310px\" class=\"wp-caption alignright\"><a href=\"http:\/\/comitati.fisi.org\/friuli-venezia-giulia\/wp-content\/uploads\/sites\/34\/2019\/11\/BIATHLON-2020-Fabio-Cappellari2.jpg\"><img loading=\"lazy\" decoding=\"async\" aria-describedby=\"caption-attachment-62783\" class=\"wp-image-62783\" src=\"http:\/\/comitati.fisi.org\/friuli-venezia-giulia\/wp-content\/uploads\/sites\/34\/2019\/11\/BIATHLON-2020-Fabio-Cappellari2-400x400.jpg\" alt=\"\" width=\"300\" height=\"401\" \/><\/a><p id=\"caption-attachment-62783\" class=\"wp-caption-text\">Fabio Cappellari<\/p><\/div>\n<p><span style=\"font-weight: 400\"><strong>Hai praticato altre discipline invernali?<\/strong> Nei tre anni di asilo ho praticato anche sci alpino<\/span><span style=\"font-weight: 400\"><br \/>\n<\/span><span style=\"font-weight: 400\"><strong>Ti ricordi la prima gara?<\/strong> No, anche perch\u00e9 fino ai primi anni di aria compressa per me gareggiare ero un puro divertimento, non pensavo alla fatica in se stessa, ma solo al panino con la salsiccia che la mia societ\u00e0 mi preparava a fine competizione! A me piace moltissimo mangiare e non mi importava del piazzamento; difatti finivo spesso in fondo alla classifica, ma non mi \u00e8 mai importato<\/span><span style=\"font-weight: 400\"><br \/>\n<\/span><span style=\"font-weight: 400\"><strong>Chi \u00e8 il tuo allenatore?<\/strong> Giuseppe Piller Cottrer, un uomo ricco di esperienza, sa il fatto suo, pretende tanto perch\u00e8 sa che possiamo fare molto meglio. Mi rapporto veramente bene con lui, l&#8217;unico difetto \u00e8 che ogni tanto si perde nel parlare, ma restando sempre sull&#8217;argomento dell&#8217;allenamento<br \/>\n<\/span><span style=\"font-weight: 400\"><strong>Dove credi di dover migliorare?<\/strong> Devo crescere molto sul piano\u00a0atletico, sono parecchio indietro in quel campo<\/span><span style=\"font-weight: 400\"><br \/>\n<\/span><span style=\"font-weight: 400\"><strong>Qual \u00e8 l\u2019impianto pi\u00f9 bello nel quale hai gareggiato?<\/strong> Quest&#8217;anno ho avuto la fortuna di partecipare ai Mondiali Giovani di Lenzerheide, in Svizzera; non so se sia stata per l&#8217;atmosfera iridata, ma quello stadio mi \u00e8 rimasto molto impresso<\/span><span style=\"font-weight: 400\"><br \/>\n<\/span><span style=\"font-weight: 400\"><strong>E quello nel quale un giorno vorresti disputare una gara?<\/strong> A Holmenkollen, in Norvegia<\/span><span style=\"font-weight: 400\"><br \/>\n<\/span><span style=\"font-weight: 400\"><strong>La miglior gara della tua vita quando e dove \u00e8 stata?<\/strong> La mia unica vittoria in Coppa Italia, un inseguimento a Tesero. Ero partito un po&#8217; indietro, il primo poligono era andato male, ma poi sono riuscito a recuperare tutto fino a giocarmela nell&#8217;ultimo giro sugli sci<br \/>\n<\/span><span style=\"font-weight: 400\"><strong>Chi \u00e8 l\u2019amico del cuore?<\/strong> Non ce n&#8217;\u00e8 uno in particolare, sono molto legato a tutti<\/span><span style=\"font-weight: 400\"><br \/>\n<\/span><span style=\"font-weight: 400\"><strong>Qual \u00e8 il tuo idolo, d\u2019infanzia e\/o attuale?<\/strong> Non ho un idolo specifico, se non mio fratello Daniele, che mi sostiene e mi aiuta quando ci alleniamo insieme. Mi stimola sempre a fare di pi\u00f9, perch\u00e8 voglio che arrivi il giorno nel quale lo batter\u00f2<\/span><span style=\"font-weight: 400\"><br \/>\n<\/span><span style=\"font-weight: 400\"><strong>\u00c8 possibile collimare scuola e sport?<\/strong> S\u00ec, anche se non \u00e8 una cosa banale<br \/>\n<\/span><\/p>\n<div id=\"attachment_67101\" style=\"width: 510px\" class=\"wp-caption alignleft\"><a href=\"https:\/\/www.fisifvg.org\/wp-content\/uploads\/2020\/02\/BIATHLON-2020-Daniele-Cappellari-PhotoSolero.jpg\"><img loading=\"lazy\" decoding=\"async\" aria-describedby=\"caption-attachment-67101\" class=\"wp-image-67101\" src=\"https:\/\/www.fisifvg.org\/wp-content\/uploads\/2020\/02\/BIATHLON-2020-Daniele-Cappellari-PhotoSolero-400x400.jpg\" alt=\"\" width=\"500\" height=\"256\" \/><\/a><p id=\"caption-attachment-67101\" class=\"wp-caption-text\">Daniele Cappellari<\/p><\/div>\n<p><span style=\"font-weight: 400\"><strong>Cos\u2019\u00e8 per te il biathlon?<\/strong> Per me \u00e8 tutto, ogni giorno mi alleno per diventare sempre pi\u00f9 forte e battere i miei avversari, ma soprattutto per riuscire sempre a superarmi. Un grosso stimolo per imparare a non mollare mai<\/span><span style=\"font-weight: 400\"><br \/>\n<\/span><span style=\"font-weight: 400\"><strong>Nel futuro ti vedi atleta, allenatore o semplice appassionato?<\/strong> Mi piacerebbe moltissimo prima diventare un atleta di successo e poi un grande allenatore, perch\u00e9 adoro questo sport e non vorrei separarmene mai<\/span><span style=\"font-weight: 400\"><br \/>\n<\/span><span style=\"font-weight: 400\"><strong>Il classico sogno nel cassetto?<\/strong> Partecipare ad un&#8217;Olimpiade assieme a mio fratello e magari riuscire a fare assieme a lui un podio in staffetta<\/span><span style=\"font-weight: 400\"><br \/>\n<\/span><span style=\"font-weight: 400\"><strong>Musica preferita?<\/strong> Ascolto tutti i generi<\/span><span style=\"font-weight: 400\"><br \/>\n<\/span><span style=\"font-weight: 400\"><strong>Film preferito?<\/strong> Battleship<br \/>\n<\/span><span style=\"font-weight: 400\"><strong>Sport extrasci preferito?<\/strong> Ciclismo su strada<\/span><span style=\"font-weight: 400\"><br \/>\n<\/span><span style=\"font-weight: 400\"><strong>Hai qualche hobby?<\/strong> Adoro fare lavoretti e progetti a casa, ad esempio creare mobili o arredi da giardino.<\/span><span style=\"font-weight: 400\"><br \/>\n<\/span><span style=\"font-weight: 400\"><strong>Social preferito?<\/strong> Instagram<\/span><span style=\"font-weight: 400\"><br \/>\n<\/span><span style=\"font-weight: 400\"><strong>Il luogo pi\u00f9 bello che hai visitato?<\/strong> Ho viaggiato molto e mi \u00e8 rimasto impresso l&#8217;Egitto\u00a0<\/span><span style=\"font-weight: 400\"><br \/>\n<\/span><span style=\"font-weight: 400\"><strong>Vorresti fare una vacanza a:<\/strong> mi piacerebbe andare in una qualsiasi localit\u00e0 marina bella e moderna, con un mare azzurro e trasparente<\/span><\/p>\n<p>&nbsp;<\/p>\n<p><strong>LEGGI LE ALTRE SCHEDE<\/strong><\/p>\n<p><a href=\"https:\/\/www.fisifvg.org\/2020\/04\/16\/iosonofisifvg-arturo-severi\/\">ARTURO SEVERI<\/a><br \/>\n<a href=\"https:\/\/www.fisifvg.org\/2020\/04\/15\/iosonofisifvg-caterina-molinari\/\">CATERINA MOLINARI<\/a><br \/>\n<a href=\"https:\/\/www.fisifvg.org\/2020\/04\/14\/iosonofisifvg-greta-pinzani\/\">GRETA PINZANI<\/a><br \/>\n<a href=\"https:\/\/www.fisifvg.org\/2020\/04\/11\/iosonofisifvg-alessandro-tosoni\/\">ALESSANDRO TOSONI<\/a><br \/>\n<a href=\"https:\/\/www.fisifvg.org\/2020\/04\/10\/iosonofisifvg-edoardo-buzzi\/\">EDOARDO BUZZI<\/a><br \/>\n<a href=\"https:\/\/www.fisifvg.org\/2020\/04\/09\/iosonofisifvg-sara-scattolo\/\">SARA SCATTOLO<\/a><br \/>\n<a href=\"https:\/\/www.fisifvg.org\/2020\/04\/07\/iosonofisifvg-martina-zanitzer\/\">MARTINA ZANITZER<\/a><br \/>\n<a href=\"https:\/\/www.fisifvg.org\/2020\/04\/06\/iosonofisifvg-samuele-cusin\/\">SAMUELE CUSIN<\/a><br \/>\n<a href=\"https:\/\/www.fisifvg.org\/2020\/04\/05\/iosonofisifvg-fabio-piller-cottrer\/\">FABIO PILLER COTTRER<\/a><br \/>\n<a href=\"https:\/\/www.fisifvg.org\/2020\/04\/04\/iosonofisifvg-karin-puntel\/\">KARIN PUNTEL<\/a><br \/>\n<a href=\"https:\/\/www.fisifvg.org\/2020\/04\/03\/iosonofisifvg-andrea-campregher\/\">ANDREA CAMPREGHER<\/a><br \/>\n<a href=\"https:\/\/www.fisifvg.org\/2020\/04\/01\/iosonofisifvg-paolo-ramicone\/\">PAOLO RAMICONE<\/a><br \/>\n<a href=\"https:\/\/www.fisifvg.org\/2020\/03\/31\/iosonofisifvg-mattia-piller-hoffer\/\">MATTIA PILLER HOFFER<\/a><br \/>\n<a href=\"https:\/\/www.fisifvg.org\/2020\/03\/30\/iosonofisifvg-aurora-morassi\/\">AURORA MORASSI<\/a><br \/>\n<a href=\"https:\/\/www.fisifvg.org\/2020\/03\/29\/iosonofisifvg-noelia-vuerich\/\">NOELIA VUERICH<\/a><br \/>\n<a href=\"https:\/\/www.fisifvg.org\/2020\/03\/28\/iosonofisifvg-cristiano-agostinis\/\">CRISTIANO AGOSTINIS<\/a><br \/>\n<a href=\"https:\/\/www.fisifvg.org\/2020\/03\/27\/iosonofisifvg-lorenzo-solero\/\">LORENZO SOLERO<\/a><br \/>\n<a href=\"https:\/\/www.fisifvg.org\/2020\/03\/26\/iosonofisifvg-luca-sclisizzo\/\">LUCA SCLISIZZO<\/a><br \/>\n<a href=\"https:\/\/www.fisifvg.org\/2020\/03\/25\/iosonofisifvg-erika-pinzani\/\">ERIKA PINZANI<\/a><br \/>\n<a href=\"https:\/\/www.fisifvg.org\/2020\/03\/23\/iosonofisifvg-caterina-sinigoi\/\">CATERINA SINIGOI<\/a><\/p>\n","protected":false},"excerpt":{"rendered":"<p>Oggi conosciamo meglio il biathleta della squadra regionale, tesserato con la Fornese<\/p>\n","protected":false},"author":4,"featured_media":64925,"comment_status":"closed","ping_status":"closed","sticky":false,"template":"","format":"standard","meta":{"_acf_changed":false,"footnotes":""},"categories":[13,10],"tags":[],"acf":[],"_links":{"self":[{"href":"https:\/\/comitati.fisi.org\/friuli-venezia-giulia\/wp-json\/wp\/v2\/posts\/68741"}],"collection":[{"href":"https:\/\/comitati.fisi.org\/friuli-venezia-giulia\/wp-json\/wp\/v2\/posts"}],"about":[{"href":"https:\/\/comitati.fisi.org\/friuli-venezia-giulia\/wp-json\/wp\/v2\/types\/post"}],"author":[{"embeddable":true,"href":"https:\/\/comitati.fisi.org\/friuli-venezia-giulia\/wp-json\/wp\/v2\/users\/4"}],"replies":[{"embeddable":true,"href":"https:\/\/comitati.fisi.org\/friuli-venezia-giulia\/wp-json\/wp\/v2\/comments?post=68741"}],"version-history":[{"count":0,"href":"https:\/\/comitati.fisi.org\/friuli-venezia-giulia\/wp-json\/wp\/v2\/posts\/68741\/revisions"}],"wp:featuredmedia":[{"embeddable":true,"href":"https:\/\/comitati.fisi.org\/friuli-venezia-giulia\/wp-json\/wp\/v2\/media\/64925"}],"wp:attachment":[{"href":"https:\/\/comitati.fisi.org\/friuli-venezia-giulia\/wp-json\/wp\/v2\/media?parent=68741"}],"wp:term":[{"taxonomy":"category","embeddable":true,"href":"https:\/\/comitati.fisi.org\/friuli-venezia-giulia\/wp-json\/wp\/v2\/categories?post=68741"},{"taxonomy":"post_tag","embeddable":true,"href":"https:\/\/comitati.fisi.org\/friuli-venezia-giulia\/wp-json\/wp\/v2\/tags?post=68741"}],"curies":[{"name":"wp","href":"https:\/\/api.w.org\/{rel}","templated":true}]}}