{"id":68646,"date":"2020-04-09T10:33:46","date_gmt":"2020-04-09T08:33:46","guid":{"rendered":"https:\/\/www.fisifvg.org\/?p=68646"},"modified":"2020-04-09T10:33:46","modified_gmt":"2020-04-09T08:33:46","slug":"iosonofisifvg-sara-scattolo","status":"publish","type":"post","link":"https:\/\/comitati.fisi.org\/friuli-venezia-giulia\/blog\/2020\/04\/09\/iosonofisifvg-sara-scattolo\/","title":{"rendered":"#IoSonoFisiFvg \u2013 SARA SCATTOLO"},"content":{"rendered":"<p>Nuovo appuntamento con la rubrica\u00a0<strong>#IoSonoFisiFvg,<\/strong>\u00a0che ci consente di conoscere meglio gli atleti del\u00a0<strong>Comitato FISI FVG.<br \/>\n<\/strong>Oggi protagonista \u00e8 <strong>SARA SCATTOLO<\/strong>, squadra regionale di <strong>biathlon<\/strong>.<\/p>\n<p><span style=\"font-weight: 400\"><br \/>\n<strong>Sci Club:<\/strong> ASD Monte Coglians<br \/>\n<\/span><span style=\"font-weight: 400\"><strong>Dove vivi?<\/strong> Forni Avoltri<br \/>\n<strong>A che et\u00e0 hai messo per la prima volta gli sci ai piedi?<\/strong> A sei anni<br \/>\n<strong>Ti \u00e8 piaciuto subito il biathlon?<\/strong> S\u00ec<br \/>\n<\/span><span style=\"font-weight: 400\"><strong>Hai praticato altre discipline invernali?<\/strong> Sci di fondo e, per due anni, discesa<br \/>\n<\/span><\/p>\n<div id=\"attachment_55172\" style=\"width: 460px\" class=\"wp-caption alignright\"><a href=\"http:\/\/comitati.fisi.org\/friuli-venezia-giulia\/wp-content\/uploads\/sites\/34\/2019\/01\/BIATHLON-2109-Wierer-e-Vittozzi3.jpg\"><img loading=\"lazy\" decoding=\"async\" aria-describedby=\"caption-attachment-55172\" class=\"wp-image-55172\" src=\"http:\/\/comitati.fisi.org\/friuli-venezia-giulia\/wp-content\/uploads\/sites\/34\/2019\/01\/BIATHLON-2109-Wierer-e-Vittozzi3-400x400.jpg\" alt=\"\" width=\"450\" height=\"231\" \/><\/a><p id=\"caption-attachment-55172\" class=\"wp-caption-text\">Lisa Vittozzi e Dorothea Wierer<\/p><\/div>\n<p><span style=\"font-weight: 400\"><strong>Ti ricordi la prima gara di biathlon?<\/strong> Una promozionale a Forni Avoltri. Ricordo bene l&#8217;agitazione, la paura ma soprattutto l&#8217;emozione che mi ha trasmesso. Quel giorno ho deciso che sarei diventata una biathleta<br \/>\n<\/span><span style=\"font-weight: 400\"><strong>Chi \u00e8 il tuo allenatore?<\/strong> Sul fondo mi segue Giuseppe Piller Cottrer, un super allenatore, \u00e8 molto bravo, ci trasmette molta passione e ci fa lavorare. Al tiro c&#8217;\u00e8 Enrico Tach, anche lui un bravissimo allenatore, severo il giusto ed \u00e8 sempre pronto a correggerci ed ad aiutarci per migliorare. Ci tengo particolarmente a menzionare anche chi ha lavorato con me negli anni scorsi, ovvero Mirco Romanin, ora allenatore della nazionale Juniores, che con la sua passione e bravura mi ha fatto innamorare e crederci ancora di pi\u00f9 in questo sport, e Daniele Piller Roner, grande persona, anche lui inserito nello staff tecnico nazionale<br \/>\n<\/span><span style=\"font-weight: 400\"><strong>Dove credi di dover migliorare?<\/strong> Essendo molto giovane, so che devo miglioare sia nei tempi di sparo che di tiro, ma anche sugli sci. Insomma, devo crescere ovunque<br \/>\n<\/span><span style=\"font-weight: 400\"><strong>Qual \u00e8 l\u2019impianto pi\u00f9 bello nel quale hai gareggiato?<\/strong> Anterselva<br \/>\n<\/span><span style=\"font-weight: 400\"><strong>E quello nel quale un giorno vorresti disputare una gara?<\/strong> A Ostersund, in Svezia<br \/>\n<strong>La miglior gara della tua vita quando e dove \u00e8 stata?<\/strong> Con la calibro 22 ad Anterselva l\u2019anno scorso, perch\u00e9 era il primo anno che gareggiavo ed ero contro le pi\u00f9 grandi. Nell&#8217;inseguimento sono arrivata prima ed ho provato una grande emozione, non solo per la vittoria<br \/>\n<\/span><\/p>\n<div id=\"attachment_68653\" style=\"width: 286px\" class=\"wp-caption alignleft\"><a href=\"http:\/\/comitati.fisi.org\/friuli-venezia-giulia\/wp-content\/uploads\/sites\/34\/2020\/04\/Usain-Bolt.jpg\"><img loading=\"lazy\" decoding=\"async\" aria-describedby=\"caption-attachment-68653\" class=\"wp-image-68653\" src=\"http:\/\/comitati.fisi.org\/friuli-venezia-giulia\/wp-content\/uploads\/sites\/34\/2020\/04\/Usain-Bolt-400x400.jpg\" alt=\"\" width=\"276\" height=\"350\" \/><\/a><p id=\"caption-attachment-68653\" class=\"wp-caption-text\">Usain Bolt<\/p><\/div>\n<p><span style=\"font-weight: 400\"><strong>Chi \u00e8 l\u2019amico del cuore?<\/strong> Non ce n&#8217;\u00e8 uno in particolare, siamo tutti amici<br \/>\n<\/span><span style=\"font-weight: 400\"><strong>Qual \u00e8 il tuo idolo, d\u2019infanzia e\/o attuale?<\/strong> In campo maschile Quentin Fillon Maillet e Johannes Boe, in quello femminile naturalmente Lisa Vittozzi e Dorothea Wierer<br \/>\n<\/span><span style=\"font-weight: 400\"><strong>\u00c8 possibile collimare scuola e sport?<\/strong> Difficile, ma possibile<br \/>\n<strong>Cos\u2019\u00e8 per te il biathlon?<\/strong> Una passione e uno stile di vita. Da questo sport ho imparato e sto imparando molto ogni giorno<br \/>\n<\/span><span style=\"font-weight: 400\"><strong>Nel futuro ti vedi atleta, allenatore o semplice appassionato?<\/strong> Spero atleta<br \/>\n<strong>Il classico sogno nel cassetto?<\/strong> Sicuramente partecipare alle Olimpiadi. Ovviamente c\u2019\u00e8 moltissimissimo da lavorare<br \/>\n<\/span><span style=\"font-weight: 400\"><strong>Musica preferita?<\/strong> Ascolto un po\u2019 tutti i generi<br \/>\n<\/span><span style=\"font-weight: 400\"><strong>Cantante\/gruppo preferito?<\/strong> Nessuno in particolare<br \/>\n<\/span><span style=\"font-weight: 400\"><strong>Serie tv\/film preferito?<\/strong> Non ho molto tempo per guardare la tv<br \/>\n<\/span><span style=\"font-weight: 400\"><strong>Sport extrasci preferito?<\/strong> Nuoto e corsa<br \/>\n<\/span><span style=\"font-weight: 400\"><strong>Sportivo extrasci preferito?<\/strong> Usain Bolt<br \/>\n<\/span><span style=\"font-weight: 400\"><strong>Hai qualche hobby?<\/strong> Ascoltare musica e uscire con gli amici<br \/>\n<\/span><span style=\"font-weight: 400\"><strong>Social preferito?<\/strong> WhatsApp e Instagram<br \/>\n<\/span><span style=\"font-weight: 400\"><strong>Il luogo pi\u00f9 bello che hai visitato?<\/strong> Ostersund<br \/>\n<strong>Vorresti fare una vacanza a<\/strong>: un giorno mi piacerebbe andare in Grecia o in Egitto<\/span><\/p>\n<p>&nbsp;<\/p>\n<p><strong>LEGGI LE ALTRE SCHEDE<\/strong><\/p>\n<p><a href=\"https:\/\/www.fisifvg.org\/2020\/04\/07\/iosonofisifvg-martina-zanitzer\/\">MARTINA ZANITZER<\/a><br \/>\n<a href=\"https:\/\/www.fisifvg.org\/2020\/04\/06\/iosonofisifvg-samuele-cusin\/\">SAMUELE CUSIN<\/a><br \/>\n<a href=\"https:\/\/www.fisifvg.org\/2020\/04\/05\/iosonofisifvg-fabio-piller-cottrer\/\">FABIO PILLER COTTRER<\/a><br \/>\n<a href=\"https:\/\/www.fisifvg.org\/2020\/04\/04\/iosonofisifvg-karin-puntel\/\">KARIN PUNTEL<\/a><br \/>\n<a href=\"https:\/\/www.fisifvg.org\/2020\/04\/03\/iosonofisifvg-andrea-campregher\/\">ANDREA CAMPREGHER<\/a><br \/>\n<a href=\"https:\/\/www.fisifvg.org\/2020\/04\/01\/iosonofisifvg-paolo-ramicone\/\">PAOLO RAMICONE<\/a><br \/>\n<a href=\"https:\/\/www.fisifvg.org\/2020\/03\/31\/iosonofisifvg-mattia-piller-hoffer\/\">MATTIA PILLER HOFFER<\/a><br \/>\n<a href=\"https:\/\/www.fisifvg.org\/2020\/03\/30\/iosonofisifvg-aurora-morassi\/\">AURORA MORASSI<\/a><br \/>\n<a href=\"https:\/\/www.fisifvg.org\/2020\/03\/29\/iosonofisifvg-noelia-vuerich\/\">NOELIA VUERICH<\/a><br \/>\n<a href=\"https:\/\/www.fisifvg.org\/2020\/03\/28\/iosonofisifvg-cristiano-agostinis\/\">CRISTIANO AGOSTINIS<\/a><br \/>\n<a href=\"https:\/\/www.fisifvg.org\/2020\/03\/27\/iosonofisifvg-lorenzo-solero\/\">LORENZO SOLERO<\/a><br \/>\n<a href=\"https:\/\/www.fisifvg.org\/2020\/03\/26\/iosonofisifvg-luca-sclisizzo\/\">LUCA SCLISIZZO<\/a><br \/>\n<a href=\"https:\/\/www.fisifvg.org\/2020\/03\/25\/iosonofisifvg-erika-pinzani\/\">ERIKA PINZANI<\/a><br \/>\n<a href=\"https:\/\/www.fisifvg.org\/2020\/03\/23\/iosonofisifvg-caterina-sinigoi\/\">CATERINA SINIGOI<\/a><\/p>\n","protected":false},"excerpt":{"rendered":"<p>Oggi spazio alla scheda della biathleta della squadra di Comitato, tesserata con l&#8217;ASD Monte Coglians<\/p>\n","protected":false},"author":4,"featured_media":64242,"comment_status":"closed","ping_status":"closed","sticky":false,"template":"","format":"standard","meta":{"_acf_changed":false,"footnotes":""},"categories":[13,10],"tags":[],"acf":[],"_links":{"self":[{"href":"https:\/\/comitati.fisi.org\/friuli-venezia-giulia\/wp-json\/wp\/v2\/posts\/68646"}],"collection":[{"href":"https:\/\/comitati.fisi.org\/friuli-venezia-giulia\/wp-json\/wp\/v2\/posts"}],"about":[{"href":"https:\/\/comitati.fisi.org\/friuli-venezia-giulia\/wp-json\/wp\/v2\/types\/post"}],"author":[{"embeddable":true,"href":"https:\/\/comitati.fisi.org\/friuli-venezia-giulia\/wp-json\/wp\/v2\/users\/4"}],"replies":[{"embeddable":true,"href":"https:\/\/comitati.fisi.org\/friuli-venezia-giulia\/wp-json\/wp\/v2\/comments?post=68646"}],"version-history":[{"count":0,"href":"https:\/\/comitati.fisi.org\/friuli-venezia-giulia\/wp-json\/wp\/v2\/posts\/68646\/revisions"}],"wp:featuredmedia":[{"embeddable":true,"href":"https:\/\/comitati.fisi.org\/friuli-venezia-giulia\/wp-json\/wp\/v2\/media\/64242"}],"wp:attachment":[{"href":"https:\/\/comitati.fisi.org\/friuli-venezia-giulia\/wp-json\/wp\/v2\/media?parent=68646"}],"wp:term":[{"taxonomy":"category","embeddable":true,"href":"https:\/\/comitati.fisi.org\/friuli-venezia-giulia\/wp-json\/wp\/v2\/categories?post=68646"},{"taxonomy":"post_tag","embeddable":true,"href":"https:\/\/comitati.fisi.org\/friuli-venezia-giulia\/wp-json\/wp\/v2\/tags?post=68646"}],"curies":[{"name":"wp","href":"https:\/\/api.w.org\/{rel}","templated":true}]}}