{"id":68612,"date":"2020-04-05T12:51:35","date_gmt":"2020-04-05T10:51:35","guid":{"rendered":"https:\/\/www.fisifvg.org\/?p=68612"},"modified":"2020-04-05T12:51:35","modified_gmt":"2020-04-05T10:51:35","slug":"iosonofisifvg-fabio-piller-cottrer","status":"publish","type":"post","link":"https:\/\/comitati.fisi.org\/friuli-venezia-giulia\/blog\/2020\/04\/05\/iosonofisifvg-fabio-piller-cottrer\/","title":{"rendered":"#IoSonoFisiFvg \u2013 FABIO PILLER COTTRER"},"content":{"rendered":"<p>Nuovo appuntamento con la rubrica\u00a0<strong>#IoSonoFisiFvg,<\/strong>\u00a0che ci consente di conoscere meglio gli atleti del\u00a0<strong>Comitato FISI FVG.<br \/>\n<\/strong>Oggi protagonista \u00e8 <strong>FABIO PILLER COTTRER<\/strong>, squadra regionale di <strong>biathlon<\/strong>.<\/p>\n<p><span style=\"font-weight: 400\"><br \/>\n<\/span><span style=\"font-weight: 400\"><strong>Sci Club:<\/strong> Asd Camosci<\/span><span style=\"font-weight: 400\"><br \/>\n<\/span><span style=\"font-weight: 400\"><strong>Dove vivi?<\/strong> Sappada<\/span><span style=\"font-weight: 400\"><br \/>\n<\/span><span style=\"font-weight: 400\"><strong>A che et\u00e0 hai messo per la prima volta gli sci ai piedi?<\/strong> A 4 anni<br \/>\n<\/span><span style=\"font-weight: 400\"><strong>Ti \u00e8 piaciuto subito il biathlon?<\/strong> Dalla prima volta che ho provato a sparare<br \/>\n<\/span><\/p>\n<div id=\"attachment_62785\" style=\"width: 272px\" class=\"wp-caption alignright\"><a href=\"http:\/\/comitati.fisi.org\/friuli-venezia-giulia\/wp-content\/uploads\/sites\/34\/2019\/11\/BIATHLON-2020-Fabio-Piller-Cottrer2.jpg\"><img loading=\"lazy\" decoding=\"async\" aria-describedby=\"caption-attachment-62785\" class=\"wp-image-62785\" src=\"http:\/\/comitati.fisi.org\/friuli-venezia-giulia\/wp-content\/uploads\/sites\/34\/2019\/11\/BIATHLON-2020-Fabio-Piller-Cottrer2-400x400.jpg\" alt=\"\" width=\"262\" height=\"350\" \/><\/a><p id=\"caption-attachment-62785\" class=\"wp-caption-text\">Fabio Piller Cottrer<\/p><\/div>\n<p><span style=\"font-weight: 400\"><strong>Hai praticato altre discipline invernali? <\/strong>Discesa e snowboard<\/span><span style=\"font-weight: 400\"><br \/>\n<\/span><span style=\"font-weight: 400\"><strong>Ti ricordi la prima gara? <\/strong>A Sappada, ero completamente in ansia<\/span><span style=\"font-weight: 400\"><br \/>\n<\/span><span style=\"font-weight: 400\"><strong>Chi \u00e8 il tuo allenatore? <\/strong>L&#8217;allenatore che mi segue da quando ho iniziato a fare fondo \u00e8 Nicola Selenati; con lui mi trovo molto bene, perch\u00e9 sa farsi rispettare da noi ragazzi, ma allo stesso tempo \u00e8 sempre disponibile per un consiglio, ci sprona a dare sempre il nostro meglio. Lo ammiro perch\u00e9 con il tempo mi ha trasmesso molti valori. <\/span><span style=\"font-weight: 400\">Dall&#8217;estate 2019 ha iniziato a seguire la squadra del comitato Giuseppe Piller; Beppe \u00e8 un grande motivatore e sa sempre trovare la parola giusta, gi\u00e0 dai primi allenamenti ci ha fatto capire che avremmo lavorato duro per arrivare ai nostri obbiettivi e ci ha chiesto di dare sempre il massimo. <\/span><span style=\"font-weight: 400\">L\u2019allenatore di tiro \u00e8 Enrico Tach, con lui ho molta intesa e ho molta fiducia in quello che fa per noi, mi piace il suo metodo duro di allenarci<br \/>\n<\/span><span style=\"font-weight: 400\"><strong>Dove credi di dover migliorare?<\/strong> Al tiro<\/span><span style=\"font-weight: 400\"><br \/>\n<\/span><span style=\"font-weight: 400\"><strong>Qual \u00e8 l\u2019impianto pi\u00f9 bello nel quale hai gareggiato?<\/strong> Anterselva<\/span><span style=\"font-weight: 400\"><br \/>\n<\/span><span style=\"font-weight: 400\"><strong>E quello nel quale un giorno vorresti disputare una gara?<\/strong> Holmenkollen<\/span><span style=\"font-weight: 400\"><br \/>\n<\/span><span style=\"font-weight: 400\"><strong>La miglior gara della tua vita quando e dove \u00e8 stata? <\/strong>La mia prima vittoria in Coppa Italia in Val Martello la scorsa stagione.<br \/>\n<\/span><span style=\"font-weight: 400\"><strong>Chi \u00e8 l\u2019amico del cuore?<\/strong>\u00a0Mattia Piller Hoffer<\/span><span style=\"font-weight: 400\"><br \/>\n<\/span><span style=\"font-weight: 400\"><strong>Qual \u00e8 il tuo idolo, d\u2019infanzia e attuale?<\/strong> Mio padre Pietro e Lisa Vittozzi<\/span><span style=\"font-weight: 400\"><br \/>\n<\/span><span style=\"font-weight: 400\"><strong>\u00c8 possibile collimare scuola e sport?<\/strong> Con il giusto impegno s\u00ec<br \/>\n<\/span><span style=\"font-weight: 400\"><strong>Cos\u2019\u00e8 per te il biathlon?<\/strong> Uno sport di testa, che ti insegna a non mollare mai. Per me \u00e8 passione e divertimento.<br \/>\n<\/span><span style=\"font-weight: 400\"><strong>Nel futuro ti vedi atleta, allenatore o semplice appassionato?<\/strong> Atleta<\/span><span style=\"font-weight: 400\"><br \/>\n<\/span><\/p>\n<div id=\"attachment_68616\" style=\"width: 410px\" class=\"wp-caption alignleft\"><a href=\"http:\/\/comitati.fisi.org\/friuli-venezia-giulia\/wp-content\/uploads\/sites\/34\/2020\/04\/Tom-Brady.jpg\"><img loading=\"lazy\" decoding=\"async\" aria-describedby=\"caption-attachment-68616\" class=\"wp-image-68616\" src=\"http:\/\/comitati.fisi.org\/friuli-venezia-giulia\/wp-content\/uploads\/sites\/34\/2020\/04\/Tom-Brady-400x400.jpg\" alt=\"\" width=\"400\" height=\"225\" \/><\/a><p id=\"caption-attachment-68616\" class=\"wp-caption-text\">Tom Brady<\/p><\/div>\n<p><span style=\"font-weight: 400\"><strong>Il classico sogno nel cassetto? <\/strong>Un passo alla volta riuscire a fare un percorso che mi faccia raggiungere buoni livellim per poi arrivare ad Olimpiadi o Mondiali<\/span><span style=\"font-weight: 400\"><br \/>\n<\/span><span style=\"font-weight: 400\"><strong>Musica preferita?<\/strong> Rap<\/span><span style=\"font-weight: 400\"><br \/>\n<\/span><span style=\"font-weight: 400\"><strong>Film preferito?<\/strong> Warrior<\/span><span style=\"font-weight: 400\"><br \/>\n<\/span><span style=\"font-weight: 400\"><strong>Sport extrasci preferito?<\/strong> Football Americano\/ Basket\u00a0<\/span><span style=\"font-weight: 400\"><br \/>\n<\/span><span style=\"font-weight: 400\"><strong>Sportivo extrasci preferito?<\/strong> Tom Brady<\/span><span style=\"font-weight: 400\"><br \/>\n<\/span><span style=\"font-weight: 400\"><strong>Hai qualche hobby?<\/strong> Nessuno<\/span><span style=\"font-weight: 400\"><br \/>\n<\/span><span style=\"font-weight: 400\"><strong>Social preferito?<\/strong> Instagram<\/span><span style=\"font-weight: 400\"><br \/>\n<\/span><span style=\"font-weight: 400\"><strong>Il luogo pi\u00f9 bello che hai visitato<\/strong>: Trondheim, in Norvegia<\/span><span style=\"font-weight: 400\"><br \/>\n<\/span><span style=\"font-weight: 400\"><strong>Vorresti fare una vacanza a:<\/strong> sempre in Norvegia<\/span><\/p>\n<p>&nbsp;<\/p>\n<p><strong>LEGGI LE ALTRE SCHEDE<\/strong><\/p>\n<p><a href=\"https:\/\/www.fisifvg.org\/2020\/04\/04\/iosonofisifvg-karin-puntel\/\">KARIN PUNTEL<\/a><br \/>\n<a href=\"https:\/\/www.fisifvg.org\/2020\/04\/03\/iosonofisifvg-andrea-campregher\/\">ANDREA CAMPREGHER<\/a><br \/>\n<a href=\"https:\/\/www.fisifvg.org\/2020\/04\/01\/iosonofisifvg-paolo-ramicone\/\">PAOLO RAMICONE<\/a><br \/>\n<a href=\"https:\/\/www.fisifvg.org\/2020\/03\/31\/iosonofisifvg-mattia-piller-hoffer\/\">MATTIA PILLER HOFFER<\/a><br \/>\n<a href=\"https:\/\/www.fisifvg.org\/2020\/03\/30\/iosonofisifvg-aurora-morassi\/\">AURORA MORASSI<\/a><br \/>\n<a href=\"https:\/\/www.fisifvg.org\/2020\/03\/29\/iosonofisifvg-noelia-vuerich\/\">NOELIA VUERICH<\/a><br \/>\n<a href=\"https:\/\/www.fisifvg.org\/2020\/03\/28\/iosonofisifvg-cristiano-agostinis\/\">CRISTIANO AGOSTINIS<\/a><br \/>\n<a href=\"https:\/\/www.fisifvg.org\/2020\/03\/27\/iosonofisifvg-lorenzo-solero\/\">LORENZO SOLERO<\/a><br \/>\n<a href=\"https:\/\/www.fisifvg.org\/2020\/03\/26\/iosonofisifvg-luca-sclisizzo\/\">LUCA SCLISIZZO<\/a><br \/>\n<a href=\"https:\/\/www.fisifvg.org\/2020\/03\/25\/iosonofisifvg-erika-pinzani\/\">ERIKA PINZANI<\/a><br \/>\n<a href=\"https:\/\/www.fisifvg.org\/2020\/03\/23\/iosonofisifvg-caterina-sinigoi\/\">CATERINA SINIGOI<\/a><\/p>\n","protected":false},"excerpt":{"rendered":"<p>Protagonista odierno della nostra rubrica \u00e8 il biathleta della squadra di Comitato e dei Camosci<\/p>\n","protected":false},"author":4,"featured_media":64923,"comment_status":"closed","ping_status":"closed","sticky":false,"template":"","format":"standard","meta":{"_acf_changed":false,"footnotes":""},"categories":[13,10],"tags":[],"acf":[],"_links":{"self":[{"href":"https:\/\/comitati.fisi.org\/friuli-venezia-giulia\/wp-json\/wp\/v2\/posts\/68612"}],"collection":[{"href":"https:\/\/comitati.fisi.org\/friuli-venezia-giulia\/wp-json\/wp\/v2\/posts"}],"about":[{"href":"https:\/\/comitati.fisi.org\/friuli-venezia-giulia\/wp-json\/wp\/v2\/types\/post"}],"author":[{"embeddable":true,"href":"https:\/\/comitati.fisi.org\/friuli-venezia-giulia\/wp-json\/wp\/v2\/users\/4"}],"replies":[{"embeddable":true,"href":"https:\/\/comitati.fisi.org\/friuli-venezia-giulia\/wp-json\/wp\/v2\/comments?post=68612"}],"version-history":[{"count":0,"href":"https:\/\/comitati.fisi.org\/friuli-venezia-giulia\/wp-json\/wp\/v2\/posts\/68612\/revisions"}],"wp:featuredmedia":[{"embeddable":true,"href":"https:\/\/comitati.fisi.org\/friuli-venezia-giulia\/wp-json\/wp\/v2\/media\/64923"}],"wp:attachment":[{"href":"https:\/\/comitati.fisi.org\/friuli-venezia-giulia\/wp-json\/wp\/v2\/media?parent=68612"}],"wp:term":[{"taxonomy":"category","embeddable":true,"href":"https:\/\/comitati.fisi.org\/friuli-venezia-giulia\/wp-json\/wp\/v2\/categories?post=68612"},{"taxonomy":"post_tag","embeddable":true,"href":"https:\/\/comitati.fisi.org\/friuli-venezia-giulia\/wp-json\/wp\/v2\/tags?post=68612"}],"curies":[{"name":"wp","href":"https:\/\/api.w.org\/{rel}","templated":true}]}}