{"id":68608,"date":"2020-04-05T10:16:20","date_gmt":"2020-04-05T08:16:20","guid":{"rendered":"https:\/\/www.fisifvg.org\/?p=68608"},"modified":"2020-04-05T10:16:20","modified_gmt":"2020-04-05T08:16:20","slug":"ai-giochi-special-olympics-lesempio-del-paluzzano-daniel-silverio","status":"publish","type":"post","link":"https:\/\/comitati.fisi.org\/friuli-venezia-giulia\/blog\/2020\/04\/05\/ai-giochi-special-olympics-lesempio-del-paluzzano-daniel-silverio\/","title":{"rendered":"Ai Giochi Special Olympics l&#8217;esempio del paluzzano Daniel Silverio"},"content":{"rendered":"<p class=\"ox-e113a531f1-MsoNormal\">In questo triste periodo di emergenza sanitaria, apriamo una bella finestra di vita e speranza.<\/p>\n<p class=\"ox-e113a531f1-MsoNormal\"><b>Daniel Silverio<\/b>, un ragazzo di Paluzza di 32 anni, ha partecipato a febbraio a Sappada agli Special Olympics \u2013 Giochi Nazionali Invernali 2020, dedicati alle persone con disabilit\u00e0, nella disciplina dello sci di fondo.<\/p>\n<p class=\"ox-e113a531f1-MsoNormal\">La preparazione di questa gara \u00e8 stata molto impegnativa. Durante tutto l\u2019inverno Daniel si \u00e8 allenato duramente in palestra e sugli sci.\u00a0\u00c8 stata un\u2019esperienza molto positiva, che gli ha permesso di vincere diverse medaglie e di conoscere tante nuove persone.\u00a0Questo ragazzo, grazie alla sua perseveranza e volont\u00e0, ha saputo intraprendere nuove avventure e questo deve essere d\u2019esempio per tutti noi.\u00a0Daniel viene allenato dal pap\u00e0 Gian Carlo Silverio, che si occupa anche del Team Giovani dell\u2019Aldo Moro Paluzza.<\/p>\n<p class=\"ox-e113a531f1-MsoNormal\">Dopo queste gare Daniel \u00e8 pi\u00f9 forte di prima e continuer\u00e0 a provarci anche nel prossimo futuro.<\/p>\n<p><em><strong>(nella foto Daniel \u00e8 al centro con il berretto arancio)<\/strong><\/em><\/p>\n","protected":false},"excerpt":{"rendered":"<p>Il suo allenatore \u00e8 pap\u00e0 Gian Carlo, che si occupa anche del Team Giovani dell\u2019Aldo Moro<\/p>\n","protected":false},"author":4,"featured_media":68609,"comment_status":"closed","ping_status":"closed","sticky":false,"template":"","format":"standard","meta":{"_acf_changed":false,"footnotes":""},"categories":[10,11],"tags":[],"acf":[],"_links":{"self":[{"href":"https:\/\/comitati.fisi.org\/friuli-venezia-giulia\/wp-json\/wp\/v2\/posts\/68608"}],"collection":[{"href":"https:\/\/comitati.fisi.org\/friuli-venezia-giulia\/wp-json\/wp\/v2\/posts"}],"about":[{"href":"https:\/\/comitati.fisi.org\/friuli-venezia-giulia\/wp-json\/wp\/v2\/types\/post"}],"author":[{"embeddable":true,"href":"https:\/\/comitati.fisi.org\/friuli-venezia-giulia\/wp-json\/wp\/v2\/users\/4"}],"replies":[{"embeddable":true,"href":"https:\/\/comitati.fisi.org\/friuli-venezia-giulia\/wp-json\/wp\/v2\/comments?post=68608"}],"version-history":[{"count":0,"href":"https:\/\/comitati.fisi.org\/friuli-venezia-giulia\/wp-json\/wp\/v2\/posts\/68608\/revisions"}],"wp:featuredmedia":[{"embeddable":true,"href":"https:\/\/comitati.fisi.org\/friuli-venezia-giulia\/wp-json\/wp\/v2\/media\/68609"}],"wp:attachment":[{"href":"https:\/\/comitati.fisi.org\/friuli-venezia-giulia\/wp-json\/wp\/v2\/media?parent=68608"}],"wp:term":[{"taxonomy":"category","embeddable":true,"href":"https:\/\/comitati.fisi.org\/friuli-venezia-giulia\/wp-json\/wp\/v2\/categories?post=68608"},{"taxonomy":"post_tag","embeddable":true,"href":"https:\/\/comitati.fisi.org\/friuli-venezia-giulia\/wp-json\/wp\/v2\/tags?post=68608"}],"curies":[{"name":"wp","href":"https:\/\/api.w.org\/{rel}","templated":true}]}}