{"id":68576,"date":"2020-04-03T09:48:01","date_gmt":"2020-04-03T07:48:01","guid":{"rendered":"https:\/\/www.fisifvg.org\/?p=68576"},"modified":"2020-04-03T09:48:01","modified_gmt":"2020-04-03T07:48:01","slug":"iosonofisifvg-andrea-campregher","status":"publish","type":"post","link":"https:\/\/comitati.fisi.org\/friuli-venezia-giulia\/blog\/2020\/04\/03\/iosonofisifvg-andrea-campregher\/","title":{"rendered":"#IoSonoFisiFvg \u2013 ANDREA CAMPREGHER"},"content":{"rendered":"<p>Nuovo appuntamento con la rubrica\u00a0<strong>#IoSonoFisiFvg,<\/strong>\u00a0che ci consente di conoscere meglio gli atleti del\u00a0<strong>Comitato FISI FVG.<br \/>\n<\/strong>Oggi protagonista \u00e8 <strong>ANDREA CAMPREGHER<\/strong>, squadra regionale di <strong>salto con gli sci<\/strong>.<br \/>\n<span style=\"color: #ffffff\">.<br \/>\n<\/span><br \/>\n<span style=\"font-weight: 400\"><strong>Sci Club<\/strong>: Bachmann Sport College<br \/>\n<\/span><b>Dove vivi? <\/b><span style=\"font-weight: 400\">Ho la residenza a San Giorgio in Bosco, nel Padovano, ma praticamente la maggior parte dell\u2019anno vivo<\/span><span style=\"font-weight: 400\"> a Tarvisio, una cittadina che ho imparato ad apprezzare e che mi piace molto<\/span><span style=\"font-weight: 400\"><br \/>\n<\/span><b>A che et\u00e0 hai messo per la prima volta gli sci ai piedi? <\/b><span style=\"font-weight: 400\">All&#8217;et\u00e0 di 7\u00a0<\/span><span style=\"font-weight: 400\">anni, quando ho iniziato a fare discesa. Gli sci da salto li ho messi la prima volta a 13 anni.<br \/>\n<\/span><b>Ti piaciuto subito?<\/b> N<span style=\"font-weight: 400\">o, ho iniziato principalmente per dimostrare a <\/span><span style=\"font-weight: 400\">mio cugino che ero pi\u00f9 bravo, solo in seguito mi\u00a0 sono appassionato<\/span><span style=\"font-weight: 400\"><br \/>\n<\/span><b><\/b><\/p>\n<div id=\"attachment_68581\" style=\"width: 277px\" class=\"wp-caption alignleft\"><a href=\"http:\/\/comitati.fisi.org\/friuli-venezia-giulia\/wp-content\/uploads\/sites\/34\/2020\/04\/Domen-Prevc.jpg\"><img loading=\"lazy\" decoding=\"async\" aria-describedby=\"caption-attachment-68581\" class=\"wp-image-68581\" src=\"http:\/\/comitati.fisi.org\/friuli-venezia-giulia\/wp-content\/uploads\/sites\/34\/2020\/04\/Domen-Prevc-400x400.jpg\" alt=\"\" width=\"267\" height=\"401\" \/><\/a><p id=\"caption-attachment-68581\" class=\"wp-caption-text\">Domen Prevc<\/p><\/div>\n<p><b>Hai praticato altre discipline invernali? <\/b>Come dettom <span style=\"font-weight: 400\">ho iniziato a sciare da piccolo praticando discesa, poi sono\u00a0<\/span><span style=\"font-weight: 400\">passato alla combinata nordica, quindi al salto<\/span><span style=\"font-weight: 400\"><br \/>\n<\/span><b>Ti ricordi la prima gara? <\/b>I<span style=\"font-weight: 400\"> campionati studenteschi estivi a Villach. Ero emozionatissimo e non sapevo cosa fare, mi ricordo che avevo talmente paura di non riuscire a saltare che mi ero messo la tuta (oltre al pettorale) in box e l\u2019ho tenuta addosso sotto il sole, anche se mancavano 20 minuti all\u2019 inizio, per paura di non essere pronto in tempo<br \/>\n<\/span><b>Chi \u00e8 il tuo allenatore? <\/b>Sono due, <span style=\"font-weight: 400\">Roberto Cecon e Zeno di Lenardo<br \/>\n<\/span><b>Dove credi di dover migliorare? <\/b><span style=\"font-weight: 400\">Sicuramente dal punto di vista tecnico, ma anche da quello\u00a0<\/span><span style=\"font-weight: 400\">mentale<\/span><span style=\"font-weight: 400\"><br \/>\n<\/span><b>Qual \u00e8 il trampolino pi\u00f9 bello nel quale hai gareggiato? <\/b><span style=\"font-weight: 400\">Probabilmente a Oberstdorf, in Germania, anche se purtroppo non sono riuscito a trovare dei salti buoni in gara. \u00c8 stato emozionante saltare da un trampolino di quelle dimensioni<br \/>\n<\/span><b>E quello dal quale un giorno vorresti saltare? <\/b><span style=\"font-weight: 400\">Sicuramente il mio sogno \u00e8 fare un bel salto dal\u00a0<\/span><span style=\"font-weight: 400\">trampolino di volo a Planica<\/span><span style=\"font-weight: 400\"><br \/>\n<\/span><b>La miglior gara della tua vita quando e dove \u00e8 stata? <\/b><span style=\"font-weight: 400\">A livello nazionale sicuramente i campionati\u00a0<\/span><span style=\"font-weight: 400\">italiani a Predazzo, a livello internazionale nella team dei giochi OPA a Planica<\/span><span style=\"font-weight: 400\"><br \/>\n<\/span><b>Chi \u00e8 l\u2019amico del cuore? <\/b><span style=\"font-weight: 400\">Certamente Francesco\u00a0<\/span><span style=\"font-weight: 400\">Cecon, ci sentiamo di fatto ogni giorno anche al di fuori dell\u2019allenamento.<br \/>\n<\/span><b>Qual \u00e8 il tuo idolo, d\u2019infanzia e\/o attuale? <\/b><span style=\"font-weight: 400\">Domen Prevc: adoro la sua <\/span><span style=\"font-weight: 400\">personalit\u00e0, la sua determinazione e il fatto che \u00e8 totalmente concentrato solo sul salto<\/span><span style=\"font-weight: 400\"><br \/>\n<\/span><b>\u00c8 possibile collimare scuola e sport? <\/b><span style=\"font-weight: 400\">Tutto \u00e8 possibile se i professori collaborano <\/span><span style=\"font-weight: 400\"><br \/>\n<\/span><b>Cos\u2019\u00e8 per te il salto? <\/b><span style=\"font-weight: 400\">Una ragione di vita, \u00e8 il mio primo pensiero quando mi alzo e <\/span><span style=\"font-weight: 400\">l\u2019ultimo quando vado a dormire, \u00e8 il motivo per cui sono felice o sono triste durante il giorno ed \u00e8 soprattutto la mia pi\u00f9 grande motivazione. Ogni giorno \u00e8 un nuovo giorno per migliorare e ogni giorno senza salto \u00e8 un giorno vuoto<br \/>\n<\/span><b>Nel futuro ti vedi atleta, allenatore o semplice appassionato? <\/b><span style=\"font-weight: 400\">Sicuramente il mio obiettivo \u00e8 quello di puntare a diventare un atleta professionista, ma anche se non ce la far\u00f2, continuer\u00f2 a saltare come appassionato<br \/>\n<\/span><b>Il classico sogno nel cassetto? <\/b><span style=\"font-weight: 400\">Non ce n&#8217;\u00e8 uno in particolare, ma sicuramente vorrei fare un salto lungo nei trampolini di volo<br \/>\n<\/span><b><\/b><\/p>\n<div id=\"attachment_68582\" style=\"width: 228px\" class=\"wp-caption alignright\"><a href=\"http:\/\/comitati.fisi.org\/friuli-venezia-giulia\/wp-content\/uploads\/sites\/34\/2020\/04\/The-Rock.jpg\"><img loading=\"lazy\" decoding=\"async\" aria-describedby=\"caption-attachment-68582\" class=\"wp-image-68582\" src=\"http:\/\/comitati.fisi.org\/friuli-venezia-giulia\/wp-content\/uploads\/sites\/34\/2020\/04\/The-Rock-400x400.jpg\" alt=\"\" width=\"218\" height=\"300\" \/><\/a><p id=\"caption-attachment-68582\" class=\"wp-caption-text\">The Rock<\/p><\/div>\n<p><b>Musica preferita? <\/b><span style=\"font-weight: 400\">Mi piace un p\u00f2 tutto<br \/>\n<\/span><b>Cantante\/gruppo preferito? <\/b>Anche in questo caso non c&#8217;\u00e8 un artista preferito. U<span style=\"font-weight: 400\">ltimamente per esempio ascolto The <\/span><span style=\"font-weight: 400\">Weekend, G-Eazy, Shiva, i Sierra e molti altri<\/span><span style=\"font-weight: 400\"><br \/>\n<\/span><b>Film preferito? <\/b><span style=\"font-weight: 400\">Sicuramente &#8220;Mr. Nobody&#8221;<br \/>\n<\/span><b>Attore preferito? <\/b>Dwayne Johnson<b> &#8220;<\/b><span style=\"font-weight: 400\">The Rock&#8221;<br \/>\n<\/span><b>Sport extrasci preferito? <\/b><span style=\"font-weight: 400\">Pallavolo<br \/>\n<\/span><b>Sportivo extrasci preferito? <\/b><span style=\"font-weight: 400\">Arnold Schwarzenegger<br \/>\n<\/span><b>Hai qualche hobby? <\/b><span style=\"font-weight: 400\">Adoro giocare a pallavolo, andare con i rollerblade e d\u2019estate il cliff <\/span><span style=\"font-weight: 400\">jump<\/span><span style=\"font-weight: 400\"><br \/>\n<\/span><b>Social preferito? <\/b><span style=\"font-weight: 400\">Instagram<br \/>\n<\/span><b>Il luogo pi\u00f9 bello che hai visitato? <\/b><span style=\"font-weight: 400\">probabilmente la Germania, i<\/span><span style=\"font-weight: 400\">l paesaggio \u00e8 spettacolare<\/span><\/p>\n<p>&nbsp;<\/p>\n<p><strong>LEGGI LE ALTRE SCHEDE<\/strong><\/p>\n<p><a href=\"https:\/\/www.fisifvg.org\/2020\/04\/01\/iosonofisifvg-paolo-ramicone\/\">PAOLO RAMICONE<\/a><br \/>\n<a href=\"https:\/\/www.fisifvg.org\/2020\/03\/31\/iosonofisifvg-mattia-piller-hoffer\/\">MATTIA PILLER HOFFER<\/a><br \/>\n<a href=\"https:\/\/www.fisifvg.org\/2020\/03\/30\/iosonofisifvg-aurora-morassi\/\">AURORA MORASSI<\/a><br \/>\n<a href=\"https:\/\/www.fisifvg.org\/2020\/03\/29\/iosonofisifvg-noelia-vuerich\/\">NOELIA VUERICH<\/a><br \/>\n<a href=\"https:\/\/www.fisifvg.org\/2020\/03\/28\/iosonofisifvg-cristiano-agostinis\/\">CRISTIANO AGOSTINIS<\/a><br \/>\n<a href=\"https:\/\/www.fisifvg.org\/2020\/03\/27\/iosonofisifvg-lorenzo-solero\/\">LORENZO SOLERO<\/a><br \/>\n<a href=\"https:\/\/www.fisifvg.org\/2020\/03\/26\/iosonofisifvg-luca-sclisizzo\/\">LUCA SCLISIZZO<\/a><br \/>\n<a href=\"https:\/\/www.fisifvg.org\/2020\/03\/25\/iosonofisifvg-erika-pinzani\/\">ERIKA PINZANI<\/a><br \/>\n<a href=\"https:\/\/www.fisifvg.org\/2020\/03\/23\/iosonofisifvg-caterina-sinigoi\/\">CATERINA SINIGOI<\/a><\/p>\n","protected":false},"excerpt":{"rendered":"<p>Oggi protagonista della nostra rubrica \u00e8 il bachmaniano della squadra regionale di salto<\/p>\n","protected":false},"author":4,"featured_media":62007,"comment_status":"closed","ping_status":"closed","sticky":false,"template":"","format":"standard","meta":{"_acf_changed":false,"footnotes":""},"categories":[10,12],"tags":[],"acf":[],"_links":{"self":[{"href":"https:\/\/comitati.fisi.org\/friuli-venezia-giulia\/wp-json\/wp\/v2\/posts\/68576"}],"collection":[{"href":"https:\/\/comitati.fisi.org\/friuli-venezia-giulia\/wp-json\/wp\/v2\/posts"}],"about":[{"href":"https:\/\/comitati.fisi.org\/friuli-venezia-giulia\/wp-json\/wp\/v2\/types\/post"}],"author":[{"embeddable":true,"href":"https:\/\/comitati.fisi.org\/friuli-venezia-giulia\/wp-json\/wp\/v2\/users\/4"}],"replies":[{"embeddable":true,"href":"https:\/\/comitati.fisi.org\/friuli-venezia-giulia\/wp-json\/wp\/v2\/comments?post=68576"}],"version-history":[{"count":0,"href":"https:\/\/comitati.fisi.org\/friuli-venezia-giulia\/wp-json\/wp\/v2\/posts\/68576\/revisions"}],"wp:featuredmedia":[{"embeddable":true,"href":"https:\/\/comitati.fisi.org\/friuli-venezia-giulia\/wp-json\/wp\/v2\/media\/62007"}],"wp:attachment":[{"href":"https:\/\/comitati.fisi.org\/friuli-venezia-giulia\/wp-json\/wp\/v2\/media?parent=68576"}],"wp:term":[{"taxonomy":"category","embeddable":true,"href":"https:\/\/comitati.fisi.org\/friuli-venezia-giulia\/wp-json\/wp\/v2\/categories?post=68576"},{"taxonomy":"post_tag","embeddable":true,"href":"https:\/\/comitati.fisi.org\/friuli-venezia-giulia\/wp-json\/wp\/v2\/tags?post=68576"}],"curies":[{"name":"wp","href":"https:\/\/api.w.org\/{rel}","templated":true}]}}