{"id":68565,"date":"2020-03-31T16:58:45","date_gmt":"2020-03-31T14:58:45","guid":{"rendered":"https:\/\/www.fisifvg.org\/?p=68565"},"modified":"2020-03-31T16:58:45","modified_gmt":"2020-03-31T14:58:45","slug":"emanuele-buzzi-traccia-il-bilancio-della-sua-stagione","status":"publish","type":"post","link":"https:\/\/comitati.fisi.org\/friuli-venezia-giulia\/blog\/2020\/03\/31\/emanuele-buzzi-traccia-il-bilancio-della-sua-stagione\/","title":{"rendered":"Emanuele Buzzi traccia il bilancio della sua stagione"},"content":{"rendered":"<p><em>Proponiamo quanto pubblicato sul suo sito da<strong> Emanuele Buzzi.<\/p>\n<p><\/strong><\/em><\/p>\n<p>A distanza di poco meno di un mese dall\u2019ultima gara della stagione 2019-2020, eccomi qui a tracciare un bilancio di questa annata. La prima parole che mi viene in mente per sintetizzare l\u2019inverno \u00e8\u00a0<strong>strano<\/strong>. Strano perch\u00e9 mai decollato realmente: il meteo avverso ha fatto cambiare i programmi in diverse occasioni, l\u2019emergenza Covid-19 l\u2019ha fatto finire presto, \u201ccancellando\u201d l\u2019atteso appuntamento, sopratutto per noi italiani, delle finali di Cortina. Altro aggettivo per dipingere i mesi scorsi \u00e8\u00a0<strong>altalenante<\/strong>: la mia \u00e8 stata una stagione di alti e bassi, come del resto era da aspettarsi dopo il lungo stop dovuto all\u2019infortunio di Wengen a gennaio 2019. Altalenante ma anche positiva, ecco il terzo aggettivo per l\u2019annata 2019-2020. S\u00ec, \u00e8 stata una stagione\u00a0<strong>positiva<\/strong>, la mia miglior stagione in Coppa del mondo. Ho fatto due top 10 (9. posto nel superG di Hinterstoder \u2013 Austria, mai cos\u00ec bene in carriera in questa specialit\u00e0, e 10.mo nella discesa di Garmisch, Germania) e cinque top 15. E in alcune gare a tratti ho sciato al livello dei migliori al mondo. Alla fine ho chiuso 19.mo nella classifica di SuperG, 33.mo nella classifica di discesa, 62.mo in quella generale.<\/p>\n<p><a href=\"http:\/\/comitati.fisi.org\/friuli-venezia-giulia\/wp-content\/uploads\/sites\/34\/2020\/02\/ALPINO-2020-Emanuele-Buzzi2.jpg\"><img loading=\"lazy\" decoding=\"async\" class=\"alignright wp-image-66767\" src=\"http:\/\/comitati.fisi.org\/friuli-venezia-giulia\/wp-content\/uploads\/sites\/34\/2020\/02\/ALPINO-2020-Emanuele-Buzzi2-400x400.jpg\" alt=\"\" width=\"400\" height=\"205\" \/><\/a><\/p>\n<p>La gara che mi dato\u00a0<strong>la soddisfazione pi\u00f9 grande<\/strong>\u00a0\u00e8 stata senza dubbio quella di Garmisch. La prestazione in terra tedesca mi ha fatto tornare la consapevolezza che posso giocarmela con i pi\u00f9 forti al mondo. A 10\u201d dalla fine ero quarto, a 3 centesimi dal primo. Ho sciato come volevo fare da tempo e come fino ad allora non ero riuscito a fare.<\/p>\n<p><strong>Il momento peggiore<\/strong>\u00a0della stagione \u00e8 stato Wengen. Ci tenevo molto a fare bene sulla Lauberhorn, avevo voglia di prendermi la rivincita contro la malasorte dello scorso anno. Invece la mia gara \u00e8 finita dopo appena due porte: ho spigolato e solo per miracolo sono rimasto in piedi. Al traguardo, ho perso esattamente 50 posizioni rispetto alla gara della scorsa stagione. Giornata da dimenticare, decisamente. Accanto a questa delusione, tra i momenti negativi devo inserire anche tante gare buttate, occasioni perse che mi hanno fatto finire fuori dai trenta nella graduatoria di discesa e fuori dai quindici in quella di superG. Finire nella top 15 della classifica finale di superG sarebbe stato una bella cosa.<\/p>\n<p><a href=\"http:\/\/comitati.fisi.org\/friuli-venezia-giulia\/wp-content\/uploads\/sites\/34\/2020\/02\/ALPINO-2020-Emanuele-Buzzi2-2.jpg\"><img loading=\"lazy\" decoding=\"async\" class=\"alignleft wp-image-66931\" src=\"http:\/\/comitati.fisi.org\/friuli-venezia-giulia\/wp-content\/uploads\/sites\/34\/2020\/02\/ALPINO-2020-Emanuele-Buzzi2-2-400x400.jpg\" alt=\"\" width=\"400\" height=\"205\" \/><\/a>Al di l\u00e0 dei risultati,\u00a0<strong>tecnicamente<\/strong>\u00a0mi sono piaciuto: la mia sciata in questa stagione \u00e8 migliorata e la strada \u00e8 quella giusta per acquisire sempre maggiore sicurezza. Un aspetto che mi ha penalizzato \u00e8 stato il meteo: in diverse gare abbiamo gareggiato con il brutto tempo o comunque in condizioni di visibilit\u00e0 non ottimali e questo \u00e8 un fattore che ho patito. Dovr\u00f2 lavorare per migliorare questo aspetto e per dare continuit\u00e0 ai momenti buoni di una stessa gara.<\/p>\n<p>Ora, sto vivendo come tutti un periodo di sospensione. Mi riposo e mi tengo in forma, per quanto possibile, con esercizi a corpo libero e qualche peso. In attesa di avere certezze su quando e come si potr\u00e0 tornare alla\u00a0<strong>normalit\u00e0<\/strong>. E con animo grato nei confronti di chi, penso soprattutto al personale sanitario, sta operando per arginare l\u2019emergenza coronavirus.<\/p>\n<p>La mente intanto corre gi\u00e0 alla prossima stagione. Per l\u2019inverno 2020-2021 voglio essere pi\u00f9 competitivo, voglio avvicinarmi agli atleti top. E trovare, almeno una volta \u2013 ma non mettiamo limiti alla Provvidenza! \u2013 la\u00a0<strong>gara perfetta<\/strong>.<\/p>\n","protected":false},"excerpt":{"rendered":"<p>&#8220;La prima parole che mi viene in mente per sintetizzare l\u2019inverno \u00e8\u00a0strano&#8221;, scrive il carabiniere di Sappada<\/p>\n","protected":false},"author":4,"featured_media":68258,"comment_status":"closed","ping_status":"closed","sticky":false,"template":"","format":"standard","meta":{"_acf_changed":false,"footnotes":""},"categories":[15],"tags":[],"acf":[],"_links":{"self":[{"href":"https:\/\/comitati.fisi.org\/friuli-venezia-giulia\/wp-json\/wp\/v2\/posts\/68565"}],"collection":[{"href":"https:\/\/comitati.fisi.org\/friuli-venezia-giulia\/wp-json\/wp\/v2\/posts"}],"about":[{"href":"https:\/\/comitati.fisi.org\/friuli-venezia-giulia\/wp-json\/wp\/v2\/types\/post"}],"author":[{"embeddable":true,"href":"https:\/\/comitati.fisi.org\/friuli-venezia-giulia\/wp-json\/wp\/v2\/users\/4"}],"replies":[{"embeddable":true,"href":"https:\/\/comitati.fisi.org\/friuli-venezia-giulia\/wp-json\/wp\/v2\/comments?post=68565"}],"version-history":[{"count":0,"href":"https:\/\/comitati.fisi.org\/friuli-venezia-giulia\/wp-json\/wp\/v2\/posts\/68565\/revisions"}],"wp:featuredmedia":[{"embeddable":true,"href":"https:\/\/comitati.fisi.org\/friuli-venezia-giulia\/wp-json\/wp\/v2\/media\/68258"}],"wp:attachment":[{"href":"https:\/\/comitati.fisi.org\/friuli-venezia-giulia\/wp-json\/wp\/v2\/media?parent=68565"}],"wp:term":[{"taxonomy":"category","embeddable":true,"href":"https:\/\/comitati.fisi.org\/friuli-venezia-giulia\/wp-json\/wp\/v2\/categories?post=68565"},{"taxonomy":"post_tag","embeddable":true,"href":"https:\/\/comitati.fisi.org\/friuli-venezia-giulia\/wp-json\/wp\/v2\/tags?post=68565"}],"curies":[{"name":"wp","href":"https:\/\/api.w.org\/{rel}","templated":true}]}}