{"id":68508,"date":"2020-03-28T12:46:44","date_gmt":"2020-03-28T11:46:44","guid":{"rendered":"https:\/\/www.fisifvg.org\/?p=68508"},"modified":"2020-03-28T12:46:44","modified_gmt":"2020-03-28T11:46:44","slug":"iosonofisifvg-cristiano-agostinis","status":"publish","type":"post","link":"https:\/\/comitati.fisi.org\/friuli-venezia-giulia\/blog\/2020\/03\/28\/iosonofisifvg-cristiano-agostinis\/","title":{"rendered":"#IoSonoFisiFvg \u2013 CRISTIANO AGOSTINIS"},"content":{"rendered":"<p><span style=\"font-size: 1rem\">Nuovo appuntamento con la rubrica <\/span><strong style=\"font-size: 1rem\">#IoSonoFisiFvg,<\/strong><span style=\"font-size: 1rem\">\u00a0che ci consente di conoscere meglio gli atleti del\u00a0<\/span><strong style=\"font-size: 1rem\">Comitato FISI FVG.<br \/>\n<\/strong><span style=\"font-size: 1rem\">Oggi protagonista \u00e8 <\/span><strong style=\"font-size: 1rem\">CRISTIANO AGOSTINIS<\/strong><span style=\"font-size: 1rem\">, squadra regionale di <\/span><strong style=\"font-size: 1rem\">sci alpino.<br \/>\n<span style=\"color: #ffffff\">.<\/span><\/strong><\/p>\n<p><span style=\"font-weight: 400\"><strong>Sci Club<\/strong>: Monte Dauda<br \/>\n<\/span><span style=\"font-weight: 400\"><strong>Dove vivi?<\/strong> Zuglio<br \/>\n<\/span><span style=\"font-weight: 400\"><strong>A che et\u00e0 hai messo per la prima volta gli sci ai piedi?<\/strong> A 2 anni<br \/>\n<\/span><span style=\"font-weight: 400\"><strong>Ti \u00e8 piaciuto subito?<\/strong> S\u00ec<br \/>\n<\/span><\/p>\n<div id=\"attachment_68514\" style=\"width: 410px\" class=\"wp-caption alignleft\"><a href=\"http:\/\/comitati.fisi.org\/friuli-venezia-giulia\/wp-content\/uploads\/sites\/34\/2020\/03\/Marcel-Hirscher.jpg\"><img loading=\"lazy\" decoding=\"async\" aria-describedby=\"caption-attachment-68514\" class=\"wp-image-68514\" src=\"http:\/\/comitati.fisi.org\/friuli-venezia-giulia\/wp-content\/uploads\/sites\/34\/2020\/03\/Marcel-Hirscher-400x400.jpg\" alt=\"\" width=\"400\" height=\"267\" \/><\/a><p id=\"caption-attachment-68514\" class=\"wp-caption-text\">Marcel Hirscher<\/p><\/div>\n<p><span style=\"font-weight: 400\"><strong>Hai praticato altre discipline invernali?<\/strong> No<br \/>\n<\/span><span style=\"font-weight: 400\"><strong>Ti ricordi la prima gara?<\/strong> Era il Trofeo Biberon, ma non ricordo quasi nulla di quella giornata<br \/>\n<\/span><span style=\"font-weight: 400\"><strong>Chi \u00e8 il tuo allenatore?<\/strong> Gianluca Billiani, un ottimo dimostratore, tecnicamente preparato e pieno di passione, che \u00e8 riuscito a trasmettere a noi ragazzi. Lui \u00e8 capace di passare dalla figura di allenatore serio nel momento in cui c&#8217;\u00e8 da lavorare, a quella solare, divertente e scherzosa di un compagno<br \/>\n<\/span><span style=\"font-weight: 400\"><strong>Dove credi di dover migliorare?<\/strong> Nella preparazione atletica prima di tutto<br \/>\n<\/span><span style=\"font-weight: 400\"><strong>Qual \u00e8 la pista pi\u00f9 bella nella quale hai gareggiato?<\/strong> A Folgaria<br \/>\n<\/span><span style=\"font-weight: 400\"><strong>E quella dove un giorno vorresti correre?<\/strong> A Schladming<br \/>\n<\/span><span style=\"font-weight: 400\"><strong>La miglior gara della tua vita quando e dove \u00e8 stata?<\/strong> Purtroppo nelle occasioni importanti mi sono mancate le due manche<br \/>\n<\/span><span style=\"font-weight: 400\"><strong>Chi \u00e8 l\u2019amico del cuore?<\/strong> Non ce n&#8217;\u00e8 uno in particolare, pi\u00f9 o meno sono tutti allo stesso livello<br \/>\n<\/span><span style=\"font-weight: 400\"><strong>Qual \u00e8 il tuo idolo, d\u2019infanzia e\/o attuale?<\/strong> Marcel Hirscher<br \/>\n<\/span><span style=\"font-weight: 400\"><strong>\u00c8 possibile collimare scuola e sport?<\/strong> S\u00ec<br \/>\n<\/span><span style=\"font-weight: 400\"><strong>Cos\u2019\u00e8 per te lo sci?<\/strong> Divertimento, salute, competizione, amicizia e sacrificio.<br \/>\n<\/span><span style=\"font-weight: 400\"><strong>Nel futuro ti vedi atleta, allenatore, Maestro o semplice appassionato?<\/strong> Atleta e\/o maestro<br \/>\n<\/span><span style=\"font-weight: 400\"><strong>Il classico sogno nel cassetto?<\/strong> Vincere una gara di Coppa del Mondo<br \/>\n<\/span><\/p>\n<div id=\"attachment_68513\" style=\"width: 360px\" class=\"wp-caption alignright\"><a href=\"http:\/\/comitati.fisi.org\/friuli-venezia-giulia\/wp-content\/uploads\/sites\/34\/2020\/03\/Robert-Downey-Jr.jpg\"><img loading=\"lazy\" decoding=\"async\" aria-describedby=\"caption-attachment-68513\" class=\"wp-image-68513\" src=\"http:\/\/comitati.fisi.org\/friuli-venezia-giulia\/wp-content\/uploads\/sites\/34\/2020\/03\/Robert-Downey-Jr-400x400.jpg\" alt=\"\" width=\"350\" height=\"352\" \/><\/a><p id=\"caption-attachment-68513\" class=\"wp-caption-text\">Robert Downey Jr<\/p><\/div>\n<p><span style=\"font-weight: 400\"><strong>Musica preferita?<\/strong> Rap\/trap<br \/>\n<\/span><span style=\"font-weight: 400\"><strong>Cantante\/gruppo preferito?<\/strong> Capo Plaza<br \/>\n<\/span><span style=\"font-weight: 400\"><strong>Serie tv preferita?<\/strong> <\/span><span style=\"font-size: 1rem\">Stranger Things<\/span><span style=\"font-size: 1rem\"><br \/>\n<\/span><span style=\"font-weight: 400\"><strong>Attore preferito?<\/strong> Robert Downey Jr<br \/>\n<\/span><span style=\"font-weight: 400\"><strong>Sport extrasci preferito?<\/strong> Calcio<br \/>\n<\/span><span style=\"font-weight: 400\"><strong>Sportivo extrasci preferito?<\/strong> Cristiano Ronaldo<br \/>\n<\/span><span style=\"font-weight: 400\"><strong>Hai qualche hobby?<\/strong> Downhill<br \/>\n<\/span><span style=\"font-weight: 400\"><strong>Social preferito?<\/strong> Instagram<br \/>\n<\/span><span style=\"font-weight: 400\"><strong>Il luogo pi\u00f9 bello che hai visitato<\/strong>: Roma<br \/>\n<\/span><span style=\"font-weight: 400\"><strong>Vorresti fare una vacanza a:<\/strong> Miami<\/span><\/p>\n<p><strong><br \/>\nLEGGI LE ALTRE SCHEDE<\/strong><\/p>\n<p><a href=\"https:\/\/www.fisifvg.org\/2020\/03\/27\/iosonofisifvg-lorenzo-solero\/\">LORENZO SOLERO<\/a><br \/>\n<a style=\"font-size: 1rem\" href=\"https:\/\/www.fisifvg.org\/2020\/03\/26\/iosonofisifvg-luca-sclisizzo\/\">LUCA SCLISIZZO<\/a><br \/>\n<a href=\"https:\/\/www.fisifvg.org\/2020\/03\/25\/iosonofisifvg-erika-pinzani\/\">ERIKA PINZANI<\/a><br \/>\n<a href=\"https:\/\/www.fisifvg.org\/2020\/03\/23\/iosonofisifvg-caterina-sinigoi\/\">CATERINA SINIGOI<\/a><\/p>\n","protected":false},"excerpt":{"rendered":"<p>Nuovo appuntamento con la rubrica che ci consente di conoscere meglio gli atleti del\u00a0Comitato FISI FVG<\/p>\n","protected":false},"author":4,"featured_media":62037,"comment_status":"closed","ping_status":"closed","sticky":false,"template":"","format":"standard","meta":{"_acf_changed":false,"footnotes":""},"categories":[10,15],"tags":[],"acf":[],"_links":{"self":[{"href":"https:\/\/comitati.fisi.org\/friuli-venezia-giulia\/wp-json\/wp\/v2\/posts\/68508"}],"collection":[{"href":"https:\/\/comitati.fisi.org\/friuli-venezia-giulia\/wp-json\/wp\/v2\/posts"}],"about":[{"href":"https:\/\/comitati.fisi.org\/friuli-venezia-giulia\/wp-json\/wp\/v2\/types\/post"}],"author":[{"embeddable":true,"href":"https:\/\/comitati.fisi.org\/friuli-venezia-giulia\/wp-json\/wp\/v2\/users\/4"}],"replies":[{"embeddable":true,"href":"https:\/\/comitati.fisi.org\/friuli-venezia-giulia\/wp-json\/wp\/v2\/comments?post=68508"}],"version-history":[{"count":0,"href":"https:\/\/comitati.fisi.org\/friuli-venezia-giulia\/wp-json\/wp\/v2\/posts\/68508\/revisions"}],"wp:featuredmedia":[{"embeddable":true,"href":"https:\/\/comitati.fisi.org\/friuli-venezia-giulia\/wp-json\/wp\/v2\/media\/62037"}],"wp:attachment":[{"href":"https:\/\/comitati.fisi.org\/friuli-venezia-giulia\/wp-json\/wp\/v2\/media?parent=68508"}],"wp:term":[{"taxonomy":"category","embeddable":true,"href":"https:\/\/comitati.fisi.org\/friuli-venezia-giulia\/wp-json\/wp\/v2\/categories?post=68508"},{"taxonomy":"post_tag","embeddable":true,"href":"https:\/\/comitati.fisi.org\/friuli-venezia-giulia\/wp-json\/wp\/v2\/tags?post=68508"}],"curies":[{"name":"wp","href":"https:\/\/api.w.org\/{rel}","templated":true}]}}