{"id":68496,"date":"2020-03-27T10:09:57","date_gmt":"2020-03-27T09:09:57","guid":{"rendered":"https:\/\/www.fisifvg.org\/?p=68496"},"modified":"2020-03-27T10:09:57","modified_gmt":"2020-03-27T09:09:57","slug":"iosonofisifvg-lorenzo-solero","status":"publish","type":"post","link":"https:\/\/comitati.fisi.org\/friuli-venezia-giulia\/blog\/2020\/03\/27\/iosonofisifvg-lorenzo-solero\/","title":{"rendered":"#IoSonoFisiFvg \u2013 LORENZO SOLERO"},"content":{"rendered":"<header class=\"entry-header\">\n<div class=\"entry-meta\"><span style=\"font-size: 1rem\">Nuovo appuntamento con la rubrica <\/span><strong style=\"font-size: 1rem\">#IoSonoFisiFvg,<\/strong><span style=\"font-size: 1rem\">\u00a0che ci consente di conoscere meglio gli atleti del\u00a0<\/span><strong style=\"font-size: 1rem\">Comitato FISI FVG.<\/strong><\/div>\n<\/header>\n<div class=\"entry-content clearfix\">\n<p>Oggi protagonista \u00e8\u00a0<strong>LORENZO SOLERO<\/strong>, squadra regionale di <strong>biathlon.<br \/>\n<span style=\"color: #ffffff\">.<\/span><\/strong><\/p>\n<p><span style=\"font-weight: 400\"><strong>Sci Club:<\/strong> Asd. Camosci<\/span><span style=\"font-weight: 400\"><br \/>\n<\/span><span style=\"font-weight: 400\"><strong>Dove vivi?<\/strong> Sappada<\/span><span style=\"font-weight: 400\"><br \/>\n<\/span><span style=\"font-weight: 400\"><strong>A che et\u00e0 hai messo per la prima volta gli sci ai piedi?<\/strong> Ho iniziato facendo sci alpino e la prima volta \u00e8 stato a 3 anni; poi a 10 mi sono appassionato allo sci di fondo<br \/>\n<\/span><span style=\"font-weight: 400\"><strong>Ti \u00e8 piaciuto subito il biathlon?<\/strong> Si<br \/>\n<\/span><span style=\"font-weight: 400\"><strong>Ti ricordi la prima gara?<\/strong> In val Ridanna, sparavo con l\u2019aria compressa. Ricordo bene il bel gruppo che si era formato e in parte \u00e8 anche per questo se mi sono appassionato al biathlon<\/span><span style=\"font-weight: 400\"><br \/>\n<\/span><\/p>\n<div id=\"attachment_62794\" style=\"width: 311px\" class=\"wp-caption alignleft\"><a href=\"http:\/\/comitati.fisi.org\/friuli-venezia-giulia\/wp-content\/uploads\/sites\/34\/2019\/11\/BIATHLON-2020-Lorenzo-Solero.jpg\"><img loading=\"lazy\" decoding=\"async\" aria-describedby=\"caption-attachment-62794\" class=\"wp-image-62794\" src=\"http:\/\/comitati.fisi.org\/friuli-venezia-giulia\/wp-content\/uploads\/sites\/34\/2019\/11\/BIATHLON-2020-Lorenzo-Solero-400x400.jpg\" alt=\"\" width=\"301\" height=\"401\" \/><\/a><p id=\"caption-attachment-62794\" class=\"wp-caption-text\">Lorenzo Solero<\/p><\/div>\n<p><span style=\"font-weight: 400\"><strong>Chi \u00e8 il tuo allenatore?<\/strong> Il mio allenatore nei Camosci \u00e8 Nicola Selenati, che mi ha cresciuto atleticamente da quando ho cominciato fino ad oggi in questo percorso sportivo. Poi ci sono i miei allenatori di biathlon di Comitato, Enrico Tach e Giuseppe Piller Cottrer; Enrico \u00e8 severo ma molto preparato per ci\u00f2 che riguarda la parte del tiro, Giuseppe ci fa allenare tanto sia mentalmente che fisicamente e questo mi ha fatto crescere molto sulla parte dello sci<br \/>\n<\/span><span style=\"font-weight: 400\"><strong>Dove credi di dover migliorare?<\/strong> Sicuramente nell\u2019atteggiamento in gara<br \/>\n<\/span><span style=\"font-weight: 400\"><strong>Qual \u00e8 l\u2019impianto pi\u00f9 bello nel quale hai gareggiato? <\/strong>Anterselva<\/span><span style=\"font-weight: 400\"><br \/>\n<\/span><span style=\"font-weight: 400\"><strong>E quello nel quale un giorno vorresti disputare una gara? <\/strong>Rispondo sempre Anterselva<\/span><span style=\"font-weight: 400\"><br \/>\n<\/span><span style=\"font-weight: 400\"><strong>La miglior gara della tua vita quando e dove \u00e8 stata<\/strong>? Campionati italiani estivi a settembre del 2019, mi sono classificato primo nella gara sprint<br \/>\n<\/span><span style=\"font-weight: 400\"><strong>Chi \u00e8 l\u2019amico del cuore? <\/strong>Fabio Piller Cotter: assieme a lui ho cominciato a fare sia biathlon che sci di fondo <\/span><span style=\"font-weight: 400\"><br \/>\n<\/span><span style=\"font-weight: 400\"><strong>Qual \u00e8 il tuo idolo, d\u2019infanzia e\/o attuale?<\/strong> Da piccolo, ma anche tuttora, ammiro molto Martin Fourcade, ritiratosi proprio al termine di questa stagione<\/span><span style=\"font-weight: 400\"><br \/>\n<\/span><span style=\"font-weight: 400\"><strong>\u00c8 possibile collimare scuola e sport?<\/strong> Si: \u00e8 impegnativo anche perch\u00e8 a fine giornata si arriva a casa stanchi, per\u00f2 \u00e8 fattibile<br \/>\n<\/span><span style=\"font-weight: 400\"><strong>Cos\u2019\u00e8 per te il biathlon?<\/strong> Il biathlon, cos\u00ec come gli altri sport, \u00e8 una scuola di vita; \u00e8 proprio praticandolo che si entra da persone mature all\u2019interno della societ\u00e0, con alla base il rispetto delle regole che si insegna in ogni sport <\/span><span style=\"font-weight: 400\"><br \/>\n<\/span><span style=\"font-weight: 400\"><strong>Nel futuro ti vedi atleta, allenatore o semplice appassionato?<\/strong> Io spero e mi sto impegnando per diventare atleta e questo per ora \u00e8 il mio obiettivo principale. Se non dovesse andare bene, potrei scegliere la strada di allenatore o comunque un\u2019altro mestiere inerente con lo sport<\/span><span style=\"font-weight: 400\"><br \/>\n<\/span><\/p>\n<div id=\"attachment_68501\" style=\"width: 411px\" class=\"wp-caption alignright\"><a href=\"http:\/\/comitati.fisi.org\/friuli-venezia-giulia\/wp-content\/uploads\/sites\/34\/2020\/03\/4534457_1757_l_attimofuggente.jpg\"><img loading=\"lazy\" decoding=\"async\" aria-describedby=\"caption-attachment-68501\" class=\"wp-image-68501\" src=\"http:\/\/comitati.fisi.org\/friuli-venezia-giulia\/wp-content\/uploads\/sites\/34\/2020\/03\/4534457_1757_l_attimofuggente-400x400.jpg\" alt=\"\" width=\"401\" height=\"220\" \/><\/a><p id=\"caption-attachment-68501\" class=\"wp-caption-text\">&#8220;L&#8217;attimo fuggente&#8221; con Robin Williams<\/p><\/div>\n<p><span style=\"font-weight: 400\"><strong>Il classico sogno nel cassetto? <\/strong>Per ora il mio sogno \u00e8 quello di entrare in qualche gruppo sportivo e magari in un futuro vincere una Medaglia alle Olimpiadi, ma ovviamente per arrivare a tutto questo c\u2019\u00e8 bisogno di tanto lavoro e anche un pizzico di fortuna<br \/>\n<\/span><span style=\"font-weight: 400\"><strong>Musica preferita?<\/strong> Quella degli anni &#8217;90 e 2000<\/span><span style=\"font-weight: 400\"><br \/>\n<\/span><span style=\"font-weight: 400\"><strong>Cantante\/gruppo preferito?<\/strong> Queen <\/span><span style=\"font-weight: 400\"><br \/>\n<\/span><span style=\"font-weight: 400\"><strong>Film preferito?<\/strong> L\u2019attimo fuggente<br \/>\n<\/span><span style=\"font-weight: 400\"><strong>Attore preferito? <\/strong>Robin Williams<br \/>\n<\/span><span style=\"font-weight: 400\"><strong>Sport extrasci preferito?<\/strong> Calcio<\/span><span style=\"font-weight: 400\"><br \/>\n<\/span><span style=\"font-weight: 400\"><strong>Sportivo extrasci preferito?<\/strong> Usain Bolt<\/span><span style=\"font-weight: 400\"><br \/>\n<\/span><span style=\"font-weight: 400\"><strong>Hai qualche hobby?<\/strong> Riposare va bene come hobby?\u00a0<\/span><span style=\"font-weight: 400\"><br \/>\n<\/span><span style=\"font-weight: 400\"><strong>Social preferito?<\/strong> Instagram<\/span><span style=\"font-weight: 400\"><br \/>\n<\/span><span style=\"font-weight: 400\"><strong>Il luogo pi\u00f9 bello che hai visitato<\/strong>: Isola d\u2019Elba<\/span><span style=\"font-weight: 400\"><br \/>\n<\/span><span style=\"font-weight: 400\"><strong>Vorresti fare una vacanza a:<\/strong>\u00a0California<\/span><\/p>\n<p><strong><br \/>\nLEGGI LE ALTRE SCHEDE<\/strong><\/p>\n<p><a href=\"https:\/\/www.fisifvg.org\/2020\/03\/26\/iosonofisifvg-luca-sclisizzo\/\">LUCA SCLISIZZO<\/a><br \/>\n<a href=\"https:\/\/www.fisifvg.org\/2020\/03\/25\/iosonofisifvg-erika-pinzani\/\">ERIKA PINZANI<\/a><br \/>\n<a href=\"https:\/\/www.fisifvg.org\/2020\/03\/23\/iosonofisifvg-caterina-sinigoi\/\">CATERINA SINIGOI<\/a><\/p>\n<\/div>\n","protected":false},"excerpt":{"rendered":"<p>Nuovo appuntamento con la rubrica che ci consente di conoscere meglio gli atleti del\u00a0Comitato FISI FVG<\/p>\n","protected":false},"author":4,"featured_media":64220,"comment_status":"closed","ping_status":"closed","sticky":false,"template":"","format":"standard","meta":{"_acf_changed":false,"footnotes":""},"categories":[13,10],"tags":[],"acf":[],"_links":{"self":[{"href":"https:\/\/comitati.fisi.org\/friuli-venezia-giulia\/wp-json\/wp\/v2\/posts\/68496"}],"collection":[{"href":"https:\/\/comitati.fisi.org\/friuli-venezia-giulia\/wp-json\/wp\/v2\/posts"}],"about":[{"href":"https:\/\/comitati.fisi.org\/friuli-venezia-giulia\/wp-json\/wp\/v2\/types\/post"}],"author":[{"embeddable":true,"href":"https:\/\/comitati.fisi.org\/friuli-venezia-giulia\/wp-json\/wp\/v2\/users\/4"}],"replies":[{"embeddable":true,"href":"https:\/\/comitati.fisi.org\/friuli-venezia-giulia\/wp-json\/wp\/v2\/comments?post=68496"}],"version-history":[{"count":0,"href":"https:\/\/comitati.fisi.org\/friuli-venezia-giulia\/wp-json\/wp\/v2\/posts\/68496\/revisions"}],"wp:featuredmedia":[{"embeddable":true,"href":"https:\/\/comitati.fisi.org\/friuli-venezia-giulia\/wp-json\/wp\/v2\/media\/64220"}],"wp:attachment":[{"href":"https:\/\/comitati.fisi.org\/friuli-venezia-giulia\/wp-json\/wp\/v2\/media?parent=68496"}],"wp:term":[{"taxonomy":"category","embeddable":true,"href":"https:\/\/comitati.fisi.org\/friuli-venezia-giulia\/wp-json\/wp\/v2\/categories?post=68496"},{"taxonomy":"post_tag","embeddable":true,"href":"https:\/\/comitati.fisi.org\/friuli-venezia-giulia\/wp-json\/wp\/v2\/tags?post=68496"}],"curies":[{"name":"wp","href":"https:\/\/api.w.org\/{rel}","templated":true}]}}