{"id":68451,"date":"2020-03-23T10:11:57","date_gmt":"2020-03-23T09:11:57","guid":{"rendered":"https:\/\/www.fisifvg.org\/?p=68451"},"modified":"2020-03-23T10:11:57","modified_gmt":"2020-03-23T09:11:57","slug":"iosonofisifvg-caterina-sinigoi","status":"publish","type":"post","link":"https:\/\/comitati.fisi.org\/friuli-venezia-giulia\/blog\/2020\/03\/23\/iosonofisifvg-caterina-sinigoi\/","title":{"rendered":"#IoSonoFisiFvg &#8211; CATERINA SINIGOI"},"content":{"rendered":"<p>Prende il via oggi una nuova rubrica, <strong>#IoSonoFisiFvg,<\/strong> che consentir\u00e0 di conoscere meglio gli atleti del <strong>Comitato FISI FVG.<\/strong><\/p>\n<p>Partiamo con<strong> CATERINA SINIGOI<\/strong>, squadra femminile di<strong> sci alpino.<\/strong><\/p>\n<div id=\"attachment_65443\" style=\"width: 410px\" class=\"wp-caption alignright\"><a href=\"https:\/\/www.fisifvg.org\/wp-content\/uploads\/2020\/01\/ALPINO-2020-Caterina-Sinigoi-1.jpg\"><img loading=\"lazy\" decoding=\"async\" aria-describedby=\"caption-attachment-65443\" class=\"wp-image-65443\" src=\"https:\/\/www.fisifvg.org\/wp-content\/uploads\/2020\/01\/ALPINO-2020-Caterina-Sinigoi-1-400x400.jpg\" alt=\"\" width=\"400\" height=\"205\" \/><\/a><p id=\"caption-attachment-65443\" class=\"wp-caption-text\">Caterina Sinigoi in azione<\/p><\/div>\n<p><span style=\"font-weight: 400\"><strong>Sci Club:<\/strong> SK Devin<\/span><span style=\"font-weight: 400\"><br \/>\n<\/span><span style=\"font-weight: 400\"><strong>Dove vivi?<\/strong> Aurisina\u00a0<\/span><span style=\"font-weight: 400\"><br \/>\n<\/span><span style=\"font-weight: 400\"><strong>A che et\u00e0 hai messo per la prima volta gli sci ai piedi?<\/strong> A tre anni e mezzo<br \/>\n<\/span><span style=\"font-weight: 400\"><strong>Ti \u00e8 piaciuto subito?<\/strong> S\u00ec<br \/>\n<\/span><span style=\"font-weight: 400\"><strong>Hai praticato altre discipline invernali?<\/strong> No<\/span><span style=\"font-weight: 400\"><br \/>\n<\/span><span style=\"font-weight: 400\"><strong>Ti ricordi la prima gara?<\/strong> A Tarvisio, si trattava di una manifestazione promozionale, mi sono rimaste in mente le premiazioni<\/span><span style=\"font-weight: 400\"><br \/>\n<\/span><span style=\"font-weight: 400\"><strong>Chi \u00e8 il tuo allenatore?<\/strong> A<\/span><span style=\"font-weight: 400\">les Sever e mi allena da 10 anni. Per tutta la squadra ha impostato un programma che prevede lavoro duro e costanza. \u00c8 molto preciso e puntiglioso e pretende, giustamente, che gli atleti si impegnino almeno quanto si impegna lui. Mi aiuta molto anche con la preparazione atletica<br \/>\n<\/span><span style=\"font-weight: 400\"><strong>Dove credi di dover migliorare?<\/strong>\u00a0<\/span><span style=\"font-weight: 400\">Nell&#8217;aspetto psicologico\/mentale<\/span><span style=\"font-weight: 400\"><br \/>\n<\/span><span style=\"font-weight: 400\"><strong>Qual \u00e8 la pista pi\u00f9 bella nella quale hai gareggiato?<\/strong> Quella di <\/span><span style=\"font-weight: 400\">Gressoney<\/span><span style=\"font-weight: 400\"><br \/>\n<\/span><span style=\"font-weight: 400\"><strong>E quella dove un giorno vorresti correre<\/strong>? A <\/span><span style=\"font-weight: 400\">Zagabria<\/span><span style=\"font-weight: 400\"><br \/>\n<\/span><span style=\"font-weight: 400\"><strong>La miglior gara della tua vita quando e dove \u00e8 stata?<\/strong>\u00a0<\/span><span style=\"font-weight: 400\">All&#8217;Abetone (2017) e all&#8217;Alpe Cimbra (2018)<br \/>\n<\/span><span style=\"font-weight: 400\"><strong>Chi \u00e8 l\u2019amico del cuore?<\/strong>\u00a0<\/span><span style=\"font-weight: 400\">La mia compagna di squadra Chiara Valdemarin<\/span><span style=\"font-weight: 400\"><br \/>\n<\/span><span style=\"font-weight: 400\"><strong>Qual \u00e8 il tuo idolo, d\u2019infanzia e\/o attuale?<\/strong>\u00a0<\/span><span style=\"font-weight: 400\">\u00c8 sempre stata Lindsey Vonn<\/span><span style=\"font-weight: 400\"><br \/>\n<\/span><span style=\"font-weight: 400\"><strong>\u00c8 possibile collimare scuola e sport?<\/strong>\u00a0<\/span><span style=\"font-weight: 400\">S\u00ec, ma con tanto sacrificio<br \/>\n<\/span><strong>Cos\u2019\u00e8 per te lo sci? <\/strong><span style=\"font-weight: 400\">\u00c8 una grande passione che mi d\u00e0 sensazioni di libert\u00e0, oltre ad essere una sfida con me stessa<\/span><span style=\"font-weight: 400\"><br \/>\n<\/span><\/p>\n<div id=\"attachment_68456\" style=\"width: 411px\" class=\"wp-caption alignleft\"><a href=\"http:\/\/comitati.fisi.org\/friuli-venezia-giulia\/wp-content\/uploads\/sites\/34\/2020\/03\/la-casa-di-carta-4-maxw-824.jpg\"><img loading=\"lazy\" decoding=\"async\" aria-describedby=\"caption-attachment-68456\" class=\"wp-image-68456\" src=\"http:\/\/comitati.fisi.org\/friuli-venezia-giulia\/wp-content\/uploads\/sites\/34\/2020\/03\/la-casa-di-carta-4-maxw-824-400x400.jpg\" alt=\"\" width=\"401\" height=\"258\" \/><\/a><p id=\"caption-attachment-68456\" class=\"wp-caption-text\">La casa di carta<\/p><\/div>\n<p><span style=\"font-weight: 400\"><strong>Nel futuro ti vedi atleta, allenatrice, Maestra o semplice appassionata?<\/strong> <\/span><span style=\"font-weight: 400\">Atleta <\/span><span style=\"font-weight: 400\"><br \/>\n<\/span><span style=\"font-weight: 400\"><strong>Il classico sogno nel cassetto?<\/strong>\u00a0<\/span><span style=\"font-weight: 400\">Partecipare alle Olimpiadi e ai Mondiali. Magari anche vincerli&#8230;<br \/>\n<\/span><strong>Musica preferita? <\/strong><span style=\"font-weight: 400\">Indie e pop<\/span><span style=\"font-weight: 400\"><br \/>\n<\/span><span style=\"font-weight: 400\"><strong>Cantante\/gruppo preferito?<\/strong>\u00a0<\/span><span style=\"font-weight: 400\">Coldplay <\/span><span style=\"font-weight: 400\"><br \/>\n<\/span><span style=\"font-weight: 400\"><strong>Serie tv preferita?<\/strong> &#8220;La c<\/span><span style=\"font-weight: 400\">asa di carta&#8221; e &#8220;Gossip Girl&#8221;<br \/>\n<\/span><strong>Attore preferito?\u00a0<\/strong><span style=\"font-weight: 400\">Meryl Streep<\/span><span style=\"font-weight: 400\"><br \/>\n<\/span><strong>Sport extrasci preferito?\u00a0<\/strong><span style=\"font-weight: 400\">Vela<\/span><span style=\"font-weight: 400\"><br \/>\n<\/span><span style=\"font-weight: 400\"><strong>Sportivo extrasci preferito?<\/strong>\u00a0<\/span><span style=\"font-weight: 400\">Marc Marquez <\/span><span style=\"font-weight: 400\"><br \/>\n<\/span><strong>Hai qualche hobby?\u00a0<\/strong><span style=\"font-weight: 400\">Fare i dolci<\/span><span style=\"font-weight: 400\"><br \/>\n<\/span><strong>Social preferito?\u00a0<\/strong><span style=\"font-weight: 400\">Instagram<\/span><span style=\"font-weight: 400\"><br \/>\n<\/span><span style=\"font-weight: 400\"><strong>Il luogo pi\u00f9 bello che hai visitato? <\/strong><\/span><span style=\"font-weight: 400\">Sardegna<\/span><span style=\"font-weight: 400\"><br \/>\n<\/span><strong>Vorresti<\/strong><strong>\u00a0fare una vacanza a: <\/strong><span style=\"font-weight: 400\">Antigua<\/span><span style=\"font-weight: 400\"><br \/>\n<\/span><\/p>\n","protected":false},"excerpt":{"rendered":"<p>Prende il via oggi una nuova rubrica, che consentir\u00e0 di conoscere meglio gli atleti del Comitato FISI FVG<\/p>\n","protected":false},"author":4,"featured_media":65426,"comment_status":"closed","ping_status":"closed","sticky":false,"template":"","format":"standard","meta":{"_acf_changed":false,"footnotes":""},"categories":[10,15],"tags":[],"acf":[],"_links":{"self":[{"href":"https:\/\/comitati.fisi.org\/friuli-venezia-giulia\/wp-json\/wp\/v2\/posts\/68451"}],"collection":[{"href":"https:\/\/comitati.fisi.org\/friuli-venezia-giulia\/wp-json\/wp\/v2\/posts"}],"about":[{"href":"https:\/\/comitati.fisi.org\/friuli-venezia-giulia\/wp-json\/wp\/v2\/types\/post"}],"author":[{"embeddable":true,"href":"https:\/\/comitati.fisi.org\/friuli-venezia-giulia\/wp-json\/wp\/v2\/users\/4"}],"replies":[{"embeddable":true,"href":"https:\/\/comitati.fisi.org\/friuli-venezia-giulia\/wp-json\/wp\/v2\/comments?post=68451"}],"version-history":[{"count":0,"href":"https:\/\/comitati.fisi.org\/friuli-venezia-giulia\/wp-json\/wp\/v2\/posts\/68451\/revisions"}],"wp:featuredmedia":[{"embeddable":true,"href":"https:\/\/comitati.fisi.org\/friuli-venezia-giulia\/wp-json\/wp\/v2\/media\/65426"}],"wp:attachment":[{"href":"https:\/\/comitati.fisi.org\/friuli-venezia-giulia\/wp-json\/wp\/v2\/media?parent=68451"}],"wp:term":[{"taxonomy":"category","embeddable":true,"href":"https:\/\/comitati.fisi.org\/friuli-venezia-giulia\/wp-json\/wp\/v2\/categories?post=68451"},{"taxonomy":"post_tag","embeddable":true,"href":"https:\/\/comitati.fisi.org\/friuli-venezia-giulia\/wp-json\/wp\/v2\/tags?post=68451"}],"curies":[{"name":"wp","href":"https:\/\/api.w.org\/{rel}","templated":true}]}}