{"id":68392,"date":"2020-03-13T16:35:43","date_gmt":"2020-03-13T15:35:43","guid":{"rendered":"https:\/\/www.fisifvg.org\/?p=68392"},"modified":"2020-03-13T16:35:43","modified_gmt":"2020-03-13T15:35:43","slug":"brava-lisa-vittozzi-e-quarta-nella-75-km-sprint-di-kontiolahti","status":"publish","type":"post","link":"https:\/\/comitati.fisi.org\/friuli-venezia-giulia\/blog\/2020\/03\/13\/brava-lisa-vittozzi-e-quarta-nella-75-km-sprint-di-kontiolahti\/","title":{"rendered":"Brava Lisa Vittozzi, \u00e8 quarta nella 7,5 km sprint di Kontiolahti"},"content":{"rendered":"<p>Ottima prova di Lisa Vittozzi nella 7.5 km sprint di Kontiolathi, in Finlandia, ultima tappa della Coppa del Mondo di biathlon dopo l&#8217;annullamento delle gare di Oslo.<\/p>\n<p>La 25enne sappadina si \u00e8 piazzata quarta mancando il podio per soli 4&#8243;8, commettendo un errore nella seconda serie, senza il quale sarebbe giunta seconda. Vero \u00e8, per\u00f2, che il doppio zero oggi \u00e8 stata una rarit\u00e0 anche per le condizioni meteo, con neve e vento.<\/p>\n<p>Il successo \u00e8 andato alla tedesca Denise Herrmann (1) con 20&#8243;1 sulla connazione Preuss (1) e 32&#8243;3 sulla norvegese Eckhoff (2); Lisa ha chiuso quarta a 37&#8243;1.<\/p>\n<p>Dorothea Wierer \u00e8 giunta 19a a 1&#8217;19&#8221; commettendo tre errori; l&#8217;azzurra resta in testa alla classifica generale, con la Eckhoff\u00a0 che per\u00f2 ora \u00e8 molto vicina.<\/p>\n<p>Sabato alle 15.45 la 10 km ad inseguimento, ultima gara della stagione, visto che le due staffette di domenica sono state cancellate.<\/p>\n<p><a href=\"https:\/\/www.biathlonworld.com\/competitions\/world-cup\/events\/bmw-ibu-world-cup-biathlon-kontiolahti-1920\/bt1920swrlcp08\/race\/women-75-km-sprint\/bt1920swrlcp08swsp\/\">CLASSIFICA<\/a><\/p>\n","protected":false},"excerpt":{"rendered":"<p>La sappadina, che ha commesso un errore al poligono, ha chiuso a soli 4&#8243;8 dal podio<\/p>\n","protected":false},"author":4,"featured_media":66949,"comment_status":"closed","ping_status":"closed","sticky":false,"template":"","format":"standard","meta":{"_acf_changed":false,"footnotes":""},"categories":[13,10],"tags":[],"acf":[],"_links":{"self":[{"href":"https:\/\/comitati.fisi.org\/friuli-venezia-giulia\/wp-json\/wp\/v2\/posts\/68392"}],"collection":[{"href":"https:\/\/comitati.fisi.org\/friuli-venezia-giulia\/wp-json\/wp\/v2\/posts"}],"about":[{"href":"https:\/\/comitati.fisi.org\/friuli-venezia-giulia\/wp-json\/wp\/v2\/types\/post"}],"author":[{"embeddable":true,"href":"https:\/\/comitati.fisi.org\/friuli-venezia-giulia\/wp-json\/wp\/v2\/users\/4"}],"replies":[{"embeddable":true,"href":"https:\/\/comitati.fisi.org\/friuli-venezia-giulia\/wp-json\/wp\/v2\/comments?post=68392"}],"version-history":[{"count":0,"href":"https:\/\/comitati.fisi.org\/friuli-venezia-giulia\/wp-json\/wp\/v2\/posts\/68392\/revisions"}],"wp:featuredmedia":[{"embeddable":true,"href":"https:\/\/comitati.fisi.org\/friuli-venezia-giulia\/wp-json\/wp\/v2\/media\/66949"}],"wp:attachment":[{"href":"https:\/\/comitati.fisi.org\/friuli-venezia-giulia\/wp-json\/wp\/v2\/media?parent=68392"}],"wp:term":[{"taxonomy":"category","embeddable":true,"href":"https:\/\/comitati.fisi.org\/friuli-venezia-giulia\/wp-json\/wp\/v2\/categories?post=68392"},{"taxonomy":"post_tag","embeddable":true,"href":"https:\/\/comitati.fisi.org\/friuli-venezia-giulia\/wp-json\/wp\/v2\/tags?post=68392"}],"curies":[{"name":"wp","href":"https:\/\/api.w.org\/{rel}","templated":true}]}}